{"id":276719,"date":"2025-07-27T05:23:15","date_gmt":"2025-07-27T05:23:15","guid":{"rendered":"https:\/\/www.europesays.com\/fr\/276719\/"},"modified":"2025-07-27T05:23:15","modified_gmt":"2025-07-27T05:23:15","slug":"tour-de-france-a-plumelec-les-filles-font-le-spectacle-comme-les-hommes-en-images","status":"publish","type":"post","link":"https:\/\/www.europesays.com\/fr\/276719\/","title":{"rendered":"Tour de France\u00a0: \u00e0 Plumelec, \u00ab\u00a0les filles font le spectacle\u00a0\u00bb comme les hommes [En images]"},"content":{"rendered":"<p>C\u2019est un long ruban humain bigarr\u00e9 et joyeux, portant casquettes, bobs, Gwenn ha Du et chaises pliables qui s\u2019est soulev\u00e9 sur les deux bas-c\u00f4t\u00e9s de la mont\u00e9e de Cadoudal, qualifi\u00e9e de \u00ab terrain punchy \u00bb, par Marion Rousse, directrice du tour de France f\u00e9minin.<\/p>\n<p>\u00ab On ne les voit pas encore assez \u00bb<\/p>\n<p>Le public ne manquait pas non plus de tonus. En premi\u00e8re ligne, Bernard. Il r\u00e9side l\u00e0, au sommet, au \u00ab 28 La Forge \u00bb. Il a convi\u00e9 \u00ab (ses) potes de boulot \u00bb, Yohann, Mika, Fred, Jacky et Laurent. Pour ces fid\u00e8les du grand prix cycliste f\u00e9minin de Plumelec, c\u2019\u00e9tait une \u00e9vidence d\u2019\u00eatre l\u00e0 pour encourager Marie le Net et Maur\u00e8ne Tr\u00e9go\u00ebt, la native de Plo\u00ebrmel. Leurs proches voisins ? Six militants CGT, arrim\u00e9s \u00e0 leur stand, \u00e0 un coude avant la c\u00f4te. \u00ab Dans le foot, le cyclisme, le rugby, les femmes brillent, mais on ne les voit pas encore assez par rapport aux hommes. Et les salaires ne sont pas encore les m\u00eames ! \u00bb, se fait entendre Fran\u00e7oise Guiot, secr\u00e9taire de l\u2019Union Locale de Vannes.<\/p>\n<p><img decoding=\"async\" src=\"https:\/\/www.europesays.com\/fr\/wp-content\/uploads\/2025\/07\/68852549629d7c5e2401b222.1.jpeg\" width=\"480\" height=\"300\" class=\"web_golden_m\" loading=\"lazy\" alt=\"Bernard, \u00e0 domicile, et ses \u00ab\u00a0potes de boulot\u00a0\u00bb, Yohann, Mika, Fred, Jacky et Laurent.\"\/>Bernard, \u00e0 domicile, et ses \u00ab\u00a0potes de boulot\u00a0\u00bb, Yohann, Mika, Fred, Jacky et Laurent. (Le T\u00e9l\u00e9gramme\/Thierry Charpentier)\u00ab Autant de m\u00e9rite que les hommes \u00bb<\/p>\n<p>Anne-Marie et Emile, retrait\u00e9s, ont pris la route, ce samedi, depuis Mor\u00e9ac (56), pour applaudir les f\u00e9minines. Leur camping-car se rep\u00e8re de loin, recouvert d\u2019une fresque arborant une bigoud\u00e8ne p\u00e9dalant dur, juch\u00e9e sur un v\u00e9lo dont des Triskell font office de roues. \u00ab Les femmes ont autant de m\u00e9rite que les hommes, et on peut plus facilement les approcher \u00bb, assure Anne-Marie. Elle sort un classeur, bourr\u00e9 d\u2019autographes. Elle comptait bien obtenir quelques griffes suppl\u00e9mentaires parmi les 154 concurrentes.<\/p>\n<p><img decoding=\"async\" src=\"https:\/\/www.europesays.com\/fr\/wp-content\/uploads\/2025\/07\/68852549c4029ceba30b6f82.1.jpeg\" width=\"480\" height=\"300\" class=\"web_golden_m\" loading=\"lazy\" alt=\"Anne-Marie et Emile, de Mor\u00e9ac, fans de cyclisme f\u00e9minin et chasseurs d\u2019autographes.\"\/>Anne-Marie et Emile, de Mor\u00e9ac, fans de cyclisme f\u00e9minin et chasseurs d\u2019autographes. (Le T\u00e9l\u00e9gramme\/Thierry Charpentier)\u00ab Elles animaient la course ! \u00bb<\/p>\n<p>Micka\u00ebl, Yohann, Malo, B\u00e9atrice, La\u00ebtitia et Audrey ont d\u00e9ball\u00e9 le pique-nique \u00e0 quelques m\u00e8tres de l\u2019arriv\u00e9e. Ils sont originaires de La M\u00e9augon et P\u00e9dernec (22), et ont eux aussi un discours militant : \u00ab Le cyclisme f\u00e9minin rattrape son retard. Les mentalit\u00e9s \u00e9voluent. L\u2019UCI a fait beaucoup pour \u00e7a, il faut quand m\u00eame le dire. Nous, on a couru en amateur avec Aude Biannic, Audrey Cordon-Ragot et Julie Bresset. Elles animaient la course ! \u00bb. Ils sont l\u00e0 pour soutenir \u00ab nos neuf Bretonnes \u00bb, et particuli\u00e8rement Elyne Roussel.<\/p>\n<p><img decoding=\"async\" src=\"https:\/\/www.europesays.com\/fr\/wp-content\/uploads\/2025\/07\/688525496c19c7754a07e222.1.jpeg\" width=\"480\" height=\"300\" class=\"web_golden_m\" loading=\"lazy\" alt=\"Les costarmoricains Micka\u00ebl, Yohann, Malo, B\u00e9atrice, La\u00ebtitia et Audrey\u00a0: \u00ab\u00a0Le cyclisme f\u00e9minin rattrape son retard\u00a0\u00bb.\"\/>Les costarmoricains Micka\u00ebl, Yohann, Malo, B\u00e9atrice, La\u00ebtitia et Audrey\u00a0: \u00ab\u00a0Le cyclisme f\u00e9minin rattrape son retard\u00a0\u00bb. (Le T\u00e9l\u00e9gramme\/Thierry Charpentier)\u00ab Les filles font le spectacle \u00bb<\/p>\n<p>Gwena\u00eblle, 9 ans, et son petit fr\u00e8re Bilal sont lov\u00e9s contre leur p\u00e8re, Cl\u00e9ment, qui leur lit une BD pour tuer le temps. \u00ab Le tour de France masculin est pass\u00e9 pr\u00e8s de chez nous, \u00e0 \u00c9vran (22). On s\u2019est dit, tiens, on va s\u2019organiser pour venir voir les filles \u00bb, raconte le papa. Gwena\u00eblle, qui a d\u00e9j\u00e0 un v\u00e9lo de course, trouve \u00ab injuste que les hommes courent avant les femmes \u00bb. Cl\u00e9ment a un sourire de connivence. Il est sur la m\u00eame ligne : \u00ab Foot, rugby, v\u00e9lo\u2026 Les filles font le spectacle. Elles devraient avoir le m\u00eame salaire \u00bb.<\/p>\n<p><img decoding=\"async\" src=\"https:\/\/www.europesays.com\/fr\/wp-content\/uploads\/2025\/07\/68852548c4029ceba30b6f81.1.jpeg\" width=\"480\" height=\"300\" class=\"web_golden_m\" loading=\"lazy\" alt=\"Gwena\u00eblle, 9 ans, et son petit fr\u00e8re Bilal sont lov\u00e9s contre leur p\u00e8re, Cl\u00e9ment\u00a0: \u00ab\u00a0Foot, rugby, v\u00e9lo\u2026 Les filles font le spectacle\u00a0!\u00a0\u00bb.\"\/>Gwena\u00eblle, 9 ans, et son petit fr\u00e8re Bilal sont lov\u00e9s contre leur p\u00e8re, Cl\u00e9ment\u00a0: \u00ab\u00a0Foot, rugby, v\u00e9lo\u2026 Les filles font le spectacle\u00a0!\u00a0\u00bb. (Le T\u00e9l\u00e9gramme\/Thierry Charpentier)\u00ab Encore plus de respect \u00bb<\/p>\n<p>\u00c0 350 m en amont de l\u2019arriv\u00e9e, Daniel et Sylviane Laurenceau, venus de Picardie, ont le regard presque fi\u00e9vreux. \u00ab Pardi, on est dans le v\u00e9lo ! \u00bb, s\u2019exclame Daniel. L\u2019une de leurs deux filles, Sophie \u00c9vrard, a m\u00eame \u00e9t\u00e9 trois fois championne du monde. Ils bataillent pour que les f\u00e9minines \u00ab obtiennent encore plus de respect. Une fois les courses termin\u00e9es, beaucoup doivent retourner travailler. Notre fille a toujours boss\u00e9 pour pouvoir courir ! Pour faire les championnats du monde, elle avait fait un appel aux dons pour boucler son budget \u00bb.<\/p>\n<p>\u00ab Il faut \u00eatre tenace \u00bb<\/p>\n<p>Les joues de Jasmine, 10 ans, ont pris des teintes bleu blanc rouge. Elle est venue de Languidic (56) avec son papa, Antoine, f\u00e9ru de VTT, qui a un petit faible pour Pauline F\u00e9rand Pr\u00e9vot. Il constate \u00ab une \u00e9volution des mentalit\u00e9s en faveur du sport f\u00e9minin \u00bb. Lui cherche d\u2019abord \u00ab \u00e0 donner le go\u00fbt de l\u2019effort physique \u00bb \u00e0 sa fille. \u00c0 quelques m\u00e8tres de l\u00e0, une immense fresque des agriculteurs de la FDSEA. \u00ab Tous les m\u00e9tiers, et tous les sports, sont accessibles aux femmes. Il faut \u00eatre tenace \u00bb, professe Marie-Andr\u00e9e Luherne, pr\u00e9sidente de la FDSEA 56.<\/p>\n<p><img decoding=\"async\" src=\"https:\/\/www.europesays.com\/fr\/wp-content\/uploads\/2025\/07\/68852548303f4bb56702e6c2.1.jpeg\" width=\"480\" height=\"300\" class=\"web_golden_m\" loading=\"lazy\" alt=\"Jasmine et son papa, Antoine, f\u00e9ru de VTT, qui veut, lui, inculquer avant tout le go\u00fbt de l\u2019effort physique.\"\/>Jasmine et son papa, Antoine, f\u00e9ru de VTT, qui veut, lui, inculquer avant tout le go\u00fbt de l\u2019effort physique. (Le T\u00e9l\u00e9gramme\/Thierry Charpentier)\u00ab On va y arriver ! \u00bb<\/p>\n<p>\u00c0 mi-c\u00f4te, le bitume a \u00e9t\u00e9 recouvert de slogans \u00e0 la gloire de Marie le Net, la coureuse de Br\u00e9han. Ma\u00ebline, 10 ans, a roul\u00e9 sur ce tron\u00e7on, en participant \u00e0 la course des 10-11 ans organis\u00e9e en pr\u00e9lude au d\u00e9part de l\u2019\u00e9tape. Elle \u00e9tait la seule fille dans cette tranche d\u2019\u00e2ge. \u00ab Elle aimerait bien avoir plus de copines \u00e0 faire du v\u00e9lo \u00bb, t\u00e9moigne Sabrina, sa maman, qui pressent qu\u2019un d\u00e9clic a eu lieu. \u00ab Dans la vie professionnelle, il y a encore du chemin \u00e0 parcourir, mais on va y arriver ! \u00bb, souffle-t-elle \u00e0 Ma\u00ebline.<\/p>\n","protected":false},"excerpt":{"rendered":"C\u2019est un long ruban humain bigarr\u00e9 et joyeux, portant casquettes, bobs, Gwenn ha Du et chaises pliables qui&hellip;\n","protected":false},"author":2,"featured_media":276720,"comment_status":"","ping_status":"","sticky":false,"template":"","format":"standard","meta":{"footnotes":""},"categories":[1411],"tags":[829,1154,207,1011,27,3729,18762,60,210,11098],"class_list":{"0":"post-276719","1":"post","2":"type-post","3":"status-publish","4":"format-standard","5":"has-post-thumbnail","7":"category-cyclisme","8":"tag-bretagne","9":"tag-cycling","10":"tag-cyclisme","11":"tag-fr","12":"tag-france","13":"tag-morbihan","14":"tag-plumelec","15":"tag-sports","16":"tag-tour-de-france","17":"tag-tour-de-france-femmes"},"share_on_mastodon":{"url":"https:\/\/pubeurope.com\/@fr\/114923530178568120","error":""},"_links":{"self":[{"href":"https:\/\/www.europesays.com\/fr\/wp-json\/wp\/v2\/posts\/276719","targetHints":{"allow":["GET"]}}],"collection":[{"href":"https:\/\/www.europesays.com\/fr\/wp-json\/wp\/v2\/posts"}],"about":[{"href":"https:\/\/www.europesays.com\/fr\/wp-json\/wp\/v2\/types\/post"}],"author":[{"embeddable":true,"href":"https:\/\/www.europesays.com\/fr\/wp-json\/wp\/v2\/users\/2"}],"replies":[{"embeddable":true,"href":"https:\/\/www.europesays.com\/fr\/wp-json\/wp\/v2\/comments?post=276719"}],"version-history":[{"count":0,"href":"https:\/\/www.europesays.com\/fr\/wp-json\/wp\/v2\/posts\/276719\/revisions"}],"wp:featuredmedia":[{"embeddable":true,"href":"https:\/\/www.europesays.com\/fr\/wp-json\/wp\/v2\/media\/276720"}],"wp:attachment":[{"href":"https:\/\/www.europesays.com\/fr\/wp-json\/wp\/v2\/media?parent=276719"}],"wp:term":[{"taxonomy":"category","embeddable":true,"href":"https:\/\/www.europesays.com\/fr\/wp-json\/wp\/v2\/categories?post=276719"},{"taxonomy":"post_tag","embeddable":true,"href":"https:\/\/www.europesays.com\/fr\/wp-json\/wp\/v2\/tags?post=276719"}],"curies":[{"name":"wp","href":"https:\/\/api.w.org\/{rel}","templated":true}]}}