{"id":276723,"date":"2025-07-27T05:25:10","date_gmt":"2025-07-27T05:25:10","guid":{"rendered":"https:\/\/www.europesays.com\/fr\/276723\/"},"modified":"2025-07-27T05:25:10","modified_gmt":"2025-07-27T05:25:10","slug":"on-se-separe-on-va-voir-ailleurs-michael-youn-fait-de-grosses-revelations-sur-son-couple-avec-isabelle-funaro","status":"publish","type":"post","link":"https:\/\/www.europesays.com\/fr\/276723\/","title":{"rendered":"\u00ab\u00a0On se s\u00e9pare, on va voir ailleurs&#8230;\u00a0\u00bb : Micha\u00ebl Youn fait de grosses r\u00e9v\u00e9lations sur son couple avec Isabelle Funaro"},"content":{"rendered":"<p>Apr\u00e8s avoir r\u00e9alis\u00e9 ses d\u00e9buts dans les m\u00e9dias en tant que<br \/>\njournaliste sur l&rsquo;antenne de Skyrock en 1998. <strong>Micha\u00ebl Youn<br \/>\nfut renvoy\u00e9 de la station deux ans plus tard.<\/strong> Apr\u00e8s une<br \/>\ninterview houleuse avec le regrett\u00e9 <a href=\"https:\/\/www.closermag.fr\/people\/bernard-tapie-son-epouse-dominique-pas-menagee-par-lex-homme-daffaires-ces-mots-durs-en-temoignent-3479495\" rel=\"nofollow noopener\" target=\"_blank\"><br \/>\nBernard Tapie<\/a>. Par la suite, il fut recrut\u00e9 par M6 pour prendre<br \/>\nles commandes du Morning Live. Qui deviendra une \u00e9mission culte de<br \/>\nla cha\u00eene.<\/p>\n<p>Ayant pris la d\u00e9cision de quitter M6 en 2002. <a href=\"https:\/\/www.closermag.fr\/people\/michael-youn-a-t-il-des-enfants-1409964\" rel=\"nofollow noopener\" target=\"_blank\"><br \/>\nMicha\u00ebl Youn<\/a> va ensuite se lancer dans une carri\u00e8re de<br \/>\ncom\u00e9dien. <strong>Tout en r\u00e9alisant lui-m\u00eame ses propres<br \/>\nfilms<\/strong>. Il est ainsi apparu dans des com\u00e9dies comme :<br \/>\nLa Beuze\u00a0(2003),\u00a0Les Onze Commandements\u00a0(2004)<br \/>\net\u00a0Iznogoud\u00a0(2005),\u00a0Incontr\u00f4lable (2006),\u00a0H\u00e9ros<br \/>\n(2007), Lucky Luke (2009), Fatal (2010), Comme un chef (2012), Vive<br \/>\nla France (2013), Divorce Club (2020). Ou bien encore BDE<br \/>\n(2023).<\/p>\n<p>L&rsquo;ancien animateur du Morning Live de M6 a fr\u00e9quent\u00e9 plusieurs<br \/>\nfemmes avant Isabelle Funaro<\/p>\n<p>En parall\u00e8le, il m\u00e8ne \u00e9galement une carri\u00e8re musicale \u00e0 succ\u00e8s.<br \/>\n<strong>Sous le pseudonyme de son alter-ego Fatal Bazooka<\/strong>.<br \/>\nC\u00f4t\u00e9 vie priv\u00e9e, Micha\u00ebl Youn a partag\u00e9 la vie de plusieurs femmes.<br \/>\nIl a notamment fr\u00e9quent\u00e9 la com\u00e9dienne Juliette Arnaud. Avant de se<br \/>\nmettre en couple avec l&rsquo;actrice <a href=\"https:\/\/www.closermag.fr\/people\/quel-divorce-elsa-pataky-et-chris-hemsworth-font-taire-les-rumeurs-679726\" rel=\"nofollow noopener\" target=\"_blank\"><br \/>\nElsa Pataky<\/a>. Depuis 2008, il vit une romance avec <a href=\"https:\/\/www.closermag.fr\/people\/michael-youn-isabelle-funaro-elsa-pataky-qui-sont-les-femmes-de-sa-vie-1141640\" rel=\"nofollow noopener\" target=\"_blank\"><br \/>\nIsabelle Funaro<\/a>. Ensemble, ils ont fond\u00e9 une famille en donnant<br \/>\nnaissance \u00e0 une fille pr\u00e9nomm\u00e9e Seven en 2011. Ils ont ensuite eu<br \/>\nun fils baptis\u00e9 Stellar en 2019.<\/p>\n<p>Dans le cadre d&rsquo;une interview r\u00e9cemment accord\u00e9e \u00e0 <a href=\"https:\/\/www.telestar.fr\/people\/guillaume-pley-je-ne-reviendrai-pas-dans-tpmp-299803\" rel=\"nofollow noopener\" target=\"_blank\"><br \/>\nGuillaume Pley<\/a> pour le m\u00e9dia Legend sur YouTube. Micha\u00ebl Youn a<br \/>\nr\u00e9v\u00e9l\u00e9 que sa relation avec la m\u00e8re de ses enfants ne fut pas un<br \/>\nlong fleuve tranquille jusqu&rsquo;\u00e0 pr\u00e9sent. \u00ab\u00a0<strong>Il faut savoir<br \/>\nse s\u00e9parer.<\/strong> On s&rsquo;est d\u00e9j\u00e0 s\u00e9par\u00e9 deux fois. On se s\u00e9pare,<br \/>\non s&rsquo;engueule, on va voir ailleurs, on revient. \u00c7a fait du bien<br \/>\naussi d&rsquo;aller voir un peu ailleurs, de respirer&#8230;\u00a0\u00bb, a-t-il<br \/>\npremi\u00e8rement soulign\u00e9.<\/p>\n<p>Micha\u00ebl Youn : \u00ab\u00a0On s&rsquo;est d\u00e9j\u00e0 s\u00e9par\u00e9s<br \/>\ndeux fois. Ce n&rsquo;est jamais d&rsquo;un commun accord\u00a0\u00bb<\/p>\n<p>\u00ab\u00a0On s&rsquo;est d\u00e9j\u00e0 s\u00e9par\u00e9s deux fois. Ce n&rsquo;est jamais<br \/>\nd&rsquo;un commun accord. Une fois c&rsquo;\u00e9tait elle, une fois c&rsquo;\u00e9tait moi. On<br \/>\nn&rsquo;\u00e9tait jamais d&rsquo;accord mais bon, tu subis et apr\u00e8s, on se remet<br \/>\nensemble. (&#8230;) Et \u00e0 chaque fois qu&rsquo;on se remet ensemble,<br \/>\n<strong>on refait un enfant donc ce n&rsquo;est pas mal<\/strong>\u00ab\u00a0, a<br \/>\nensuite ajout\u00e9 Micha\u00ebl Youn.<\/p>\n<p>Pour rappel, le com\u00e9dien avait notamment d\u00e9couvert l&rsquo;une des<br \/>\ninfid\u00e9lit\u00e9s de sa compagne en Une d&rsquo;un magazine. \u00ab\u00a0<strong>Je<br \/>\nn&rsquo;ai plus vraiment le droit d&rsquo;en parler.<\/strong> \u00c7a lui fait de la<br \/>\npeine. On est cinq dans la pi\u00e8ce, il y a tous les deux et<br \/>\ntrois cadreurs tr\u00e8s sympathiques. On est l\u00e0, on est d\u00e9tendus, on<br \/>\nparle&#8230; Et on fait 600 000 vues, 1 million&#8230; Apr\u00e8s, elle est au<br \/>\ncourant\u00a0\u00bb, a-t-il ainsi d\u00e9clar\u00e9 \u00e0 ce sujet.<\/p>\n","protected":false},"excerpt":{"rendered":"Apr\u00e8s avoir r\u00e9alis\u00e9 ses d\u00e9buts dans les m\u00e9dias en tant que journaliste sur l&rsquo;antenne de Skyrock en 1998.&hellip;\n","protected":false},"author":2,"featured_media":276724,"comment_status":"","ping_status":"","sticky":false,"template":"","format":"standard","meta":{"footnotes":""},"categories":[1359],"tags":[548,58,59,1011,27,1313,973,729],"class_list":{"0":"post-276723","1":"post","2":"type-post","3":"status-publish","4":"format-standard","5":"has-post-thumbnail","7":"category-people","8":"tag-article-simple","9":"tag-divertissement","10":"tag-entertainment","11":"tag-fr","12":"tag-france","13":"tag-michael-youn","14":"tag-people","15":"tag-yout_video"},"share_on_mastodon":{"url":"https:\/\/pubeurope.com\/@fr\/114923537841363027","error":""},"_links":{"self":[{"href":"https:\/\/www.europesays.com\/fr\/wp-json\/wp\/v2\/posts\/276723","targetHints":{"allow":["GET"]}}],"collection":[{"href":"https:\/\/www.europesays.com\/fr\/wp-json\/wp\/v2\/posts"}],"about":[{"href":"https:\/\/www.europesays.com\/fr\/wp-json\/wp\/v2\/types\/post"}],"author":[{"embeddable":true,"href":"https:\/\/www.europesays.com\/fr\/wp-json\/wp\/v2\/users\/2"}],"replies":[{"embeddable":true,"href":"https:\/\/www.europesays.com\/fr\/wp-json\/wp\/v2\/comments?post=276723"}],"version-history":[{"count":0,"href":"https:\/\/www.europesays.com\/fr\/wp-json\/wp\/v2\/posts\/276723\/revisions"}],"wp:featuredmedia":[{"embeddable":true,"href":"https:\/\/www.europesays.com\/fr\/wp-json\/wp\/v2\/media\/276724"}],"wp:attachment":[{"href":"https:\/\/www.europesays.com\/fr\/wp-json\/wp\/v2\/media?parent=276723"}],"wp:term":[{"taxonomy":"category","embeddable":true,"href":"https:\/\/www.europesays.com\/fr\/wp-json\/wp\/v2\/categories?post=276723"},{"taxonomy":"post_tag","embeddable":true,"href":"https:\/\/www.europesays.com\/fr\/wp-json\/wp\/v2\/tags?post=276723"}],"curies":[{"name":"wp","href":"https:\/\/api.w.org\/{rel}","templated":true}]}}