{"id":276739,"date":"2025-07-27T05:35:17","date_gmt":"2025-07-27T05:35:17","guid":{"rendered":"https:\/\/www.europesays.com\/fr\/276739\/"},"modified":"2025-07-27T05:35:17","modified_gmt":"2025-07-27T05:35:17","slug":"renault-perd-son-crayon-magique","status":"publish","type":"post","link":"https:\/\/www.europesays.com\/fr\/276739\/","title":{"rendered":"Renault perd son crayon magique !"},"content":{"rendered":"<p><strong>Le designer star Gilles Vidal quitte Renault pour un retour aux sources inattendu chez Stellantis.<\/strong><\/p>\n<p>C\u2019est un vrai coup dur pour Renault. Gilles Vidal, son directeur du design depuis 2020, quitte le constructeur au losange pour retourner dans le giron de Stellantis. V\u00e9ritable artisan de la m\u00e9tamorphose stylistique de Renault, Vidal \u00e9tait consid\u00e9r\u00e9 comme l\u2019un des piliers du renouveau initi\u00e9 par l\u2019ex-CEO Luca de Meo.<\/p>\n<p>Le designer rejoindra Stellantis en octobre prochain pour superviser le design de l\u2019ensemble des marques europ\u00e9ennes du groupe, Peugeot, Citro\u00ebn, Fiat, Opel\u2026 Un portefeuille vaste, de la citadine \u00e0 l\u2019utilitaire, qu\u2019il devra harmoniser sans effacer l\u2019identit\u00e9 propre de chaque marque. Il succ\u00e8de \u00e0 Jean-Pierre Plou\u00e9, une autre figure historique du design automobile, qui quitte l\u2019entreprise.<\/p>\n<p>Stellantis, c\u2019est un retour aux sources pour Gilles Vidal qui a pass\u00e9 25 ans au sein du groupe PSA, notamment chez Citro\u00ebn, puis surtout chez Peugeot o\u00f9 il avait sign\u00e9 la silhouette acclam\u00e9e du SUV 3008 d\u00e8s 2009. Son style rac\u00e9, moderne et fonctionnel lui a valu cinq titres de \u00ab Voiture de l\u2019ann\u00e9e \u00bb au fil de sa carri\u00e8re.<\/p>\n<p><strong>Apr\u00e8s de Meo, le d\u00e9luge ?<\/strong><\/p>\n<p>Chez Renault, il avait orchestr\u00e9 une mont\u00e9e en gamme discr\u00e8te mais marquante, avec en point d\u2019orgue les lignes tendues du Scenic \u00e9lectrique et l\u2019\u00e9l\u00e9gance affirm\u00e9e du Rafale. Deux mod\u00e8les qui ont contribu\u00e9 \u00e0 redorer l\u2019image de Renault sous l\u2019\u00e8re de Meo, parti r\u00e9cemment pour diriger le p\u00f4le luxe du groupe Kering.<\/p>\n<p class=\"cross-article__title\">\n        Cet article pourraitvous int\u00e9resser :    <\/p>\n<p>            <img decoding=\"async\" src=\"https:\/\/www.europesays.com\/fr\/wp-content\/uploads\/2025\/07\/Ranger_Stormtrak_PHEV_020.jpg\"   alt=\"\"\/><\/p>\n<p>            <a href=\"https:\/\/mobiwisy.fr\/voiture\/hybride-rechargeable\/savez-vous-quel-est-le-pick-up-le-plus-vendu-en-europe\" rel=\"nofollow noopener\" target=\"_blank\"><br \/>\n                Savez-vous quel est le pick-up le plus vendu en Europe ?            <\/a><\/p>\n<p>Avec ce d\u00e9part, Renault perd plus qu\u2019un designer, elle perd un vecteur de coh\u00e9rence stylistique et d\u2019attractivit\u00e9 produit, au moment m\u00eame o\u00f9 la marque cherche \u00e0 stabiliser son cap.<\/p>\n<p>Pour Stellantis, l\u2019arriv\u00e9e de Vidal est une man\u0153uvre strat\u00e9gique. Dans un groupe aussi vaste, o\u00f9 la lisibilit\u00e9 des gammes reste un d\u00e9fi, l\u2019exp\u00e9rience et la vision europ\u00e9enne du designer apparaissent comme des atouts de poids.<\/p>\n<p>Reste \u00e0 savoir si le crayon magique de Gilles Vidal fera \u00e0 nouveau des merveilles, cette fois dans un contexte bien plus complexe.<\/p>\n<p><strong>\u00c0 LIRE AUSSI : <a href=\"https:\/\/mobiwisy.fr\/voiture\/electrique\/le-peugeot-inception-star-du-futur-au-mondial-de-lauto\" rel=\"nofollow noopener\" target=\"_blank\">Le Peugeot Inception star du futur au Mondial de l\u2019Auto<\/a><\/strong><\/p>\n","protected":false},"excerpt":{"rendered":"Le designer star Gilles Vidal quitte Renault pour un retour aux sources inattendu chez Stellantis. C\u2019est un vrai&hellip;\n","protected":false},"author":2,"featured_media":276740,"comment_status":"","ping_status":"","sticky":false,"template":"","format":"standard","meta":{"footnotes":""},"categories":[6],"tags":[35,33,34,1011,27,41608,10651,41609,2099],"class_list":{"0":"post-276739","1":"post","2":"type-post","3":"status-publish","4":"format-standard","5":"has-post-thumbnail","7":"category-economie","8":"tag-business","9":"tag-economie","10":"tag-economy","11":"tag-fr","12":"tag-france","13":"tag-gilles-vidal","14":"tag-renault","15":"tag-renault-scenic","16":"tag-stellantis"},"share_on_mastodon":{"url":"https:\/\/pubeurope.com\/@fr\/114923577334751111","error":""},"_links":{"self":[{"href":"https:\/\/www.europesays.com\/fr\/wp-json\/wp\/v2\/posts\/276739","targetHints":{"allow":["GET"]}}],"collection":[{"href":"https:\/\/www.europesays.com\/fr\/wp-json\/wp\/v2\/posts"}],"about":[{"href":"https:\/\/www.europesays.com\/fr\/wp-json\/wp\/v2\/types\/post"}],"author":[{"embeddable":true,"href":"https:\/\/www.europesays.com\/fr\/wp-json\/wp\/v2\/users\/2"}],"replies":[{"embeddable":true,"href":"https:\/\/www.europesays.com\/fr\/wp-json\/wp\/v2\/comments?post=276739"}],"version-history":[{"count":0,"href":"https:\/\/www.europesays.com\/fr\/wp-json\/wp\/v2\/posts\/276739\/revisions"}],"wp:featuredmedia":[{"embeddable":true,"href":"https:\/\/www.europesays.com\/fr\/wp-json\/wp\/v2\/media\/276740"}],"wp:attachment":[{"href":"https:\/\/www.europesays.com\/fr\/wp-json\/wp\/v2\/media?parent=276739"}],"wp:term":[{"taxonomy":"category","embeddable":true,"href":"https:\/\/www.europesays.com\/fr\/wp-json\/wp\/v2\/categories?post=276739"},{"taxonomy":"post_tag","embeddable":true,"href":"https:\/\/www.europesays.com\/fr\/wp-json\/wp\/v2\/tags?post=276739"}],"curies":[{"name":"wp","href":"https:\/\/api.w.org\/{rel}","templated":true}]}}