{"id":276743,"date":"2025-07-27T05:37:15","date_gmt":"2025-07-27T05:37:15","guid":{"rendered":"https:\/\/www.europesays.com\/fr\/276743\/"},"modified":"2025-07-27T05:37:15","modified_gmt":"2025-07-27T05:37:15","slug":"vueling-debarque-des-adolescents-francais-juifs-dun-avion-paris-demande-des-explications","status":"publish","type":"post","link":"https:\/\/www.europesays.com\/fr\/276743\/","title":{"rendered":"Vueling d\u00e9barque des adolescents fran\u00e7ais juifs d\u2019un avion, Paris demande des \u00ab\u00a0explications\u00a0\u00bb"},"content":{"rendered":"<p>        <img decoding=\"async\" loading=\"lazy\" src=\"https:\/\/www.europesays.com\/fr\/wp-content\/uploads\/2025\/07\/6fb78fe_upload-1-bhca4mrt5chh-afp-20250711-porzycki-londonga250711-nplkr-v1-highres-londongatwickair.jpeg\"  width=\"728\" height=\"410\" alt=\"Un avion de la compagnie Vueling \u00e0 l\u2019a\u00e9roport de Londres Gatwick \u00e0 Crawley, en Angleterre, le 11\u00a0juillet 2025.\"\/>  <\/p>\n<p>JAKUB PORZYCKI \/ NurPhoto via AFP<\/p>\n<p>Un avion de la compagnie Vueling \u00e0 l\u2019a\u00e9roport de Londres Gatwick \u00e0 Crawley, en Angleterre, le 11\u00a0juillet 2025.<\/p>\n<p class=\"asset asset-text\">COMPAGNIES A\u00c9RIENNES &#8211; Le ministre fran\u00e7ais des Affaires \u00e9trang\u00e8res, Jean-No\u00ebl Barrot, a appel\u00e9 ce samedi 16\u00a0juillet la PDG de la compagnie <a href=\"https:\/\/www.huffingtonpost.fr\/france\/article\/bagages-a-main-les-tarifs-et-dimensions-yoyo-de-sept-compagnies-aeriennes-epingles_250326.html\" target=\"_blank\" rel=\"noopener\">Vueling,<\/a> Carolina Martinoli, pour lui demander des \u00ab\u00a0\u00e9l\u00e9ments d\u2019explication\u00a0\u00bb apr\u00e8s qu\u2019une cinquantaine d\u2019adolescents fran\u00e7ais de <a href=\"https:\/\/www.huffingtonpost.fr\/culture\/article\/sesame-street-le-compte-x-de-la-marionnette-elmo-pirate-accuse-d-avoir-diffuse-des-messages-antisemites_252598.html\" target=\"_blank\" rel=\"noopener\">confession juive<\/a> ont \u00e9t\u00e9 d\u00e9barqu\u00e9s d\u2019un avion alors qu\u2019ils rentraient de vacances en Espagne.<\/p>\n<p class=\"asset asset-text\">\u00ab\u00a0Il a \u00e9t\u00e9 demand\u00e9 des \u00e9l\u00e9ments d\u2019explication, notamment pour d\u00e9terminer si ces compatriotes avaient fait l\u2019objet de discriminations li\u00e9es \u00e0 leur confession\u00a0\u00bb, a affirm\u00e9 le Quai d\u2019Orsay dans un communiqu\u00e9 \u00e0 propos de l\u2019incident survenu mercredi, qui avait d\u00e9clench\u00e9 une vive pol\u00e9mique.<\/p>\n<p class=\"asset asset-text\">\u00ab\u00a0Carolina Martinoli lui a assur\u00e9 qu\u2019une enqu\u00eate interne rigoureuse \u00e9tait en cours et que les conclusions de cette enqu\u00eate seraient partag\u00e9es avec les autorit\u00e9s fran\u00e7aises et espagnoles.\u00a0\u00bb, peut-on lire dans le communiqu\u00e9.<\/p>\n<p> La lecture de ce contenu est susceptible d\u2019entra\u00eener un d\u00e9p\u00f4t de cookies de la part de l\u2019op\u00e9rateur tiers qui l\u2019h\u00e9berge. Compte-tenu des choix que vous avez exprim\u00e9s en mati\u00e8re de d\u00e9p\u00f4t de cookies, nous avons bloqu\u00e9 l\u2019affichage de ce contenu. Si vous souhaitez y acc\u00e9der, vous devez accepter la cat\u00e9gorie de cookies \u201cContenus tiers\u201d en cliquant sur le bouton ci-dessous. <\/p>\n<p> Lire la Vid\u00e9o        <\/p>\n<p class=\"asset asset-text\">Le chef de la diplomatie fran\u00e7aise a fait \u00ab\u00a0part de la vive \u00e9motion\u00a0\u00bb et des explications ont \u00e9galement \u00e9t\u00e9 demand\u00e9es \u00e0 l\u2019ambassadeur d\u2019Espagne en France, selon le communiqu\u00e9.<\/p>\n<p class=\"asset asset-text\">L\u2019association Club Kineret, organisatrice de la colonie de vacances, a annonc\u00e9 son intention de porter plainte contre le transporteur \u00ab\u00a0pour violence physique, psychologique et discrimination sur le fondement de la religion\u00a0\u00bb, a affirm\u00e9 jeudi \u00e0 l\u2019AFP son avocate, Julie Jacob.<\/p>\n<p>    Vueling \u00e9voque un \u00ab\u00a0comportement compromettant l\u2019int\u00e9grit\u00e9 du vol\u00a0\u00bb    <\/p>\n<p class=\"asset asset-text\">Elle a \u00e9voqu\u00e9 des \u00ab\u00a0circonstances aggravantes\u00a0\u00bb, certains enfants \u00e9tant \u00e2g\u00e9s de \u00ab\u00a0moins de 15\u00a0ans\u00a0\u00bb. L\u2019organisateur de la colonie a affirm\u00e9 que les adolescents avaient \u00e9t\u00e9 d\u00e9barqu\u00e9s \u00ab\u00a0sans motif valable\u00a0\u00bb.<\/p>\n<p class=\"asset asset-text\">La compagnie a\u00e9rienne espagnole\u00a0<a href=\"https:\/\/www.huffingtonpost.fr\/france\/article\/bagages-a-main-les-tarifs-et-dimensions-yoyo-de-sept-compagnies-aeriennes-epingles_250326.html\" target=\"_blank\" rel=\"noopener\">Vueling\u00a0<\/a>a de son c\u00f4t\u00e9 fermement ni\u00e9 les accusations d\u2019<a href=\"https:\/\/www.huffingtonpost.fr\/culture\/article\/sesame-street-le-compte-x-de-la-marionnette-elmo-pirate-accuse-d-avoir-diffuse-des-messages-antisemites_252598.html\" target=\"_blank\" rel=\"noopener\">antis\u00e9mitisme<\/a>. \u00ab\u00a0L\u2019intervention de l\u2019\u00e9quipage \u00e0 bord a \u00e9t\u00e9 motiv\u00e9e exclusivement par un comportement compromettant l\u2019int\u00e9grit\u00e9 du vol, ainsi que la s\u00e9curit\u00e9 des passagers et de l\u2019op\u00e9ration dans son ensemble\u00a0\u00bb, a expliqu\u00e9 la compagnie dans un communiqu\u00e9.<\/p>\n<p class=\"asset asset-text\">\u00ab\u00a0Un groupe de passagers adolescents a adopt\u00e9 une attitude fortement conflictuelle, mettant en p\u00e9ril le bon d\u00e9roulement du vol. Ce groupe a manipul\u00e9 de mani\u00e8re inappropri\u00e9e du mat\u00e9riel de s\u00e9curit\u00e9 et interrompu activement la d\u00e9monstration obligatoire des consignes, en ignorant \u00e0 plusieurs reprises les instructions du personnel de cabine\u00a0\u00bb, poursuit la compagnie.<\/p>\n<p class=\"asset asset-text\">\u00ab\u00a0Malgr\u00e9 de nombreux avertissements, ce comportement inappropri\u00e9 a persist\u00e9, entra\u00eenant l\u2019activation imm\u00e9diate des protocoles de s\u00e9curit\u00e9. L\u2019\u00e9quipage, agissant avec professionnalisme et conform\u00e9ment aux proc\u00e9dures de Vueling, a demand\u00e9 l\u2019intervention de la Guardia Civil, qui, apr\u00e8s avoir \u00e9valu\u00e9 la situation, a proc\u00e9d\u00e9 au d\u00e9barquement du groupe afin de garantir la s\u00e9curit\u00e9 du reste des passagers\u00a0\u00bb, est-il encore indiqu\u00e9.<\/p>\n<p class=\"asset asset-text\">\u00ab\u00a0Nous nions fermement toute affirmation liant la d\u00e9cision de notre \u00e9quipage \u00e0 l\u2019expression religieuse des passagers concern\u00e9s, que nous respectons pleinement. Cette d\u00e9cision a \u00e9t\u00e9 prise uniquement et exclusivement pour garantir la s\u00e9curit\u00e9 de l\u2019ensemble des passagers. Chez Vueling, nous rejetons cat\u00e9goriquement toute forme de discrimination, sans aucune exception\u00a0\u00bb, a conclu Vueling dans son communiqu\u00e9.<\/p>\n","protected":false},"excerpt":{"rendered":"JAKUB PORZYCKI \/ NurPhoto via AFP Un avion de la compagnie Vueling \u00e0 l\u2019a\u00e9roport de Londres Gatwick \u00e0&hellip;\n","protected":false},"author":2,"featured_media":276744,"comment_status":"","ping_status":"","sticky":false,"template":"","format":"standard","meta":{"footnotes":""},"categories":[4],"tags":[11,6155,7182,8763,1011,27,12,25,2803],"class_list":{"0":"post-276743","1":"post","2":"type-post","3":"status-publish","4":"format-standard","5":"has-post-thumbnail","7":"category-france","8":"tag-actualites","9":"tag-antisemitisme","10":"tag-aviation","11":"tag-compagnie-aerienne","12":"tag-fr","13":"tag-france","14":"tag-news","15":"tag-republique-francaise","16":"tag-transport"},"share_on_mastodon":{"url":"https:\/\/pubeurope.com\/@fr\/114923585119230606","error":""},"_links":{"self":[{"href":"https:\/\/www.europesays.com\/fr\/wp-json\/wp\/v2\/posts\/276743","targetHints":{"allow":["GET"]}}],"collection":[{"href":"https:\/\/www.europesays.com\/fr\/wp-json\/wp\/v2\/posts"}],"about":[{"href":"https:\/\/www.europesays.com\/fr\/wp-json\/wp\/v2\/types\/post"}],"author":[{"embeddable":true,"href":"https:\/\/www.europesays.com\/fr\/wp-json\/wp\/v2\/users\/2"}],"replies":[{"embeddable":true,"href":"https:\/\/www.europesays.com\/fr\/wp-json\/wp\/v2\/comments?post=276743"}],"version-history":[{"count":0,"href":"https:\/\/www.europesays.com\/fr\/wp-json\/wp\/v2\/posts\/276743\/revisions"}],"wp:featuredmedia":[{"embeddable":true,"href":"https:\/\/www.europesays.com\/fr\/wp-json\/wp\/v2\/media\/276744"}],"wp:attachment":[{"href":"https:\/\/www.europesays.com\/fr\/wp-json\/wp\/v2\/media?parent=276743"}],"wp:term":[{"taxonomy":"category","embeddable":true,"href":"https:\/\/www.europesays.com\/fr\/wp-json\/wp\/v2\/categories?post=276743"},{"taxonomy":"post_tag","embeddable":true,"href":"https:\/\/www.europesays.com\/fr\/wp-json\/wp\/v2\/tags?post=276743"}],"curies":[{"name":"wp","href":"https:\/\/api.w.org\/{rel}","templated":true}]}}