{"id":276747,"date":"2025-07-27T05:39:11","date_gmt":"2025-07-27T05:39:11","guid":{"rendered":"https:\/\/www.europesays.com\/fr\/276747\/"},"modified":"2025-07-27T05:39:11","modified_gmt":"2025-07-27T05:39:11","slug":"firminy-apres-neuf-mois-de-travaux-la-piscine-wogenscky-rouvrira-le-5-aout","status":"publish","type":"post","link":"https:\/\/www.europesays.com\/fr\/276747\/","title":{"rendered":"Firminy. Apr\u00e8s neuf mois de travaux, la piscine Wogenscky rouvrira le 5\u00a0ao\u00fbt"},"content":{"rendered":"<p>C\u2019\u00e9tait encore bien incertain, il y a quelques semaines\u2026 Alors que les travaux de r\u00e9habilitation de la piscine Wogenscky \u00e9taient encore en phase tr\u00e8s active, au mois de juin, la Ville pr\u00e9f\u00e9rait ne pas se prononcer quant \u00e0 la date de r\u00e9ouverture.<\/p>\n<p>Car le chantier, lanc\u00e9 en octobre\u00a02024, n\u2019a pas \u00e9t\u00e9 des plus simples \u00e0 g\u00e9rer. <a href=\"https:\/\/www.leprogres.fr\/politique\/2024\/08\/04\/pourquoi-la-piscine-wogenscky-va-fermer-ses-portes-pendant-sept-mois\" target=\"_blank\" rel=\"nofollow noopener\">L\u2019objectif de cette r\u00e9novation<\/a> \u00e9tait de r\u00e9soudre les probl\u00e8mes d\u2019\u00e9tanch\u00e9it\u00e9 du toit mais aussi de renforcer la structure. Mais au fur et \u00e0 mesure de son avanc\u00e9e, le chantier a d\u00e9voil\u00e9 quelques probl\u00e8mes structurels plus ou moins inqui\u00e9tants.<\/p>\n<p class=\"txt\">Il y a des probl\u00e8mes importants sur la structure et les entreprises sp\u00e9cialis\u00e9es nous ont fait part de leur inqui\u00e9tude<\/p>\n<p>L\u2019ouverture, d\u2019abord pr\u00e9vue en mai a&#8230;<\/p>\n","protected":false},"excerpt":{"rendered":"C\u2019\u00e9tait encore bien incertain, il y a quelques semaines\u2026 Alors que les travaux de r\u00e9habilitation de la piscine&hellip;\n","protected":false},"author":2,"featured_media":276748,"comment_status":"","ping_status":"","sticky":false,"template":"","format":"standard","meta":{"footnotes":""},"categories":[9653],"tags":[1111,11,2430,7539,1777,674,10282,10283,1011,27,5216,12,25,4001,104,517],"class_list":{"0":"post-276747","1":"post","2":"type-post","3":"status-publish","4":"format-standard","5":"has-post-thumbnail","7":"category-saint-etienne","8":"tag-actu","9":"tag-actualites","10":"tag-auvergne-rhone-alpes","11":"tag-edition-loire-sud","12":"tag-eu","13":"tag-europe","14":"tag-firminy","15":"tag-firminy-ville","16":"tag-fr","17":"tag-france","18":"tag-natation","19":"tag-news","20":"tag-republique-francaise","21":"tag-saint-etienne","22":"tag-societe","23":"tag-sport"},"share_on_mastodon":{"url":"https:\/\/pubeurope.com\/@fr\/114923592948401565","error":""},"_links":{"self":[{"href":"https:\/\/www.europesays.com\/fr\/wp-json\/wp\/v2\/posts\/276747","targetHints":{"allow":["GET"]}}],"collection":[{"href":"https:\/\/www.europesays.com\/fr\/wp-json\/wp\/v2\/posts"}],"about":[{"href":"https:\/\/www.europesays.com\/fr\/wp-json\/wp\/v2\/types\/post"}],"author":[{"embeddable":true,"href":"https:\/\/www.europesays.com\/fr\/wp-json\/wp\/v2\/users\/2"}],"replies":[{"embeddable":true,"href":"https:\/\/www.europesays.com\/fr\/wp-json\/wp\/v2\/comments?post=276747"}],"version-history":[{"count":0,"href":"https:\/\/www.europesays.com\/fr\/wp-json\/wp\/v2\/posts\/276747\/revisions"}],"wp:featuredmedia":[{"embeddable":true,"href":"https:\/\/www.europesays.com\/fr\/wp-json\/wp\/v2\/media\/276748"}],"wp:attachment":[{"href":"https:\/\/www.europesays.com\/fr\/wp-json\/wp\/v2\/media?parent=276747"}],"wp:term":[{"taxonomy":"category","embeddable":true,"href":"https:\/\/www.europesays.com\/fr\/wp-json\/wp\/v2\/categories?post=276747"},{"taxonomy":"post_tag","embeddable":true,"href":"https:\/\/www.europesays.com\/fr\/wp-json\/wp\/v2\/tags?post=276747"}],"curies":[{"name":"wp","href":"https:\/\/api.w.org\/{rel}","templated":true}]}}