{"id":276753,"date":"2025-07-27T05:43:26","date_gmt":"2025-07-27T05:43:26","guid":{"rendered":"https:\/\/www.europesays.com\/fr\/276753\/"},"modified":"2025-07-27T05:43:26","modified_gmt":"2025-07-27T05:43:26","slug":"football-mons-bassouamina-ex-asnl-va-connaitre-sa-premiere-experience-a-letranger","status":"publish","type":"post","link":"https:\/\/www.europesays.com\/fr\/276753\/","title":{"rendered":"Football. Mons Bassouamina (ex ASNL) va conna\u00eetre sa premi\u00e8re exp\u00e9rience \u00e0 l\u2019\u00e9tranger"},"content":{"rendered":"<p>Form\u00e9 \u00e0 l\u2019ASNL o\u00f9 il a sign\u00e9 son premier contrat pro et aura pass\u00e9 huit ans au total (2013-2021), Mons Bassouamina va conna\u00eetre sa premi\u00e8re exp\u00e9rience \u00e0 l\u2019\u00e9tranger. Apr\u00e8s trois saisons de Ligue 2 sous les couleurs de Pau (11 buts marqu\u00e9s en 2023-2024) et de Clermont la saison derni\u00e8re (5 buts et 4 passes en 31 matches), l\u2019attaquant de 27 ans s\u2019est engag\u00e9 avec un club chypriote. Pas n\u2019importe lequel, puisque le Paphos FC, club d\u2019une petite ville c\u00f4ti\u00e8re de 45.000 habitants, a d\u00e9croch\u00e9 le premier titre national de son histoire la saison pass\u00e9e.<\/p>\n<p>Ce contenu est bloqu\u00e9 car vous n&rsquo;avez pas accept\u00e9 les cookies et autres traceurs.<\/p>\n<p>En cliquant sur \u00ab J\u2019accepte \u00bb, les cookies et autres traceurs seront d\u00e9pos\u00e9s et vous pourrez visualiser les contenus  (<a href=\"\" class=\"consentModule_policy\" target=\"_blank\" title=\"Consulter la politique de protection des donn\u00e9es du fournisseur\">plus d&rsquo;informations<\/a>).<\/p>\n<p>En cliquant sur \u00ab J\u2019accepte tous les cookies \u00bb, vous autorisez des d\u00e9p\u00f4ts de cookies et autres traceurs pour le stockage de vos donn\u00e9es sur nos sites et applications \u00e0 des fins de personnalisation et de ciblage publicitaire.<\/p>\n<p class=\"consentModule_secondaryText\">Vous gardez la possibilit\u00e9 de retirer votre consentement \u00e0 tout moment en consultant notre <a href=\"https:\/\/www.estrepublicain.fr\/protection-des-donnees\" target=\"_blank\" title=\"Consulter notre politique de protection des donn\u00e9es\" rel=\"noopener\">politique de protection des donn\u00e9es<\/a>. <br \/>&#13;<br \/>\n            <a href=\"https:\/\/www.estrepublicain.fr\/sport\/2025\/07\/24\/javascript:Didomi.notice.show()\" class=\"consentModule_cmp\" target=\"_blank\" rel=\"noopener\">G\u00e9rer mes choix<\/a>&#13;\n        <\/p>\n<p>&#13;<br \/>\n                        J&rsquo;accepte&#13;<br \/>\n            J&rsquo;accepte tous les cookies&#13;\n        <\/p>\n<p>L\u2019ex pensionnaire du centre de formation nanc\u00e9ien sera le seul Fran\u00e7ais d\u2019un effectif tr\u00e8s cosmopolite (Br\u00e9siliens, Espagnols, Portugais, Hollandais, Anglais, Su\u00e9dois, Croate,\u00a0etc&#8230;) dans lequel on ne d\u00e9nombre que quatre joueurs locaux. Il s\u2019est engag\u00e9 jusqu\u2019en 2027.<\/p>\n","protected":false},"excerpt":{"rendered":"Form\u00e9 \u00e0 l\u2019ASNL o\u00f9 il a sign\u00e9 son premier contrat pro et aura pass\u00e9 huit ans au total&hellip;\n","protected":false},"author":2,"featured_media":276754,"comment_status":"","ping_status":"","sticky":false,"template":"","format":"standard","meta":{"footnotes":""},"categories":[9635],"tags":[1111,11,3703,1707,1704,1706,1705,1777,674,107,1701,63,1011,27,775,3457,1702,1703,12,3456,25,517,1700],"class_list":{"0":"post-276753","1":"post","2":"type-post","3":"status-publish","4":"format-standard","5":"has-post-thumbnail","7":"category-nancy","8":"tag-actu","9":"tag-actualites","10":"tag-asnl","11":"tag-edition-luneville","12":"tag-edition-nancy-et-agglomeration","13":"tag-edition-pont-a-mousson","14":"tag-edition-toul","15":"tag-eu","16":"tag-europe","17":"tag-fil-info","18":"tag-fil-info-sport","19":"tag-football","20":"tag-fr","21":"tag-france","22":"tag-grand-est","23":"tag-meurthe-et-moselle","24":"tag-nancy","25":"tag-nancy-ville-54b","26":"tag-news","27":"tag-region-lorraine","28":"tag-republique-francaise","29":"tag-sport","30":"tag-sport-lorrain"},"share_on_mastodon":{"url":"https:\/\/pubeurope.com\/@fr\/114923608722877663","error":""},"_links":{"self":[{"href":"https:\/\/www.europesays.com\/fr\/wp-json\/wp\/v2\/posts\/276753","targetHints":{"allow":["GET"]}}],"collection":[{"href":"https:\/\/www.europesays.com\/fr\/wp-json\/wp\/v2\/posts"}],"about":[{"href":"https:\/\/www.europesays.com\/fr\/wp-json\/wp\/v2\/types\/post"}],"author":[{"embeddable":true,"href":"https:\/\/www.europesays.com\/fr\/wp-json\/wp\/v2\/users\/2"}],"replies":[{"embeddable":true,"href":"https:\/\/www.europesays.com\/fr\/wp-json\/wp\/v2\/comments?post=276753"}],"version-history":[{"count":0,"href":"https:\/\/www.europesays.com\/fr\/wp-json\/wp\/v2\/posts\/276753\/revisions"}],"wp:featuredmedia":[{"embeddable":true,"href":"https:\/\/www.europesays.com\/fr\/wp-json\/wp\/v2\/media\/276754"}],"wp:attachment":[{"href":"https:\/\/www.europesays.com\/fr\/wp-json\/wp\/v2\/media?parent=276753"}],"wp:term":[{"taxonomy":"category","embeddable":true,"href":"https:\/\/www.europesays.com\/fr\/wp-json\/wp\/v2\/categories?post=276753"},{"taxonomy":"post_tag","embeddable":true,"href":"https:\/\/www.europesays.com\/fr\/wp-json\/wp\/v2\/tags?post=276753"}],"curies":[{"name":"wp","href":"https:\/\/api.w.org\/{rel}","templated":true}]}}