{"id":276757,"date":"2025-07-27T05:45:14","date_gmt":"2025-07-27T05:45:14","guid":{"rendered":"https:\/\/www.europesays.com\/fr\/276757\/"},"modified":"2025-07-27T05:45:14","modified_gmt":"2025-07-27T05:45:14","slug":"enfile-tes-bottes-pour-rencontrer-les-animaux-en-vendee","status":"publish","type":"post","link":"https:\/\/www.europesays.com\/fr\/276757\/","title":{"rendered":"\u00ab\u00a0Enfile tes bottes\u00a0\u00bb pour rencontrer les animaux en Vend\u00e9e"},"content":{"rendered":"<p>C\u2019est parce qu\u2019ils souhaitaient vivre \u00e0 la campagne entour\u00e9s de leurs animaux que Corinne, ancienne cadre de sant\u00e9 et S\u00e9bastien Boudeau, enseignant, se sont install\u00e9s dans un v\u00e9ritable coin de nature \u00e0 Landevieille il y a 11\u00a0ans.<\/p>\n<p>Ralentir le rythme, \u00eatre au calme et vivre le plus possible en autonomie \u00e9tait leur leitmotiv et ils ont trouv\u00e9 en cette ferme leur petit coin de paradis. Apr\u00e8s avoir v\u00e9cu ainsi pendant des ann\u00e9es, le couple a d\u00e9cid\u00e9 il y a trois ans de partager sa passion pour les animaux de la ferme avec le plus grand nombre. C\u2019est alors qu\u2019ils ont cr\u00e9\u00e9 l\u2019association Enfile tes bottes, d\u00e9clin\u00e9e en ferme p\u00e9dagogique visant \u00e0 transmettre leurs connaissances sur les animaux de la ferme et leur mode de vie.<\/p>\n<p>Nourrissage et apprentissage<\/p>\n<p>Les visites ont lieu le matin car elles s\u2019accompagnent du nourrissage des animaux, une activit\u00e9 ludique qui permet de transmettre un grand nombre d\u2019informations aux participants.<\/p>\n<p>Ainsi, en fonction des animaux rencontr\u00e9s, petits et grands sauront tout sur ce qu\u2019ils mangent, quelles sont leurs esp\u00e8ces ou leur race, quelles sont leurs habitudes de vie, leur rythme, la reproduction. Gr\u00e2ce aux \u00e9changes g\u00e9n\u00e9r\u00e9s lors des visites, c\u2019est aussi l\u2019occasion de faire de la p\u00e9dagogie sur la pr\u00e9servation des esp\u00e8ces, le respect des animaux et la protection de l\u2019environnement.<\/p>\n<p><strong>Lire aussi :<\/strong>\u00a0<a href=\"https:\/\/trouville-deauville.maville.com\/actu\/actudet_-sorties-en-famille-huit-idees-d-activites-dans-les-zoos-de-l-ouest-_4-5286724_actu.Htm\" target=\"_self\" rel=\"noopener\">Sorties en famille : huit id\u00e9es d\u2019activit\u00e9s insolites dans les zoos de l\u2019Ouest<\/a><\/p>\n<p>Autonomie alimentaire<\/p>\n<p>Les visiteurs rencontreront les volailles avec les poules, dindons, canards, oies, pigeons\u2026 L\u2019occasion de d\u00e9couvrir les \u0153ufs de chacune de ses esp\u00e8ces, qui diff\u00e8rent aussi bien par leur taille que par leur couleur. Le parcours se poursuit \u00e0 la rencontre des cochons, des vaches, des moutons, des poneys, des \u00e2nes, des lapins\u2026<\/p>\n<p>La visite de la ferme p\u00e9dagogique, c\u2019est \u00e9galement une exp\u00e9rience sensorielle au sein de laquelle certains d\u00e9couvrent parfois des odeurs et des textures inconnues.<\/p>\n<p>Visiter la ferme et \u00e9changer avec Corinne, c\u2019est aussi comprendre que l\u2019on peut encore vivre actuellement comme le faisaient les anciens, en parfaite harmonie avec la nature et autonomie alimentaire. La visite de la ferme, d\u2019une dur\u00e9e d\u2019environ deux heures, se termine \u00e0 l\u2019ombre d\u2019un arbre pour un rafra\u00eechissement avec d\u00e9gustation de sirops bio et artisanaux fabriqu\u00e9s dans la commune.<\/p>\n<p><strong> <a href=\"https:\/\/fermes-pedagogiques.fr\/vendee\/ferme-pedagogique-sur-reservation-enfile-tes-bottes\/\" target=\"_self\" rel=\"noopener\">Enfile tes bottes<\/a>, <\/strong>5, La Jarrie, <a href=\"https:\/\/saint-gilles-croix-de-vie.maville.com\/pays-de-la-loire\/vendee\/landevieille\/\" target=\"_self\" rel=\"noopener\">Landevieille<\/a>. Ouvert du lundi au samedi, d\u00e8s 9\u00a0h\u00a030 uniquement sur r\u00e9servation au 07\u00a081\u00a030\u00a051\u00a040. Tarifs\u00a0: 9\u00a0\u20ac par personne et gratuit pour les moins de 3\u00a0ans.<\/p>\n<p>\u00a0<\/p>\n","protected":false},"excerpt":{"rendered":"C\u2019est parce qu\u2019ils souhaitaient vivre \u00e0 la campagne entour\u00e9s de leurs animaux que Corinne, ancienne cadre de sant\u00e9&hellip;\n","protected":false},"author":2,"featured_media":276758,"comment_status":"","ping_status":"","sticky":false,"template":"","format":"standard","meta":{"footnotes":""},"categories":[9619],"tags":[1111,11,1867,35400,41610,1777,674,1011,27,12,882,20458,25,2310,2546],"class_list":{"0":"post-276757","1":"post","2":"type-post","3":"status-publish","4":"format-standard","5":"has-post-thumbnail","7":"category-toulon","8":"tag-actu","9":"tag-actualites","10":"tag-animaux","11":"tag-bottes","12":"tag-enfile","13":"tag-eu","14":"tag-europe","15":"tag-fr","16":"tag-france","17":"tag-news","18":"tag-provence-alpes-cote-dazur","19":"tag-rencontrer","20":"tag-republique-francaise","21":"tag-toulon","22":"tag-vendee"},"share_on_mastodon":{"url":"https:\/\/pubeurope.com\/@fr\/114923616584696769","error":""},"_links":{"self":[{"href":"https:\/\/www.europesays.com\/fr\/wp-json\/wp\/v2\/posts\/276757","targetHints":{"allow":["GET"]}}],"collection":[{"href":"https:\/\/www.europesays.com\/fr\/wp-json\/wp\/v2\/posts"}],"about":[{"href":"https:\/\/www.europesays.com\/fr\/wp-json\/wp\/v2\/types\/post"}],"author":[{"embeddable":true,"href":"https:\/\/www.europesays.com\/fr\/wp-json\/wp\/v2\/users\/2"}],"replies":[{"embeddable":true,"href":"https:\/\/www.europesays.com\/fr\/wp-json\/wp\/v2\/comments?post=276757"}],"version-history":[{"count":0,"href":"https:\/\/www.europesays.com\/fr\/wp-json\/wp\/v2\/posts\/276757\/revisions"}],"wp:featuredmedia":[{"embeddable":true,"href":"https:\/\/www.europesays.com\/fr\/wp-json\/wp\/v2\/media\/276758"}],"wp:attachment":[{"href":"https:\/\/www.europesays.com\/fr\/wp-json\/wp\/v2\/media?parent=276757"}],"wp:term":[{"taxonomy":"category","embeddable":true,"href":"https:\/\/www.europesays.com\/fr\/wp-json\/wp\/v2\/categories?post=276757"},{"taxonomy":"post_tag","embeddable":true,"href":"https:\/\/www.europesays.com\/fr\/wp-json\/wp\/v2\/tags?post=276757"}],"curies":[{"name":"wp","href":"https:\/\/api.w.org\/{rel}","templated":true}]}}