{"id":27676,"date":"2025-04-15T21:54:09","date_gmt":"2025-04-15T21:54:09","guid":{"rendered":"https:\/\/www.europesays.com\/fr\/27676\/"},"modified":"2025-04-15T21:54:09","modified_gmt":"2025-04-15T21:54:09","slug":"le-tragique-est-la-en-permanence-donc-autant-vivre-le-cote-marrant","status":"publish","type":"post","link":"https:\/\/www.europesays.com\/fr\/27676\/","title":{"rendered":"Le tragique est l\u00e0 en permanence, donc autant vivre le c\u00f4t\u00e9 marrant !"},"content":{"rendered":"<p>            Par<br \/>\n        <strong><br \/>\n            <a href=\"https:\/\/actu.fr\/auteur\/gabriel-kenedi\" title=\"Consulter tous les articles de Gabriel Kenedi\" target=\"_blank\" rel=\"noopener\">Gabriel Kenedi<\/a><br \/>\n        <\/strong><\/p>\n<p>        Publi\u00e9 le<\/p>\n<p>            15 avr. 2025 \u00e0 21h00        <\/p>\n<p>\u00c0 56 ans et apr\u00e8s 30 ans de carri\u00e8re, <strong>Philippe Katerine<\/strong> entame en ce printemps 2025 la toute premi\u00e8re tourn\u00e9e des Z\u00e9niths de sa carri\u00e8re. Le chanteur de <strong>\u00ab\u00a0Louxor j\u2019adore\u00a0\u00bb<\/strong>, ou de <strong>\u00ab\u00a0Nu\u00a0\u00bb<\/strong>, sera d\u2019ailleurs en concert au <a href=\"https:\/\/actu.fr\/toulouse\/loisirs-culture\" target=\"_blank\" rel=\"noopener\">Z\u00e9nith de Toulouse<\/a>, mercredi 16 avril 2025 (et il reste des places !). Avant son show, qu\u2019il promet spectaculaire, Philippe Katerine a accept\u00e9 de r\u00e9pondre aux questions d\u2019Actu Toulouse. Entretien forc\u00e9ment un peu barr\u00e9 (mais pas trop !), avec un artiste totalement inclassable !\u00a0<\/p>\n<p>\u00ab\u00a0Je pleurais comme un petit ouin-ouin !\u00a0\u00bb<\/p>\n<p class=\"ac-article-content__question wall-content\"><strong class=\"color-primary\">Actu : <\/strong>Vous avez entam\u00e9 il y a quelques jours votre tourn\u00e9e des Z\u00e9niths. Comment s&rsquo;est d\u00e9roul\u00e9 ce premier concert \u00e0 Rouen ?\u00a0\n<\/p>\n<p class=\" wall-content\"><strong class=\"color-primary\">Philippe Katerine : <\/strong>\u00ab\u00a0C&rsquo;\u00e9tait spectaculaire ! C&rsquo;est ce que j&rsquo;esp\u00e9rais. J&rsquo;ai une \u00e9quipe assez fournie et tr\u00e8s performante, donc \u00e7a s&rsquo;est tr\u00e8s bien pass\u00e9. Apr\u00e8s, j&rsquo;\u00e9tais un peu submerg\u00e9 par l&rsquo;\u00e9motion parce qu&rsquo;il y a des moments tr\u00e8s fragiles. Donc j&rsquo;ai pleur\u00e9 \u00e0 plusieurs reprises pendant mes chansons, ce qui ne m&rsquo;est jamais arriv\u00e9 sur sc\u00e8ne. Je pleurais comme un petit ouin-ouin !\u00a0\u00bb<\/p>\n<p class=\"ac-article-content__question wall-content\">Vous avez sorti 18 albums et c&rsquo;est la premi\u00e8re fois que vous faites une tourn\u00e9e dans les plus grandes salles de France. Comment le vivez-vous ?\n<\/p>\n<p class=\" wall-content\"><strong class=\"color-primary\">Philippe Katerine : <\/strong>J&rsquo;avais fait un Z\u00e9nith en 2010 mais c&rsquo;est la premi\u00e8re fois qu&rsquo;il y a une tourn\u00e9e des Z\u00e9niths. Auguri, mon tourneur depuis le d\u00e9but, m&rsquo;a propos\u00e9 cette tourn\u00e9e apr\u00e8s avoir entendu le disque. C&rsquo;\u00e9tait avant les JO. Ils voyaient que \u00e7a pouvait fonctionner. Je me suis dis : &lsquo;allez hop, pourquoi pas !\u00a0\u00bb. Au moins, je l&rsquo;aurais fait une fois dans ma vie !<\/p>\n<p>\u00ab\u00a0Je peux r\u00e9aliser mes fantasmes de sc\u00e8ne !\u00a0\u00bb<\/p>\n<p class=\"ac-article-content__question wall-content\">Organiser de si grands concerts, \u00e7a se pr\u00e9pare diff\u00e9remment qu\u2019un concert dans une plus petite salle\u2009?\n<\/p>\n<p class=\" wall-content\"><strong class=\"color-primary\">Philippe Katerine : <\/strong>Il y a d\u2019autres contraintes, mais quand il y a des contraintes, c\u2019est toujours plus amusant, quelque part\u2009! On a r\u00e9fl\u00e9chi \u00e0 une mise en sc\u00e8ne qui utilise la hauteur, la largeur de la sc\u00e8ne, et qui va vers le spectaculaire. Auguri a mis des moyens, et c\u2019est une chance folle pour moi. Je peux r\u00e9aliser mes fantasmes de sc\u00e8ne, et mettre en place des choses que je r\u00eavais de voir en tant que spectateur.<\/p>\n<p>Vid\u00e9os : en ce moment sur Actu<\/p>\n<p class=\"ac-article-content__question wall-content\">Vous nous annoncez un show spectaculaire. Quelle exp\u00e9rience va vivre le public\u2009?\n<\/p>\n<p class=\" wall-content\"><strong class=\"color-primary\">Philippe Katerine : <\/strong>C\u2019est tr\u00e8s contrast\u00e9\u2009! Il y a \u00e0 la fois du rire et des larmes, c\u2019est tr\u00e8s \u00e9trange\u2009! Il y a du r\u00eave aussi. Tout d\u2019un coup, des choses se passent dans cette salle qui ne pourraient pas arriver dans la vie. Tout d\u2019un coup, \u00e7a devient magique. Je ne vais pas vendre mon affaire mais en tout cas, l\u2019id\u00e9e, c\u2019est qu\u2019on sorte les yeux \u00e9carquill\u00e9s et qu\u2019on se demande\u2009: &lsquo;mais qu\u2019est-ce qu\u2019on vient de voir, l\u00e0\u2009?\u00a0\u00bb. C\u2019est donc une exp\u00e9rience, que je propose&#8230;<\/p>\n<p>\u2009\u00a0\u00bbJe suis un explorateur !\u00a0\u00bb<\/p>\n<p class=\"ac-article-content__question wall-content\">Vous aimez bien cette id\u00e9e d\u2019\u00eatre un marchand de r\u00eaves\u2009?\n<\/p>\n<p class=\" wall-content\"><strong class=\"color-primary\">Philippe Katerine : <\/strong>Oh, vous savez, je ne suis pas un marchand de r\u00eaves. Je suis plut\u00f4t genre CNRS, moi.\u00a0<\/p>\n<p class=\"ac-article-content__question wall-content\">Un explorateur, plut\u00f4t ?\n<\/p>\n<p class=\" wall-content\"><strong class=\"color-primary\">Philippe Katerine : <\/strong>Oui, un explorateur, c\u2019est pas mal du tout\u2009! La premi\u00e8re fois qu\u2019on a fait ce show un Z\u00e9nith, il y avait une stup\u00e9faction qui \u00e9tait assez jouissive.<\/p>\n<p>\u00ab\u00a0J\u2019ai grandi \u00e0 Toulouse !\u00a0\u00bb<br \/>\n      <img   decoding=\"async\" loading=\"lazy\" src=\"https:\/\/www.europesays.com\/fr\/wp-content\/uploads\/2025\/04\/rose-festival-2024-bonhomme-rose-960x640.jpg\" alt=\"Peu de gens le savent, mais le bonhomme rose pr\u00e9sent au Rose Festival est une \u0153uvre de Philippe Katerine. \" width=\"960\" height=\"640\"\/><br \/>\n    Peu de gens le savent, mais le bonhomme rose pr\u00e9sent au Rose Festival 2024 est une \u0153uvre de Philippe Katerine. (\u00a9Gabriel Kenedi \/Actu Toulouse)<\/p>\n<p class=\"ac-article-content__question wall-content\">Vous allez rencontrer votre public toulousain mercredi. Qu\u2019est-ce que Toulouse vous \u00e9voque, vous le Vend\u00e9en\u2009?\n<\/p>\n<p class=\" wall-content\"><strong class=\"color-primary\">Philippe Katerine : <\/strong>C\u2019est la Ville rose\u2009! Le rose, c\u2019est une couleur que j\u2019affectionne particuli\u00e8rement. Ce m\u00e9lange de sang et de lait\u2026 J\u2019ai pass\u00e9 quelques s\u00e9jours et j&rsquo;ai m\u00eame grandi \u00e0 Toulouse.<\/p>\n<p class=\"ac-article-content__question wall-content\">C\u2019est vrai\u2009? Expliquez-nous\u2009!\n<\/p>\n<p class=\" wall-content\"><strong class=\"color-primary\">Philippe Katerine : <\/strong>J\u2019ai grandi pendant 15\u00a0jours \u00e0 Toulouse. C\u2019\u00e9tait en 2007. J\u2019en avais marre, j\u2019\u00e9tais pas loin d\u2019un burn-out et je me suis retir\u00e9 quelque part \u00e0 Toulouse. Et je m\u2019y suis trouv\u00e9 tr\u00e8s tr\u00e8s bien. C\u2019est donc une ville qui m\u2019a r\u00e9g\u00e9n\u00e9r\u00e9. <\/p>\n<p class=\"ac-article-content__question wall-content\">Vous \u00e9tiez d\u00e9j\u00e0 un grand enfant en 2007\u2009!\n<\/p>\n<p class=\" wall-content\"><strong class=\"color-primary\">Philippe Katerine : <\/strong>Oui, quand m\u00eame\u2009! Mais j\u2019ai grandi. Et je grandis encore aujourd\u2019hui. Comme vous aussi\u2009!<\/p>\n<p class=\"ac-article-content__question wall-content\">Et y a-t-il des artistes toulousains qui vous ont marqu\u00e9\u2009?\n<\/p>\n<p class=\" wall-content\"><strong class=\"color-primary\">Philippe Katerine : <\/strong>Il y a Julien Gasc, que j\u2019aime beaucoup. Il fait des disques passionnants. Et il y a Bigflo et Oli, avec qui j\u2019ai affaire, puisqu\u2019ils m\u2019avaient demand\u00e9 un grand bonhomme rose (un bonhomme rose gonflable de 7\u00a0m\u00e8tres de haut, qui est devenue la mascotte du festival, ndlr), pour le Rose Festival. Je connais leur travail, ils sont tr\u00e8s cr\u00e9atifs. J\u2019ai eu la joie aussi de rencontrer Jean-Pierre Mader, qui est un homme charmant\u2009!<\/p>\n<p>Aux JO, \u00ab\u00a0j\u2019\u00e9tais dans la tenue de L\u00e9on Marchand\u2026 peut-\u00eatre pas avec le m\u00eame corps !\u00a0\u00bb<\/p>\n<p class=\"ac-article-content__question wall-content\">Il y a un an, vous \u00eates apparu aux yeux du monde entier l\u00e9g\u00e8rement v\u00eatu, on va dire, lors de la c\u00e9r\u00e9monie d&rsquo;ouverture des Jeux Olympiques. Quel souvenir gardez-vous de tout \u00e7a ?\n<\/p>\n<p class=\" wall-content\"><strong class=\"color-primary\">Philippe Katerine : <\/strong>\u00c7a restera un \u00e9v\u00e9nement marquant pour moi. Et complexe, car c\u2019est rentr\u00e9 dans une symbolique tr\u00e8s \u00e9trange et politique, presque incontr\u00f4lable. Mais c\u2019est un r\u00eave, pour un artiste, de vivre \u00e7a. La proposition \u00e9tait engag\u00e9e, sans que je le sache vraiment\u2009! Pourtant, ma chanson \u00e9tait tr\u00e8s innocente. Effectivement, j\u2019\u00e9tais dans la tenue de L\u00e9on Marchand\u2026 peut-\u00eatre pas avec le m\u00eame corps\u2009! C\u2019\u00e9tait une performance que je sentais qu\u2019il fallait que je fasse. Je suis tr\u00e8s heureux de l\u2019avoir fait, surtout.<\/p>\n<p class=\"ac-article-content__question wall-content\">Il y a eu des retomb\u00e9es parfois inattendues, notamment en Chine, ou vous \u00eates devenu un v\u00e9ritable ph\u00e9nom\u00e8ne.\n<\/p>\n<p class=\" wall-content\"><strong class=\"color-primary\">Philippe Katerine : <\/strong>Ils ont fait des g\u00e2teaux (repr\u00e9sentant le tableau de Philippe Katerine aux JO, ndlr)\u2009! Je me suis go\u00fbt\u00e9, c\u2019\u00e9tait tr\u00e8s comestible\u2009! Un peu sucr\u00e9 \u00e0 mon go\u00fbt, cela dit\u2009! Et depuis, les Chinois m\u2019ont demand\u00e9 pas mal de choses. Je fais des expositions l\u00e0-bas, \u00e0 droite, \u00e0 gauche.<\/p>\n<p class=\" wall-content\">\n<p>\u00ab\u00a0Autant vivre le c\u00f4t\u00e9 marrant !\u00a0\u00bb<\/p>\n<p class=\"ac-article-content__question wall-content\">On imagine que vous ne vous attendiez pas\u2009! C\u2019est assez amusant, le hasard de la vie, parfois\u2026\n<\/p>\n<p class=\" wall-content\"><strong class=\"color-primary\">Philippe Katerine : <\/strong>Ah bah la vie, il n\u2019y a rien de plus marrant\u2009! Et rien de plus tragique aussi bien s\u00fbr. C\u2019est les deux.<\/p>\n<p class=\"ac-article-content__question wall-content\">Vous pr\u00e9f\u00e9rez le c\u00f4t\u00e9 marrant de la vie, on a l\u2019impression\u2009!\n<\/p>\n<p class=\" wall-content\"><strong class=\"color-primary\">Philippe Katerine : <\/strong>Je pr\u00e9f\u00e8re le c\u00f4t\u00e9 marrant. Le tragique est l\u00e0 en permanence&#8230; donc autant vivre le c\u00f4t\u00e9 marrant\u2009!<\/p>\n<p>\u00ab\u00a0La plupart de mes chansons vont \u00e0 la poubelle\u00a0\u00bb<br \/>\n      <img   decoding=\"async\" loading=\"lazy\" src=\"https:\/\/www.europesays.com\/fr\/wp-content\/uploads\/2025\/04\/philippe-katerine-c-philippe-jarrigeon-6-rvb-960x640.jpg\" alt=\"Philippe Katerine a entam\u00e9 une tourn\u00e9e des Z\u00e9niths dans toute la France. \" width=\"960\" height=\"640\"\/><br \/>\n    Philippe Katerine a entam\u00e9 une tourn\u00e9e des Z\u00e9niths dans toute la France. (\u00a9Philippe Jarrigeon )<\/p>\n<p class=\"ac-article-content__question wall-content\">Votre fa\u00e7on de travailler a-t-elle \u00e9volu\u00e9e en 30 ans de carri\u00e8re\u2009?\n<\/p>\n<p class=\" wall-content\"><strong class=\"color-primary\">Philippe Katerine : <\/strong>Je change toujours de m\u00e9thode\u2009! Il y a plein de possibilit\u00e9s de faire de la musique. En ce moment, pour cette tourn\u00e9e, on la fait en groupe et c\u2019est tr\u00e8s agr\u00e9able. Mais la composition reste une activit\u00e9 tr\u00e8s solitaire, dont je jouis \u00e9norm\u00e9ment. J\u2019adore \u00e9crire des chansons depuis l\u2019\u00e2ge de 14 ans. Je n\u2019en fais pas tous les jours mais c\u2019est tr\u00e8s gratifiant, d\u2019\u00e9crire des chansons. Qu\u2019elles soient \u00e9cout\u00e9es ou pas, d\u2019ailleurs. La plupart de mes chansons ne sont pas \u00e9cout\u00e9es parce qu\u2019elles vont \u00e0 la poubelle. C\u2019est une activit\u00e9 tr\u00e8s int\u00e9ressante, \u00e7a calme, \u00e7a ordonne ses pens\u00e9es. Et c\u2019est gratifiant, car on se prend un peu pour Dieu, l\u2019espace de cinq secondes, en inventant quelque chose qui n\u2019existait pas auparavant. \u00c7a dure cinq secondes, mais ces cinq secondes sont extraordinaires \u00e0 vivre. Je ne me suis donc pas tromp\u00e9 d\u2019orientation\u2009!<\/p>\n<p class=\"ac-article-content__question wall-content\">Beaucoup de chansons vont \u00e0 la poubelle, vous nous d\u00eetes\u2026 mais comment faire le tri\u2009?\n<\/p>\n<p class=\" wall-content\"><strong class=\"color-primary\">Philippe Katerine : <\/strong>Heureusement que la poubelle existe\u2009! Mais je remarque aussi que beaucoup de chansons sont recyclables. Elles peuvent ressurgir de mani\u00e8re inattendue, parfois\u2009!<\/p>\n<p>\u00ab\u00a0Je vais me tourner vers la peinture !\u00a0\u00bb<\/p>\n<p class=\"ac-article-content__question wall-content\">Quels seront vos projets apr\u00e8s\u2009cette tourn\u00e9e ?\n<\/p>\n<p class=\" wall-content\"><strong class=\"color-primary\">Philippe Katerine : <\/strong>On va faire la tourn\u00e9e des festivals, cet \u00e9t\u00e9. Et j\u2019ai un livre de dessins qui va sortir. Des dessins au feutre, en noir et blanc. Et apr\u00e8s les festivals, je vais me reposer, et je vais me tourner vers la peinture. C\u2019est ce que j\u2019ai envie de faire.<\/p>\n<p class=\"ac-article-content__question wall-content\">Pourquoi la peinture\u2009?\n<\/p>\n<p class=\" wall-content\"><strong class=\"color-primary\">Philippe Katerine : <\/strong>J\u2019en ai d\u00e9j\u00e0 fait et expos\u00e9, et j\u2019ai ador\u00e9 faire \u00e7a. Je continue en amateur. Je suis un peintre du dimanche, mais je n\u2019exclus pas d\u2019\u00eatre un peintre du lundi un jour\u2009!<\/p>\n<p>\u00ab\u00a0Si j\u2019\u00e9tais spectateur, j\u2019irais direct !\u00a0\u00bb<\/p>\n<p class=\"ac-article-content__question wall-content\">Avez-vous conscience d\u2019\u00eatre inspirant pour certaines personnes\u2009?\n<\/p>\n<p class=\" wall-content\"><strong class=\"color-primary\">Philippe Katerine : <\/strong>Je n\u2019y pense jamais. Il y a un jeune Toulousain, d\u2019ailleurs, qui s\u2019appelle Kh\u00e9noah, qui a repris une de mes chansons dans The Voice. Il est tr\u00e8s charmant. Et de voir un jeune gar\u00e7on, je ne sais pas quel \u00e2ge il a, reprendre de fa\u00e7on tr\u00e8s gracieuse ma chanson, c\u2019est un \u00e9norme honneur qu\u2019il m\u2019a fait. C\u2019est quelque chose \u00e0 vivre\u2009!<\/p>\n<p class=\" wall-content\">\n<p class=\"ac-article-content__question wall-content\">Un dernier mot, Philippe Katerine\u2009?\n<\/p>\n<p class=\" wall-content\"><strong class=\"color-primary\">Philippe Katerine : <\/strong>Venez au spectacle\u2009! Franchement, moi si j\u2019\u00e9tais spectateur, j\u2019irais direct\u2009! Mais malheureusement, je ne peux pas le voir.<\/p>\n<p><strong>Infos pratiques<\/strong><br \/>\nPhilippe Katerine en concert au <a href=\"https:\/\/zenith-toulousemetropole.com\/shows\/PHILIPPE%20KATERINE-19917\" target=\"_blank\" rel=\"noopener\">Z\u00e9nith de Toulouse<\/a>, mercredi 16 avril 2025. Tarifs : d\u00e8s 20 euros.\u00a0<\/p>\n<p class=\" wall-content\">Suivez toute l\u2019actualit\u00e9 de vos villes et m\u00e9dias favoris en vous inscrivant \u00e0 <a href=\"https:\/\/moncompte.actu.fr\" title=\"D\u00e9couvez Mon Actu\" rel=\"nofollow noopener\" data-trk=\"{&quot;cta&quot;:{&quot;action&quot;:&quot;https:\\\/\\\/moncompte.actu.fr&quot;,&quot;category&quot;:&quot;mon compte&quot;,&quot;from&quot;:&quot;article footer&quot;,&quot;name&quot;:&quot;Mon actu&quot;,&quot;type&quot;:&quot;cta&quot;}}\" target=\"_blank\">Mon Actu<\/a>.<\/p>\n<ul class=\"ac-article-tag wall-content\">\n<li><a href=\"https:\/\/actu.fr\/tag\/sortir-a-toulouse\" data-trk=\"{&quot;cta&quot;:{&quot;action&quot;:&quot;Sortir \\u00e0 Toulouse&quot;,&quot;category&quot;:&quot;tag&quot;,&quot;from&quot;:&quot;article footer&quot;,&quot;name&quot;:&quot;Sortir \\u00e0 Toulouse&quot;,&quot;type&quot;:&quot;cta&quot;}}\" target=\"_blank\" rel=\"noopener\">#Sortir \u00e0 Toulouse<\/a><\/li>\n<li><a href=\"https:\/\/actu.fr\/tag\/zenith-de-toulouse\" data-trk=\"{&quot;cta&quot;:{&quot;action&quot;:&quot;Z\\u00e9nith de Toulouse&quot;,&quot;category&quot;:&quot;tag&quot;,&quot;from&quot;:&quot;article footer&quot;,&quot;name&quot;:&quot;Z\\u00e9nith de Toulouse&quot;,&quot;type&quot;:&quot;cta&quot;}}\" target=\"_blank\" rel=\"noopener\">#Z\u00e9nith de Toulouse<\/a><\/li>\n<\/ul>\n","protected":false},"excerpt":{"rendered":"Par Gabriel Kenedi Publi\u00e9 le 15 avr. 2025 \u00e0 21h00 \u00c0 56 ans et apr\u00e8s 30 ans de&hellip;\n","protected":false},"author":2,"featured_media":27677,"comment_status":"","ping_status":"","sticky":false,"template":"","format":"standard","meta":{"footnotes":""},"categories":[2816],"tags":[1111,11,1777,674,1011,27,1652,12,2680,25,1341,2312,9738],"class_list":{"0":"post-27676","1":"post","2":"type-post","3":"status-publish","4":"format-standard","5":"has-post-thumbnail","7":"category-toulouse","8":"tag-actu","9":"tag-actualites","10":"tag-eu","11":"tag-europe","12":"tag-fr","13":"tag-france","14":"tag-loisirs-culture","15":"tag-news","16":"tag-occitanie","17":"tag-republique-francaise","18":"tag-sortir-a-toulouse","19":"tag-toulouse","20":"tag-zenith-de-toulouse"},"share_on_mastodon":{"url":"https:\/\/pubeurope.com\/@fr\/114344208862767612","error":""},"_links":{"self":[{"href":"https:\/\/www.europesays.com\/fr\/wp-json\/wp\/v2\/posts\/27676","targetHints":{"allow":["GET"]}}],"collection":[{"href":"https:\/\/www.europesays.com\/fr\/wp-json\/wp\/v2\/posts"}],"about":[{"href":"https:\/\/www.europesays.com\/fr\/wp-json\/wp\/v2\/types\/post"}],"author":[{"embeddable":true,"href":"https:\/\/www.europesays.com\/fr\/wp-json\/wp\/v2\/users\/2"}],"replies":[{"embeddable":true,"href":"https:\/\/www.europesays.com\/fr\/wp-json\/wp\/v2\/comments?post=27676"}],"version-history":[{"count":0,"href":"https:\/\/www.europesays.com\/fr\/wp-json\/wp\/v2\/posts\/27676\/revisions"}],"wp:featuredmedia":[{"embeddable":true,"href":"https:\/\/www.europesays.com\/fr\/wp-json\/wp\/v2\/media\/27677"}],"wp:attachment":[{"href":"https:\/\/www.europesays.com\/fr\/wp-json\/wp\/v2\/media?parent=27676"}],"wp:term":[{"taxonomy":"category","embeddable":true,"href":"https:\/\/www.europesays.com\/fr\/wp-json\/wp\/v2\/categories?post=27676"},{"taxonomy":"post_tag","embeddable":true,"href":"https:\/\/www.europesays.com\/fr\/wp-json\/wp\/v2\/tags?post=27676"}],"curies":[{"name":"wp","href":"https:\/\/api.w.org\/{rel}","templated":true}]}}