{"id":276767,"date":"2025-07-27T05:55:13","date_gmt":"2025-07-27T05:55:13","guid":{"rendered":"https:\/\/www.europesays.com\/fr\/276767\/"},"modified":"2025-07-27T05:55:13","modified_gmt":"2025-07-27T05:55:13","slug":"a-cote-de-rennes-cette-commune-accueille-le-festival-bol-dairs-pour-une-semaine-de-culture-et-de-musique","status":"publish","type":"post","link":"https:\/\/www.europesays.com\/fr\/276767\/","title":{"rendered":"\u00c0 c\u00f4t\u00e9 de Rennes, cette commune accueille le Festival Bol d\u2019Air(s) pour une semaine de culture et de musique"},"content":{"rendered":"<p>            Par<br \/>\n        <strong><br \/>\n            <a href=\"https:\/\/actu.fr\/auteur\/lou-batteux\" title=\"Consulter tous les articles de Lou Batteux\" rel=\"nofollow noopener\" target=\"_blank\">Lou Batteux<\/a><br \/>\n        <\/strong><\/p>\n<p>        Publi\u00e9 le<\/p>\n<p>            27 juil. 2025 \u00e0 7h02        <\/p>\n<p>La derni\u00e8re semaine d\u2019ao\u00fbt, le <strong>Festival Bol d\u2019Air(s)<\/strong> revient pour une sixi\u00e8me \u00e9dition \u00e0 <strong>La M\u00e9zi\u00e8re<\/strong>. Avec plus de <strong>800 participants<\/strong> en 2024, il s\u2019impose comme un rendez-vous culturel important dans le secteur. Port\u00e9 par<strong> l\u2019association Accueil &amp; Loisirs<\/strong>, cet \u00e9v\u00e9nement unique en son genre s\u2019installe dans un nouveau lieu cette ann\u00e9e. Rendez-vous au <strong>34 place de l\u2019\u00c9glise<\/strong>, \u00e0 deux pas de la m\u00e9diath\u00e8que de La M\u00e9zi\u00e8re, du <strong>lundi 25 au vendredi 29 ao\u00fbt<\/strong> pour profiter du spectacle.<\/p>\n<p class=\" wall-content\">Depuis un an, une dizaine d\u2019habitants de la commune se r\u00e9unissent chaque mois pour co-construire le festival : programmation, restauration, d\u00e9coration, logistique, communication\u2026 Rien n\u2019est laiss\u00e9 au hasard. Pendant la semaine du festival, ils seront<strong>\u00a020 b\u00e9n\u00e9voles<\/strong> mobilis\u00e9s pour accueillir le public et faire vivre leur commune.<\/p>\n<p>Un programme bien charg\u00e9<\/p>\n<p class=\" wall-content\">Plus largement, leur objectif est de <strong>rendre la culture accessible \u00e0 tous,<\/strong> dans une ambiance conviviale et familiale. C\u2019est pourquoi l\u2019acc\u00e8s au festival et \u00e0 ses animations est \u00e0 <strong>prix libre.<\/strong> Chaque soir, un spectacle vivant diff\u00e9rent viendra \u00e9gayer les rues de La M\u00e9zi\u00e8re :<\/p>\n<ul class=\" wall-content\">\n<li>lundi 25 ao\u00fbt, la Compagnie Humpty-Dumpty ouvre le bal avec un <strong>spectacle nomade<\/strong> m\u00ealant contes, marionnettes, chants et danses du Rajasthan ;<\/li>\n<li>mardi 26 ao\u00fbt, place au <strong>cirque burlesque<\/strong> avec la Compagnie Charivari et son duo acrobate-pianiste d\u00e9cal\u00e9 ;<\/li>\n<li>mercredi 27 ao\u00fbt, remontez le temps avec Magic Meeting, une <strong>plong\u00e9e immersive dans les ann\u00e9es 1980,<\/strong> casque sur les oreilles ;<\/li>\n<li>jeudi 28 ao\u00fbt, la TIM de Mouaz\u00e9 investit la sc\u00e8ne pour des <strong>matchs d\u2019improvisation<\/strong> th\u00e9\u00e2trale interactifs et pleins d\u2019humour ;<\/li>\n<li>vendredi 29 ao\u00fbt, le festival se termine en musique dans le centre-bourg avec une soir\u00e9e festive m\u00ealant <strong>concert<\/strong> et hip-hop participatif.<\/li>\n<\/ul>\n<p>Un lieu de partage<\/p>\n<p class=\" wall-content\">C\u00f4t\u00e9 gourmandise, le festival propose une <strong>restauration maison et \u00e9coresponsable,<\/strong> pens\u00e9e pour tous les budgets. Tartinades, frites, pizzas, cr\u00eapes, pop-corn\u2026 Le tout accompagn\u00e9 d\u2019une <strong>buvette locale<\/strong> aux offres g\u00e9n\u00e9reuses.\u00a0<\/p>\n<p class=\" wall-content\"><strong>Tous les jours, d\u00e8s 19h<\/strong>, la cour de l\u2019\u00e9cole se transforme en vraie <strong>guinguette<\/strong>. Tables, lumi\u00e8re douce et ambiance festive vous permettront d\u2019\u00e9changer et de d\u00e9guster dans un cadre s\u00e9curis\u00e9 et chaleureux.<\/p>\n<p class=\" wall-content\">Si vous aussi, vous souhaitez rejoindre l\u2019aventure et <strong>participer \u00e0 l\u2019organisation du festival<\/strong>, ou m\u00eame donner un coup de main pendant son d\u00e9roulement, c\u2019est possible. Il suffit de contacter <strong>Caroline Guillou\u00ebt<\/strong>, charg\u00e9e de projets pour l\u2019espace de vie sociale, au 06 95 62 26 19 ou par mail \u00e0 <a href=\"https:\/\/actu.fr\/cdn-cgi\/l\/email-protection\" class=\"__cf_email__\" data-cfemail=\"9affece9dafbf9f9effff3f6ffeef6f5f3e9f3e8e9b4fce8\" rel=\"nofollow noopener\" target=\"_blank\">[email\u00a0protected]<\/a>.<\/p>\n<p class=\" wall-content\">Suivez toute l\u2019actualit\u00e9 de vos villes et m\u00e9dias favoris en vous inscrivant \u00e0 <a href=\"https:\/\/moncompte.actu.fr\" title=\"D\u00e9couvez Mon Actu\" rel=\"nofollow noopener\" data-trk=\"{&quot;cta&quot;:{&quot;action&quot;:&quot;https:\\\/\\\/moncompte.actu.fr&quot;,&quot;category&quot;:&quot;mon compte&quot;,&quot;from&quot;:&quot;article footer&quot;,&quot;name&quot;:&quot;Mon actu&quot;,&quot;type&quot;:&quot;cta&quot;}}\" target=\"_blank\">Mon Actu<\/a>.<\/p>\n","protected":false},"excerpt":{"rendered":"Par Lou Batteux Publi\u00e9 le 27 juil. 2025 \u00e0 7h02 La derni\u00e8re semaine d\u2019ao\u00fbt, le Festival Bol d\u2019Air(s)&hellip;\n","protected":false},"author":2,"featured_media":276768,"comment_status":"","ping_status":"","sticky":false,"template":"","format":"standard","meta":{"footnotes":""},"categories":[2821],"tags":[1111,11,829,1777,674,1011,27,5691,1652,873,12,584,25,853],"class_list":{"0":"post-276767","1":"post","2":"type-post","3":"status-publish","4":"format-standard","5":"has-post-thumbnail","7":"category-rennes","8":"tag-actu","9":"tag-actualites","10":"tag-bretagne","11":"tag-eu","12":"tag-europe","13":"tag-fr","14":"tag-france","15":"tag-guinguette","16":"tag-loisirs-culture","17":"tag-musique","18":"tag-news","19":"tag-rennes","20":"tag-republique-francaise","21":"tag-spectacles"},"share_on_mastodon":{"url":"https:\/\/pubeurope.com\/@fr\/114923656008693983","error":""},"_links":{"self":[{"href":"https:\/\/www.europesays.com\/fr\/wp-json\/wp\/v2\/posts\/276767","targetHints":{"allow":["GET"]}}],"collection":[{"href":"https:\/\/www.europesays.com\/fr\/wp-json\/wp\/v2\/posts"}],"about":[{"href":"https:\/\/www.europesays.com\/fr\/wp-json\/wp\/v2\/types\/post"}],"author":[{"embeddable":true,"href":"https:\/\/www.europesays.com\/fr\/wp-json\/wp\/v2\/users\/2"}],"replies":[{"embeddable":true,"href":"https:\/\/www.europesays.com\/fr\/wp-json\/wp\/v2\/comments?post=276767"}],"version-history":[{"count":0,"href":"https:\/\/www.europesays.com\/fr\/wp-json\/wp\/v2\/posts\/276767\/revisions"}],"wp:featuredmedia":[{"embeddable":true,"href":"https:\/\/www.europesays.com\/fr\/wp-json\/wp\/v2\/media\/276768"}],"wp:attachment":[{"href":"https:\/\/www.europesays.com\/fr\/wp-json\/wp\/v2\/media?parent=276767"}],"wp:term":[{"taxonomy":"category","embeddable":true,"href":"https:\/\/www.europesays.com\/fr\/wp-json\/wp\/v2\/categories?post=276767"},{"taxonomy":"post_tag","embeddable":true,"href":"https:\/\/www.europesays.com\/fr\/wp-json\/wp\/v2\/tags?post=276767"}],"curies":[{"name":"wp","href":"https:\/\/api.w.org\/{rel}","templated":true}]}}