{"id":276769,"date":"2025-07-27T05:56:11","date_gmt":"2025-07-27T05:56:11","guid":{"rendered":"https:\/\/www.europesays.com\/fr\/276769\/"},"modified":"2025-07-27T05:56:11","modified_gmt":"2025-07-27T05:56:11","slug":"dylan-hirn-consulte-et-reflechit","status":"publish","type":"post","link":"https:\/\/www.europesays.com\/fr\/276769\/","title":{"rendered":"Dylan Hirn consulte et r\u00e9fl\u00e9chit"},"content":{"rendered":"<p>Depuis quelques mois, Dylan Hirn, 29 ans, assiste aux conseils municipaux, fait du porte-\u00e0-porte, glisse des tracts dans les bo\u00eetes aux lettres pour faire conna\u00eetre \u00ab\u00a0Ostwald demain\u00a0\u00bb, pr\u00e9sent\u00e9 comme une \u00ab\u00a0initiative citoyenne\u00a0\u00bb. Pour quoi faire\u00a0? \u00ab\u00a0Pour \u00e9changer, sonder les habitants sur la mani\u00e8re dont il faudrait faire \u00e9voluer la commune\u00a0\u00bb, r\u00e9pond-il. Voil\u00e0 qui ressemble <a href=\"https:\/\/www.dna.fr\/elections\/2025\/03\/30\/ostwald-fabienne-baas-a-encore-envie-de-s-investir\" target=\"_blank\" rel=\"nofollow noopener\">aux pr\u00e9paratifs d\u2019une campagne pour les municipales<\/a>.<\/p>\n<p>Mais Dylan Hirn s\u2019en d\u00e9fend, pour l\u2019instant. \u00ab\u00a0Je n\u2019ai pas encore pris de d\u00e9cision finale. Je ne veux pas proposer une candidature de plus, mais un projet structurant et coh\u00e9rent\u00a0\u00bb, plaide-t-il. Tout en conc\u00e9dant qu\u2019il est entour\u00e9 de \u00ab\u00a015 \u00e0 20 personnes pour travailler sur ce projet\u00a0\u00bb.<\/p>\n<p>\u00ab Un besoin de changement de m\u00e9thodes\u00a0\u00bb<\/p>\n<p>Habitant du quartier du Bohrie, soudeur de formation, Dylan Hirn a \u00ab\u00a0eu l\u2019opportunit\u00e9\u00a0\u00bb, fin 2018, d\u2019int\u00e9grer Cr\u00e9sus, association de pr\u00e9vention du surendettement. Il y est actuellement en charge des relations institutionnelles, tout en terminant sa licence de droit. Encart\u00e9 chez Horizons, le parti d\u2019<a href=\"https:\/\/www.dna.fr\/p\/edouard-philippe\" target=\"_blank\" rel=\"nofollow noopener\">Edouard Philippe<\/a>, il s\u2019est d\u2019abord engag\u00e9 chez En Marche, puis Renaissance \u2013 campagnes d\u2019Alain Fontanel pour la mairie de Strasbourg en 2020, puis de la d\u00e9put\u00e9e <a href=\"https:\/\/www.dna.fr\/p\/francoise-buffet\" target=\"_blank\" rel=\"nofollow noopener\">Fran\u00e7oise Buffet<\/a>. <a href=\"https:\/\/www.dna.fr\/politique\/2022\/04\/24\/chez-les-macronistes-une-victoire-mais-surtout-un-soulagement\" target=\"_blank\" rel=\"nofollow noopener\">En 2022, il \u00e9tait le responsable local des Jeunes avec Macron<\/a>. Se positionnant \u00ab\u00a0au centre droit\u00a0\u00bb, Dylan Hirn a \u00e9t\u00e9 s\u00e9duit par Horizons, qu\u2019il voit comme \u00ab\u00a0un parti ancr\u00e9 dans les territoires\u00a0\u00bb.<\/p>\n<p>Mais c\u2019est Ostwald qui concentre son ambition, o\u00f9 il ressent \u00ab\u00a0un besoin de changement de m\u00e9thodes et de renouvellement des visages\u00a0\u00bb. Il observe que les Ostwaldois \u00ab\u00a0ont envie de voir la ville bouger, de ne pas devoir aller dans une ville voisine pour trouver les services et commerces du quotidien\u00a0\u00bb. Et de citer\u00a0: biblioth\u00e8que, infrastructures sportives, r\u00e9novation des parcs, redynamisation du march\u00e9, \u00e9coles, renforcement de la police municipale\u2026<\/p>\n<p>\u00ab\u00a0Les finances ne doivent pas emp\u00eacher d\u2019avoir de l\u2019ambition\u00a0\u00bb, consid\u00e8re celui qui veut \u00ab\u00a0restaurer le lien social\u00a0\u00bb et d\u00e9barrasser la cit\u00e9 \u00ab\u00a0de son \u00e9tiquette de ville-dortoir\u00a0\u00bb. Il a encore quelques mois pour proposer des fa\u00e7ons d\u2019y parvenir.<\/p>\n","protected":false},"excerpt":{"rendered":"Depuis quelques mois, Dylan Hirn, 29 ans, assiste aux conseils municipaux, fait du porte-\u00e0-porte, glisse des tracts dans&hellip;\n","protected":false},"author":2,"featured_media":276770,"comment_status":"","ping_status":"","sticky":false,"template":"","format":"standard","meta":{"footnotes":""},"categories":[2820],"tags":[1111,11,2880,5949,4188,1777,674,107,1011,27,775,3540,3035,12,6611,316,25,640,3089],"class_list":{"0":"post-276769","1":"post","2":"type-post","3":"status-publish","4":"format-standard","5":"has-post-thumbnail","7":"category-strasbourg","8":"tag-actu","9":"tag-actualites","10":"tag-edition-strasbourg","11":"tag-elections","12":"tag-elections-municipales","13":"tag-eu","14":"tag-europe","15":"tag-fil-info","16":"tag-fr","17":"tag-france","18":"tag-grand-est","19":"tag-horizons","20":"tag-la-matinale-strasbourg","21":"tag-news","22":"tag-ostwald","23":"tag-politique","24":"tag-republique-francaise","25":"tag-strasbourg","26":"tag-strasbourg-sud"},"share_on_mastodon":{"url":"https:\/\/pubeurope.com\/@fr\/114923659776128742","error":""},"_links":{"self":[{"href":"https:\/\/www.europesays.com\/fr\/wp-json\/wp\/v2\/posts\/276769","targetHints":{"allow":["GET"]}}],"collection":[{"href":"https:\/\/www.europesays.com\/fr\/wp-json\/wp\/v2\/posts"}],"about":[{"href":"https:\/\/www.europesays.com\/fr\/wp-json\/wp\/v2\/types\/post"}],"author":[{"embeddable":true,"href":"https:\/\/www.europesays.com\/fr\/wp-json\/wp\/v2\/users\/2"}],"replies":[{"embeddable":true,"href":"https:\/\/www.europesays.com\/fr\/wp-json\/wp\/v2\/comments?post=276769"}],"version-history":[{"count":0,"href":"https:\/\/www.europesays.com\/fr\/wp-json\/wp\/v2\/posts\/276769\/revisions"}],"wp:featuredmedia":[{"embeddable":true,"href":"https:\/\/www.europesays.com\/fr\/wp-json\/wp\/v2\/media\/276770"}],"wp:attachment":[{"href":"https:\/\/www.europesays.com\/fr\/wp-json\/wp\/v2\/media?parent=276769"}],"wp:term":[{"taxonomy":"category","embeddable":true,"href":"https:\/\/www.europesays.com\/fr\/wp-json\/wp\/v2\/categories?post=276769"},{"taxonomy":"post_tag","embeddable":true,"href":"https:\/\/www.europesays.com\/fr\/wp-json\/wp\/v2\/tags?post=276769"}],"curies":[{"name":"wp","href":"https:\/\/api.w.org\/{rel}","templated":true}]}}