{"id":27678,"date":"2025-04-15T21:55:14","date_gmt":"2025-04-15T21:55:14","guid":{"rendered":"https:\/\/www.europesays.com\/fr\/27678\/"},"modified":"2025-04-15T21:55:14","modified_gmt":"2025-04-15T21:55:14","slug":"roubaix-fete-le-printemps-avec-sa-semaine-verte","status":"publish","type":"post","link":"https:\/\/www.europesays.com\/fr\/27678\/","title":{"rendered":"Roubaix f\u00eate le printemps avec sa Semaine Verte"},"content":{"rendered":"<p class=\"introduction\">Du 28 avril au 4 mai 2025, vivez une semaine enti\u00e8re d\u00e9di\u00e9e aux plantes, aux jardins, \u00e0 la biodiversit\u00e9\u2026 Ateliers, balades, rencontres, visites : la Ville propose une programmation riche et fleurie, o\u00f9 chacun pourra trouver son bonheur, que l\u2019on soit jardinier du dimanche ou amoureux des balcons verdoyants.<\/p>\n<p>La ville se met au vert<\/p>\n<p class=\"\" data-start=\"765\" data-end=\"1043\">Partout en ville, les commer\u00e7ants joueront le jeu avec des vitrines joliment d\u00e9cor\u00e9es par l\u2019illustratrice roubaisienne <a href=\"https:\/\/luciemassart.art\/\" target=\"_blank\" rel=\"noopener nofollow\"><strong data-start=\"882\" data-end=\"899\">Lucie Massart<\/strong><\/a>. En bonus : des sachets de graines distribu\u00e9s gratuitement pour inciter les habitants \u00e0 faire pousser un petit coin de verdure chez eux.<\/p>\n<p>Les temps forts de la semaineSamedi 3 mai \u2013 Portes ouvertes des Serres Municipales<\/p>\n<p class=\"\" data-start=\"1300\" data-end=\"1580\">De 10h \u00e0 18h \u2013 240 quai de Marseille<br data-start=\"1336\" data-end=\"1339\"\/>Une occasion unique de d\u00e9couvrir les coulisses du service des espaces verts : plantes des futurs massifs, serre de collection, lutte biologique, r\u00e9am\u00e9nagement des cours d\u2019\u00e9cole, fresque street art\u2026 Des ateliers sont pr\u00e9vus pour les enfants !<\/p>\n<p>Samedi 3 mai \u2013 Visite guid\u00e9e \u00ab Les herbes folles au cimeti\u00e8re \u00bb<\/p>\n<p class=\"\" data-start=\"1653\" data-end=\"1944\">De 10h30 \u00e0 12h \u2013 Place Chaptal<br data-start=\"1683\" data-end=\"1686\"\/>Une balade in\u00e9dite dans le cimeti\u00e8re de Roubaix entre m\u00e9moire et biodiversit\u00e9. Apprenez \u00e0 reconna\u00eetre les plantes spontan\u00e9es et d\u00e9couvrez les pratiques de jardinage durable mises en place dans ce lieu de recueillement.<br data-start=\"1875\" data-end=\"1878\"\/><strong data-start=\"1878\" data-end=\"1944\">Tarif plein : 8 \u20ac \u2013 r\u00e9duit : 6,50 \u20ac \u2013 <a href=\"http:\/\/www.reservation.lilletourism.com\/les-herbes-folles-au-cimetiere-de-roubaix.html\" target=\"_blank\" rel=\"noopener nofollow\">R\u00e9servation obligatoire.<\/a><\/strong><\/p>\n<p>Dimanche 4 mai \u2013 March\u00e9 de Printemps de Roubaix<\/p>\n<p class=\"\" data-start=\"2001\" data-end=\"2293\">De 10h \u00e0 18h \u2013 Grand-Place<br data-start=\"2027\" data-end=\"2030\"\/>Un incontournable pour qui veut fleurir son balcon ou enrichir son potager : fleurs, plants, arbres, aromatiques, le tout accompagn\u00e9 d\u2019ateliers gratuits et d\u2019animations sur le th\u00e8me du v\u00e9g\u00e9tal et du z\u00e9ro d\u00e9chet. Restauration sur place dans une ambiance champ\u00eatre.<\/p>\n<p>Les autres animations de la Semaine verte<\/p>\n<p class=\"\" data-start=\"2343\" data-end=\"2363\"><strong data-start=\"2343\" data-end=\"2361\">Lundi 28 avril<\/strong><\/p>\n<p class=\"\" data-start=\"2506\" data-end=\"2526\"><strong data-start=\"2506\" data-end=\"2524\">Mardi 29 avril<\/strong><\/p>\n<p class=\"\" data-start=\"2673\" data-end=\"2696\"><strong data-start=\"2673\" data-end=\"2694\">Mercredi 30 avril<\/strong><\/p>\n<ul data-start=\"2697\" data-end=\"2872\">\n<li class=\"\" data-start=\"2697\" data-end=\"2754\">\n<p class=\"\" data-start=\"2699\" data-end=\"2754\">Atelier potager au Centre social ICIELA, de 10h \u00e0 12h<\/p>\n<\/li>\n<li class=\"\" data-start=\"2755\" data-end=\"2872\">\n<p class=\"\" data-start=\"2757\" data-end=\"2872\">D\u00e9couverte des jardins municipaux par les jardiniers-gardes, \u00e0 15h (Parc Cassel, Nouveau Monde, Destombes, Catteau)<\/p>\n<\/li>\n<\/ul>\n<p class=\"\" data-start=\"2874\" data-end=\"2893\"><strong data-start=\"2874\" data-end=\"2891\">Jeudi 1er mai<\/strong><\/p>\n<p class=\"\" data-start=\"3004\" data-end=\"3024\"><strong data-start=\"3004\" data-end=\"3022\">Vendredi 2 mai<\/strong><\/p>\n<p class=\"\" data-start=\"3174\" data-end=\"3192\"><strong data-start=\"3174\" data-end=\"3190\">Samedi 3 mai<\/strong><\/p>\n<ul data-start=\"3193\" data-end=\"3393\">\n<li class=\"\" data-start=\"3193\" data-end=\"3305\">\n<p class=\"\" data-start=\"3195\" data-end=\"3305\">Atelier \u00ab petites bestioles \u00bb, de 14h \u00e0 15h \u2013 \u00c9cole Lucie Aubrac (sur inscription par SMS au 06 17 65 92 49)<\/p>\n<\/li>\n<li class=\"\" data-start=\"3306\" data-end=\"3393\">\n<p class=\"\" data-start=\"3308\" data-end=\"3393\">Atelier jardin \u00e0 l\u2019Assiserie \u2013 \u00c9cologie Int\u00e9grale (94 rue Saint Joseph), de 14h \u00e0 16h<\/p>\n<\/li>\n<\/ul>\n<p class=\"\" data-start=\"3395\" data-end=\"3549\">Et toute la semaine, la <strong data-start=\"3419\" data-end=\"3445\">M\u00e9diath\u00e8que de Roubaix<\/strong> mettra en avant une s\u00e9lection de livres autour de l\u2019\u00e9cologie, des plantes et de notre rapport \u00e0 la nature.<\/p>\n<p>Cr\u00e9dit Photo : S\u00e9bastien Candelier, service Communication, ville de Roubaix<\/p>\n","protected":false},"excerpt":{"rendered":"Du 28 avril au 4 mai 2025, vivez une semaine enti\u00e8re d\u00e9di\u00e9e aux plantes, aux jardins, \u00e0 la&hellip;\n","protected":false},"author":2,"featured_media":27679,"comment_status":"","ping_status":"","sticky":false,"template":"","format":"standard","meta":{"footnotes":""},"categories":[2815],"tags":[1111,11,436,1777,674,1011,27,811,1307,12,25,9739],"class_list":{"0":"post-27678","1":"post","2":"type-post","3":"status-publish","4":"format-standard","5":"has-post-thumbnail","7":"category-lille","8":"tag-actu","9":"tag-actualites","10":"tag-environnement","11":"tag-eu","12":"tag-europe","13":"tag-fr","14":"tag-france","15":"tag-hauts-de-france","16":"tag-lille","17":"tag-news","18":"tag-republique-francaise","19":"tag-semaine-verte"},"share_on_mastodon":{"url":"https:\/\/pubeurope.com\/@fr\/114344212865219745","error":""},"_links":{"self":[{"href":"https:\/\/www.europesays.com\/fr\/wp-json\/wp\/v2\/posts\/27678","targetHints":{"allow":["GET"]}}],"collection":[{"href":"https:\/\/www.europesays.com\/fr\/wp-json\/wp\/v2\/posts"}],"about":[{"href":"https:\/\/www.europesays.com\/fr\/wp-json\/wp\/v2\/types\/post"}],"author":[{"embeddable":true,"href":"https:\/\/www.europesays.com\/fr\/wp-json\/wp\/v2\/users\/2"}],"replies":[{"embeddable":true,"href":"https:\/\/www.europesays.com\/fr\/wp-json\/wp\/v2\/comments?post=27678"}],"version-history":[{"count":0,"href":"https:\/\/www.europesays.com\/fr\/wp-json\/wp\/v2\/posts\/27678\/revisions"}],"wp:featuredmedia":[{"embeddable":true,"href":"https:\/\/www.europesays.com\/fr\/wp-json\/wp\/v2\/media\/27679"}],"wp:attachment":[{"href":"https:\/\/www.europesays.com\/fr\/wp-json\/wp\/v2\/media?parent=27678"}],"wp:term":[{"taxonomy":"category","embeddable":true,"href":"https:\/\/www.europesays.com\/fr\/wp-json\/wp\/v2\/categories?post=27678"},{"taxonomy":"post_tag","embeddable":true,"href":"https:\/\/www.europesays.com\/fr\/wp-json\/wp\/v2\/tags?post=27678"}],"curies":[{"name":"wp","href":"https:\/\/api.w.org\/{rel}","templated":true}]}}