{"id":276782,"date":"2025-07-27T06:03:10","date_gmt":"2025-07-27T06:03:10","guid":{"rendered":"https:\/\/www.europesays.com\/fr\/276782\/"},"modified":"2025-07-27T06:03:10","modified_gmt":"2025-07-27T06:03:10","slug":"une-vierge-a-lenfant-du-xvie-siecle-restauree-pres-de-bordeaux","status":"publish","type":"post","link":"https:\/\/www.europesays.com\/fr\/276782\/","title":{"rendered":"une Vierge \u00e0 l\u2019Enfant du XVIe si\u00e8cle restaur\u00e9e pr\u00e8s de Bordeaux"},"content":{"rendered":"<p class=\"fig-slideshow__title\">\n                    La Vierge \u00e0 l\u2019Enfant de Bazas, retrouv\u00e9e enterr\u00e9e en 2014, a \u00e9t\u00e9 restaur\u00e9e et inscrite aux monuments historiques\n                <\/p>\n<p>Acc\u00e9der au diaporama (4)<\/p>\n<p><strong>EN IMAGES &#8211;<\/strong> Retrouv\u00e9e enterr\u00e9e \u00e0 Bazas en 2014, la statue de Notre-Dame de La Flotte est inscrite aux monuments historiques. Dix ans apr\u00e8s sa trouvaille, elle se r\u00e9v\u00e8le au public dans la cath\u00e9drale de la ville.<\/p>\n<p class=\"fig-paragraph\"><a href=\"http:\/\/www.lefigaro.fr\/bordeaux\/les-reliques-de-saint-thomas-d-aquin-revelees-pour-la-premiere-fois-depuis-le-moyen-age-20230222\" data-fig-type=\"NewsFlash\" data-gtm-custom-categorie=\"navigation\" data-gtm-custom-action=\"crossclick\" data-gtm-custom-label=\"Contextuel\" data-gtm-event=\"customEventSPE\" data-fig-domain=\"LEFIGARO\" rel=\"nofollow noopener\" target=\"_blank\">L\u2019amour ne passera jamais<\/a>\u00a0et encore moins la\u00a0<a href=\"http:\/\/www.lefigaro.fr\/bordeaux\/quelle-est-l-histoire-de-notre-dame-des-marins-d-arcachon-la-statue-miraculeuse-du-xvie-siecle-veneree-par-napoleon-iii-20250525\" data-fig-type=\"NewsFlash\" data-gtm-custom-categorie=\"navigation\" data-gtm-custom-action=\"crossclick\" data-gtm-custom-label=\"Contextuel\" data-gtm-event=\"customEventSPE\" data-fig-domain=\"LEFIGARO\" rel=\"nofollow noopener\" target=\"_blank\">d\u00e9votion des catholiques<\/a>\u00a0comme Arnaud Lalanne pour\u00a0<a href=\"http:\/\/www.lefigaro.fr\/culture\/dossier\/figaro-hors-serie-qui-est-la-vierge-marie\" data-fig-type=\"Topic\" data-gtm-custom-categorie=\"navigation\" data-gtm-custom-action=\"crossclick\" data-gtm-custom-label=\"Contextuel\" data-gtm-event=\"customEventSPE\" data-fig-domain=\"LEFIGARO\" rel=\"nofollow noopener\" target=\"_blank\">la Vierge Marie<\/a>. En 2014, le professeur de philosophie au lyc\u00e9e Gis\u00e8le Halimi de Bazas (Gironde) effectuait des recherches sur son \u00e9tablissement scolaire quand il a d\u00e9couvert que les lieux, qui abritaient jusqu\u2019en 1907 un coll\u00e8ge dioc\u00e9sain, \u00e9taient autrefois orn\u00e9s d\u2019une Vierge \u00e0 l\u2019Enfant. Cette statue surplombait le portail. \u00abAu d\u00e9part, je cherchais tous les souvenirs de l\u2019ancien coll\u00e8ge. Mais au-del\u00e0 de l\u2019aspect historique, une statue de la Vierge n\u2019est pas un objet comme les autres. J\u2019ai ressenti un appel spirituel \u00e0 la retrouver\u00bb, d\u00e9clare le quadrag\u00e9naire.<\/p>\n<p class=\"fig-paragraph\">Renseign\u00e9 par d\u2019anciens \u00e9l\u00e8ves dont Pierre Rozi\u00e9, il d\u00e9couvre alors que la repr\u00e9sentation de la Madone a \u00e9t\u00e9 pr\u00e9serv\u00e9e par l\u2019abb\u00e9 Esterlin lors de la loi de s\u00e9paration des \u00c9glises et de l\u2019\u00c9tat. Elle a \u00e9t\u00e9 install\u00e9e en 1910 au domaine de La Flotte, toujours \u00e0 Bazas, avec d\u2019autres objets religieux sauv\u00e9s de l\u2019expropriation. Plus d\u2019un si\u00e8cle plus tard, le domaine a \u00e9t\u00e9 vendu \u00e0 des particuliers qui acceptent qu\u2019Arnaud Lalanne vienne visiter leur jardin pour trouver des indices sur la statue. \u00abJ\u2019ai d\u00e9couvert un socle vide au milieu des herbes hautes. \u00c0 son pied, j\u2019ai vu un bout de pierre qui d\u00e9passait. J\u2019ai donc gratt\u00e9 jusqu\u2019\u00e0 d\u00e9couvrir avec \u00e9motion le visage de la Sainte Vierge\u00bb, se rem\u00e9more Arnaud Lalanne.<\/p>\n<p>                                    <a class=\"fig-a11y-skip a11y-hidden\" href=\"#fig-a11y-skip-main-inarticle\"><br \/>\n        Passer la publicit\u00e9<br \/>\n    <\/a><\/p>\n<p>Vandalis\u00e9e et enterr\u00e9e<\/p>\n<p class=\"fig-paragraph\">La statue de la Sainte Vierge a souffert. Vandalis\u00e9e peu apr\u00e8s l\u2019achat de la propri\u00e9t\u00e9 par des particuliers en 1958, Notre-Dame de La Flotte a la t\u00eate sci\u00e9e \u00e0 l\u2019endroit o\u00f9 reposait sa couronne. L\u2019Enfant qu\u2019elle tient contre son sein, lui, s\u2019est fait arracher le visage, les bras et un pied. Il ne lui reste que sa petite main, coll\u00e9e sur le c\u0153ur de sa m\u00e8re. \u00abDes malfaiteurs ont fait tomber la statue pour la d\u00e9truire ou la voler. Quand je l\u2019ai d\u00e9terr\u00e9, elle avait encore la trace de la sangle qu\u2019ils ont utilis\u00e9e\u00bb, d\u00e9crit le philosophe. \u00abElle a s\u00fbrement \u00e9t\u00e9 cass\u00e9e par des jeunes qui passaient par l\u00e0, \u00e0 l\u2019\u00e9poque les lieux \u00e9taient \u00e0 l\u2019abandon\u00bb, compl\u00e8te Marie-Bernadette Dulau, adjointe \u00e0 la culture et au patrimoine de la ville de Bazas.<\/p>\n<p class=\"fig-paragraph\">Le temps et la nature n\u2019ont pas \u00e9t\u00e9 plus tendres que la main de l\u2019homme.\u00a0Le lichen et les parasites rongent l\u2019effigie de la Sainte Vierge. \u00abAu d\u00e9part, tout le monde pendait que c\u2019\u00e9tait une statue sans int\u00e9r\u00eat, dat\u00e9e du XIXe si\u00e8cle\u00bb, indique Arnaud Lalanne. Rapidement, des recherches d\u00e9montrent le contraire\u00a0: cette Vierge \u00e0 l\u2019Enfant, qui p\u00e8se 350 kilos, date du XVIe si\u00e8cle. Le travail d\u2019orf\u00e8vre r\u00e9alis\u00e9 pour la sculpter conduit la Direction des affaires culturelles (Drac) \u00e0 l\u2019inscrire au titre des monuments historiques en 2015.<\/p>\n<p>Pas d\u2019archives<\/p>\n<p class=\"fig-paragraph\">Pour permettre la restauration de la statue, ses propri\u00e9taires d\u00e9cident alors de l\u2019offrir \u00e0 la ville de Bazas. Seule condition\u00a0: que Notre-Dame de La Flotte soit int\u00e9gr\u00e9e \u00e0 la cath\u00e9drale pour demeurer un objet de d\u00e9votion. \u00abC\u2019est une \u0153uvre tr\u00e8s ab\u00eem\u00e9e. C\u2019est un travail [de restauration NDLR], d\u00e9licat et complexe. D\u2019abord, il y a eu un long chantier d\u2019assainissement\u00bb, d\u00e9taille Tiziana Mazzoni, du cabinet Artheo, qui s\u2019est vue confier cette mission. L\u2019artiste, qui travaille jusqu\u2019\u00e0 la fin ao\u00fbt au sein de la cath\u00e9drale de la Bazas, a \u00e9t\u00e9 touch\u00e9e par la sculpture. \u00abC\u2019est un grand travail d\u2019artiste, les d\u00e9tails sont tr\u00e8s raffin\u00e9s et la statue est sculpt\u00e9e dans un calcaire de qualit\u00e9. Le visage de la Vierge est d\u2019une grande finesse. Je n\u2019imaginais pas un r\u00e9sultat aussi parlant avant son nettoyage\u00bb, pr\u00e9cise-t-elle.<\/p>\n<p class=\"fig-body-link\">\n            \u00c0 lire aussi<br \/>\n        <a class=\"fig-body-link__link\" href=\"http:\/\/www.lefigaro.fr\/bordeaux\/quelle-est-l-histoire-de-notre-dame-des-marins-d-arcachon-la-statue-miraculeuse-du-xvie-siecle-veneree-par-napoleon-iii-20250525\" data-fig-type=\"NewsFlash\" data-gtm-custom-categorie=\"navigation\" data-gtm-custom-action=\"crossclick\" data-gtm-custom-label=\"Contextuel\" data-gtm-event=\"customEventSPE\" data-fig-domain=\"LEFIGARO\" rel=\"nofollow noopener\" target=\"_blank\">Quelle est l\u2019histoire de Notre-Dame des marins d\u2019Arcachon, la statue miraculeuse du XVIe si\u00e8cle v\u00e9n\u00e9r\u00e9e par Napol\u00e9on III\u00a0?<br \/>\n    <\/a>\n<\/p>\n<p class=\"fig-paragraph\">Si les recherches scientifiques ne permettent pas pour l\u2019instant de d\u00e9terminer avec pr\u00e9cision qui est l\u2019auteur de Notre-Dame de La Flotte, Arnaud Lalanne \u00e9met une hypoth\u00e8se. Le professeur de philosophie pense qu\u2019il s\u2019agit d\u2019une des trois statues &#8211; de la Vierge Marie, Marie-Cl\u00e9ophas et Marie Salom\u00e9 &#8211; qui encadraient autrefois la porte de la Cadenne \u00e0 Bordeaux, christianis\u00e9e au XVIe si\u00e8cle. Une analyse comparative avec la pierre de la statue de Marie-Cl\u00e9ophas, d\u00e9sormais conserv\u00e9e au mus\u00e9e d\u2019Aquitaine, pourrait permettre de le v\u00e9rifier. D\u2019ici l\u00e0, chacun peut admirer Notre-Dame de la Flotte dans le d\u00e9ambulatoire de la cath\u00e9drale de Bazas.<\/p>\n","protected":false},"excerpt":{"rendered":"La Vierge \u00e0 l\u2019Enfant de Bazas, retrouv\u00e9e enterr\u00e9e en 2014, a \u00e9t\u00e9 restaur\u00e9e et inscrite aux monuments historiques&hellip;\n","protected":false},"author":2,"featured_media":276783,"comment_status":"","ping_status":"","sticky":false,"template":"","format":"standard","meta":{"footnotes":""},"categories":[2817],"tags":[1111,11,1997,8305,1777,674,1011,27,12,2219,2551,25,20273],"class_list":{"0":"post-276782","1":"post","2":"type-post","3":"status-publish","4":"format-standard","5":"has-post-thumbnail","7":"category-bordeaux","8":"tag-actu","9":"tag-actualites","10":"tag-bordeaux","11":"tag-eglise-catholique","12":"tag-eu","13":"tag-europe","14":"tag-fr","15":"tag-france","16":"tag-news","17":"tag-nouvelle-aquitaine","18":"tag-patrimoine","19":"tag-republique-francaise","20":"tag-vierge-marie"},"share_on_mastodon":{"url":"https:\/\/pubeurope.com\/@fr\/114923687606751733","error":""},"_links":{"self":[{"href":"https:\/\/www.europesays.com\/fr\/wp-json\/wp\/v2\/posts\/276782","targetHints":{"allow":["GET"]}}],"collection":[{"href":"https:\/\/www.europesays.com\/fr\/wp-json\/wp\/v2\/posts"}],"about":[{"href":"https:\/\/www.europesays.com\/fr\/wp-json\/wp\/v2\/types\/post"}],"author":[{"embeddable":true,"href":"https:\/\/www.europesays.com\/fr\/wp-json\/wp\/v2\/users\/2"}],"replies":[{"embeddable":true,"href":"https:\/\/www.europesays.com\/fr\/wp-json\/wp\/v2\/comments?post=276782"}],"version-history":[{"count":0,"href":"https:\/\/www.europesays.com\/fr\/wp-json\/wp\/v2\/posts\/276782\/revisions"}],"wp:featuredmedia":[{"embeddable":true,"href":"https:\/\/www.europesays.com\/fr\/wp-json\/wp\/v2\/media\/276783"}],"wp:attachment":[{"href":"https:\/\/www.europesays.com\/fr\/wp-json\/wp\/v2\/media?parent=276782"}],"wp:term":[{"taxonomy":"category","embeddable":true,"href":"https:\/\/www.europesays.com\/fr\/wp-json\/wp\/v2\/categories?post=276782"},{"taxonomy":"post_tag","embeddable":true,"href":"https:\/\/www.europesays.com\/fr\/wp-json\/wp\/v2\/tags?post=276782"}],"curies":[{"name":"wp","href":"https:\/\/api.w.org\/{rel}","templated":true}]}}