{"id":276793,"date":"2025-07-27T06:10:14","date_gmt":"2025-07-27T06:10:14","guid":{"rendered":"https:\/\/www.europesays.com\/fr\/276793\/"},"modified":"2025-07-27T06:10:14","modified_gmt":"2025-07-27T06:10:14","slug":"le-regne-des-mensonges-dans-ce-cimetiere","status":"publish","type":"post","link":"https:\/\/www.europesays.com\/fr\/276793\/","title":{"rendered":"\u00ab\u00a0le r\u00e8gne des mensonges\u00a0\u00bb dans ce cimeti\u00e8re\u00a0?"},"content":{"rendered":"<p>            Par<br \/>\n        <strong><br \/>\n            <a href=\"https:\/\/actu.fr\/auteur\/theo-zuili\" title=\"Consulter tous les articles de Th\u00e9o Zuili\" target=\"_blank\" rel=\"noopener\">Th\u00e9o Zuili<\/a><br \/>\n        <\/strong><\/p>\n<p>        Publi\u00e9 le<\/p>\n<p>            27 juil. 2025 \u00e0 7h42        <\/p>\n<p>Le 20 juin dernier, une c\u00e9r\u00e9monie d\u2019hommage pr\u00e8s de <a href=\"https:\/\/actu.fr\/auvergne-rhone-alpes\/lyon_69123\" target=\"_blank\" rel=\"noopener\">Lyon<\/a> s\u2019est tenue<strong> sur le trottoir<\/strong>, derri\u00e8re les grilles closes de la n\u00e9cropole nationale. Le rassemblement organis\u00e9 au \u00ab\u00a0Tata\u00a0\u00bb de Chasselay (Rh\u00f4ne) par des collectifs de sans-papiers et de soutien aux migrants \u00e9tait venu de Paris pour honorer <a href=\"https:\/\/actu.fr\/auvergne-rhone-alpes\/chasselay_69049\/pres-de-lyon-ce-cimetiere-pas-comme-les-autres-cache-une-histoire-terrible_61240811.html\" target=\"_blank\" rel=\"noopener\">les tirailleurs s\u00e9n\u00e9galais massacr\u00e9s ici par l\u2019arm\u00e9e allemande en 1940<\/a>, tout en d\u00e9non\u00e7ant les lois actuelles sur l\u2019immigration.<br \/>Le minist\u00e8re des Arm\u00e9es, contact\u00e9 par actu Lyon, assume la d\u00e9cision : \u00ab\u00a0Une <strong>manifestation politique<\/strong> ne peut avoir lieu dans une n\u00e9cropole nationale.\u00a0\u00bb Armelle Mabon, historienne sp\u00e9cialiste des tirailleurs aux prises avec l\u2019\u00c9tat, d\u00e9nonce une \u00ab\u00a0nouvelle d\u00e9cision arbitraire\u00a0\u00bb qui lui laisse croire \u00e0 un \u00ab\u00a0r\u00e8gne des mensonges\u00a0\u00bb dans ce cimeti\u00e8re.<\/p>\n<p>Une manifestation politique<\/p>\n<p class=\" wall-content\">Venus pour se recueillir et \u00ab\u00a0montrer notre col\u00e8re contre la loi d\u2019immigration et les politiciens selon qui nous sommes le probl\u00e8me de la France alors que c\u2019est archi-faux et qu\u2019on sait la v\u00e9rit\u00e9 (sic)\u00a0\u00bb, ces<strong> travailleurs en attente de papiers<\/strong> qui craignent de voir toutes les portes de la naturalisation se fermer pr\u00e9voyaient de \u00ab\u00a0manifester depuis la mairie de Chasselay jusqu\u2019au tata pour rendre visible la solidarit\u00e9 face aux d\u00e9gradations r\u00e9centes et l\u2019hommage aux tirailleurs\u00a0\u00bb.<\/p>\n<blockquote class=\"ac-article-quote wall-content\">\n<p>En m\u00e9moire des tirailleurs d\u2019hier, massacr\u00e9s par les nazis, en solidarit\u00e9 avec les tirailleurs d\u2019aujourd\u2019hui qui r\u00e9sistent contre le racisme au pouvoir, incarn\u00e9 par Retailleau et Darmanin et contre les fascistes du RN \u00e0 Reconqu\u00eate en passant par les n\u00e9o-nazis qui ont march\u00e9 \u00e0 Paris le 10 mai dernier.<\/p>\n<p>    <strong>Marche des Solidarit\u00e9s<\/strong>\n            <\/p><\/blockquote>\n<p>    <img   decoding=\"async\" loading=\"lazy\" src=\"https:\/\/www.europesays.com\/fr\/wp-content\/uploads\/2025\/07\/tata-senegalais-lyon-porte-fermee-necropole-nationale-polemique-prefecture-manifestation-politique-9.png\" alt=\"Ferm\u00e9e aux manifestants le 20 juin, la n\u00e9cropole militaire de Chasselay, pr\u00e8s de Lyon (Rh\u00f4ne) cristallise les tensions autour de la m\u00e9moire des tirailleurs africains.\" width=\"960\" height=\"640\"\/><br \/>\n    Des membres de la d\u00e9l\u00e9gation devant les portes closes de la n\u00e9cropole, le 20 juin. (\u00a9S\u00e9bastien Majerowicz)<\/p>\n<p class=\" wall-content\">De nature \u00e9minemment politique, cette manifestation s\u2019est vue interdire l\u2019acc\u00e8s au Tata \u00ab\u00a0en conformit\u00e9 avec la politique [\u2026] qui ne permet de manifestations politiques dans les n\u00e9cropoles nationales\u00a0\u00bb. Une d\u00e9cision pol\u00e9mique, per\u00e7ue comme \u00ab\u00a0une humiliation\u00a0\u00bb pour ces Africains dont certains sont<strong> descendants de tirailleurs<\/strong>, <a href=\"https:\/\/actu.fr\/auvergne-rhone-alpes\/chasselay_69049\/un-incident-diplomatique-fait-des-remous-pres-de-lyon-ce-qu-il-s-est-passe_62916018.html\" target=\"_blank\" rel=\"noopener\">qualifi\u00e9e \u00ab\u00a0d\u2019incident diplomatique\u00a0\u00bb par un d\u00e9put\u00e9 LFI.<\/a><\/p>\n<p>Des versions qui s\u2019opposent<\/p>\n<p class=\" wall-content\">\u00ab\u00a0Les organisateurs n\u2019ont jamais re\u00e7u de refus\u00a0\u00bb, r\u00e9torque Armelle Mabon. \u00ab\u00a0Ils sont arriv\u00e9s comme pr\u00e9vu, avec des gerbes, des prises de parole, et ils sont rest\u00e9s dehors.\u00a0\u00bb<\/p>\n<p class=\" wall-content\">La pr\u00e9f\u00e8te du Rh\u00f4ne affirme que les organisateurs avaient \u00e9t\u00e9<strong> inform\u00e9s en amont<\/strong>, mais aucun document ne vient, pour l\u2019heure, \u00e9tayer cette affirmation.<\/p>\n<p class=\" wall-content\">Le maire de Chasselay, Jacques Pariost, a accompagn\u00e9 ce d\u00e9fil\u00e9. Plut\u00f4t qu\u2019une manifestation, il d\u00e9fendait sur place un \u00ab\u00a0devoir de m\u00e9moire pour ceux qui se sont sacrifi\u00e9s pour la France\u00a0\u00bb. Lui-m\u00eame s\u2019est dit surpris en arrivant devant les grilles ferm\u00e9es, accusant la pr\u00e9fecture du Rh\u00f4ne et assurant sa solidarit\u00e9 avec les collectifs. Contact\u00e9, il n\u2019a pas r\u00e9pondu \u00e0 actu Lyon.<\/p>\n<p class=\" wall-content\">La d\u00e9cision de fermer le Tata de Chasselay ce jour-l\u00e0 \u00e9manerait de l\u2019Office national des combattants et des victimes de guerre (ONaCVG) au titre du r\u00e8glement g\u00e9n\u00e9ral des n\u00e9cropoles nationales, interdisant toute \u00ab\u00a0manifestations de nature \u00e0 nuire au recueillement\u00a0\u00bb.<\/p>\n<p>    <img   decoding=\"async\" loading=\"lazy\" src=\"https:\/\/www.europesays.com\/fr\/wp-content\/uploads\/2025\/07\/tata-senegalais-chasselay-pres-de-lyon-25e-rts-seconde-guerre-mondiale-allemands-960x640.png\" alt=\"Ce cimeti\u00e8re situ\u00e9 \u00e0 Chasselay (Rh\u00f4ne) pr\u00e8s de Lyon et baptis\u00e9 \" width=\"960\" height=\"640\"\/><br \/>\n    Ce cimeti\u00e8re situ\u00e9 \u00e0 Chasselay (Rh\u00f4ne) pr\u00e8s de Lyon est baptis\u00e9 \u00ab\u00a0Tata s\u00e9n\u00e9galais\u00a0\u00bb, signifiant \u00ab\u00a0enceinte fortifi\u00e9e\u00a0\u00bb en wolof. (\u00a9Taguelmoust \/ Creative Commons Attribution-Share Alike 3.0)<\/p>\n<p class=\" wall-content\">\u00ab\u00a0L\u2019ONaCVG n\u2019est \u00e9videmment pas en charge du suivi de votre manifestation et n\u2019a <strong>aucun avis \u00e0 donner sur le sujet<\/strong>. Je suis toutefois heureux de constater que nous partageons le m\u00eame souci quant \u00e0 la n\u00e9cessit\u00e9 de respecter ce lieu de m\u00e9moire et de pr\u00e9server sa solennit\u00e9\u00a0\u00bb, \u00e9crivait pourtant l\u2019ONaCVG quelques jours plus t\u00f4t, selon des \u00e9changes que nous avons pu consulter.<\/p>\n<p class=\" wall-content\">Armelle Mabon soup\u00e7onne derri\u00e8re l\u2019absence de preuve d\u2019une notification pr\u00e9alable une volont\u00e9 de corriger une erreur en improvisant \u00e0 post\u00e9riori pour garder la face. Pour elle, ces portes ferm\u00e9es s\u2019inscrivent dans un contexte plus large \u00ab\u00a0d\u2019instrumentalisation de la m\u00e9moire\u00a0\u00bb dans la n\u00e9cropole.<\/p>\n<p>Des plaques erron\u00e9es<\/p>\n<p class=\" wall-content\">Au c\u0153ur de cette accusation, deux plaques grav\u00e9es de 25 noms. En 2022, le minist\u00e8re des Arm\u00e9es avait inaugur\u00e9 au sein du Tata ces <strong>plaques comm\u00e9moratives en hommage \u00e0 25 tirailleurs<\/strong> jusqu\u2019alors \u00ab\u00a0port\u00e9s disparus ou non identifi\u00e9s\u00a0\u00bb.<\/p>\n<p class=\" wall-content\">Le communiqu\u00e9 officiel affirmait que ces soldats avaient \u00e9t\u00e9 \u00ab\u00a0identifi\u00e9s gr\u00e2ce \u00e0 des recherches g\u00e9n\u00e9tiques\u00a0\u00bb. Mais une enqu\u00eate men\u00e9e par l\u2019historienne Armelle Mabon a r\u00e9v\u00e9l\u00e9 que ces recherches ADN n\u2019ont jamais eu lieu, comme l\u2019a reconnu le minist\u00e8re des Arm\u00e9es dans une note judiciaire.<\/p>\n<p class=\" wall-content\"><strong>Seuls 7 des 25 soldats<\/strong> ont pu \u00eatre effectivement li\u00e9s, via des archives, \u00e0 une inhumation certaine \u00e0 Chasselay, et cinq autres y sont seulement \u00ab\u00a0possibles\u00a0\u00bb selon Armelle\u202fMabon, qui d\u00e9nonce des plaques \u00ab\u00a0constitu\u00e9es sans fondement scientifique\u00a0\u00bb.<\/p>\n<p>Des noms grav\u00e9s, mais sans preuve ?<\/p>\n<p class=\" wall-content\">Elle a obtenu gain de cause aupr\u00e8s du Tribunal administratif, qui a ordonn\u00e9 la transmission des documents attestant de ces inhumations. Si les documents sont coh\u00e9rents avec les plaques, cela validerait que l\u2019ajout de leurs noms repose sur une base fiable.<\/p>\n<p class=\" wall-content\">Mais le minist\u00e8re n\u2019a jamais fourni les pi\u00e8ces demand\u00e9es, et l\u2019affaire est aujourd\u2019hui<strong> relanc\u00e9e en justice<\/strong> pour en obtenir l\u2019ex\u00e9cution.<\/p>\n<p>Une contradiction qui agace<\/p>\n<p class=\" wall-content\">Pour l\u2019historienne, graver des noms sans preuve dans une n\u00e9cropole sous pr\u00e9texte d\u2019un hommage national reviendrait \u00e0 instrumentaliser la m\u00e9moire \u00e0 des fins politiques. Une d\u00e9marche d\u2019autant plus probl\u00e9matique, dit-elle, que l\u2019\u00c9tat invoque en parall\u00e8le le devoir de neutralit\u00e9 m\u00e9morielle pour interdire toute manifestation \u00ab\u00a0\u00e0 caract\u00e8re politique\u00a0\u00bb dans ce lieu.<\/p>\n<p class=\" wall-content\">\u00ab\u00a0Tout \u00e7a est ill\u00e9gal. Et quelque chose me dit que rien de tout \u00e7a n\u2019aurait \u00e9t\u00e9 permis si ces soldats avaient \u00e9t\u00e9 des fran\u00e7ais blancs\u00a0\u00bb, accuse Armelle Mabon. Pour l\u2019historienne, c\u2019est une man\u0153uvre de communication. \u00ab\u00a0On a instrumentalis\u00e9 ces morts pour produire <strong>un r\u00e9cit qui flatte l\u2019\u00c9tat<\/strong>, quitte \u00e0 tordre la v\u00e9rit\u00e9.\u00a0\u00bb<\/p>\n<p class=\" wall-content\">Elle parle de \u00ab\u00a0profanation m\u00e9morielle\u00a0\u00bb et d\u00e9nonce un \u00ab\u00a0r\u00e8gne des mensonges\u00a0\u00bb. Loin de l\u00e2cher le morceau, l\u2019historienne se dit optimiste : \u00ab\u00a0Je crois encore que ces plaques puissent \u00eatre corrig\u00e9es.\u00a0\u00bb<\/p>\n<p class=\" wall-content\">Impossible de dire, \u00e0 ce stade, si cette contradiction est le simple fruit d\u2019une maladresse institutionnelle ou d\u2019une volont\u00e9 d\u00e9lib\u00e9r\u00e9e.<\/p>\n<p class=\" wall-content\">Suivez toute l\u2019actualit\u00e9 de vos villes et m\u00e9dias favoris en vous inscrivant \u00e0 <a href=\"https:\/\/moncompte.actu.fr\" title=\"D\u00e9couvez Mon Actu\" rel=\"nofollow noopener\" data-trk=\"{&quot;cta&quot;:{&quot;action&quot;:&quot;https:\\\/\\\/moncompte.actu.fr&quot;,&quot;category&quot;:&quot;mon compte&quot;,&quot;from&quot;:&quot;article footer&quot;,&quot;name&quot;:&quot;Mon actu&quot;,&quot;type&quot;:&quot;cta&quot;}}\" target=\"_blank\">Mon Actu<\/a>.<\/p>\n","protected":false},"excerpt":{"rendered":"Par Th\u00e9o Zuili Publi\u00e9 le 27 juil. 2025 \u00e0 7h42 Le 20 juin dernier, une c\u00e9r\u00e9monie d\u2019hommage pr\u00e8s&hellip;\n","protected":false},"author":2,"featured_media":276794,"comment_status":"","ping_status":"","sticky":false,"template":"","format":"standard","meta":{"footnotes":""},"categories":[1889],"tags":[1111,11,2430,1777,674,1011,27,303,2428,12,9450,25,935,104],"class_list":{"0":"post-276793","1":"post","2":"type-post","3":"status-publish","4":"format-standard","5":"has-post-thumbnail","7":"category-lyon","8":"tag-actu","9":"tag-actualites","10":"tag-auvergne-rhone-alpes","11":"tag-eu","12":"tag-europe","13":"tag-fr","14":"tag-france","15":"tag-justice","16":"tag-lyon","17":"tag-news","18":"tag-prefecture-du-rhone","19":"tag-republique-francaise","20":"tag-seconde-guerre-mondiale","21":"tag-societe"},"share_on_mastodon":{"url":"https:\/\/pubeurope.com\/@fr\/114923714921597164","error":""},"_links":{"self":[{"href":"https:\/\/www.europesays.com\/fr\/wp-json\/wp\/v2\/posts\/276793","targetHints":{"allow":["GET"]}}],"collection":[{"href":"https:\/\/www.europesays.com\/fr\/wp-json\/wp\/v2\/posts"}],"about":[{"href":"https:\/\/www.europesays.com\/fr\/wp-json\/wp\/v2\/types\/post"}],"author":[{"embeddable":true,"href":"https:\/\/www.europesays.com\/fr\/wp-json\/wp\/v2\/users\/2"}],"replies":[{"embeddable":true,"href":"https:\/\/www.europesays.com\/fr\/wp-json\/wp\/v2\/comments?post=276793"}],"version-history":[{"count":0,"href":"https:\/\/www.europesays.com\/fr\/wp-json\/wp\/v2\/posts\/276793\/revisions"}],"wp:featuredmedia":[{"embeddable":true,"href":"https:\/\/www.europesays.com\/fr\/wp-json\/wp\/v2\/media\/276794"}],"wp:attachment":[{"href":"https:\/\/www.europesays.com\/fr\/wp-json\/wp\/v2\/media?parent=276793"}],"wp:term":[{"taxonomy":"category","embeddable":true,"href":"https:\/\/www.europesays.com\/fr\/wp-json\/wp\/v2\/categories?post=276793"},{"taxonomy":"post_tag","embeddable":true,"href":"https:\/\/www.europesays.com\/fr\/wp-json\/wp\/v2\/tags?post=276793"}],"curies":[{"name":"wp","href":"https:\/\/api.w.org\/{rel}","templated":true}]}}