{"id":276797,"date":"2025-07-27T06:14:09","date_gmt":"2025-07-27T06:14:09","guid":{"rendered":"https:\/\/www.europesays.com\/fr\/276797\/"},"modified":"2025-07-27T06:14:09","modified_gmt":"2025-07-27T06:14:09","slug":"repas-bio-et-a-prix-libre-a-ivry-sur-seine-la-cantine-solidaire-la-pagaille-menacee-de-fermeture","status":"publish","type":"post","link":"https:\/\/www.europesays.com\/fr\/276797\/","title":{"rendered":"Repas bio et \u00e0 prix libre&#8230; \u00c0 Ivry-sur-Seine, la cantine solidaire la Pagaille menac\u00e9e de fermeture"},"content":{"rendered":"<p>            Par<br \/>\n        <strong><br \/>\n            <a href=\"https:\/\/actu.fr\/auteur\/marie-amelie-marchal\" title=\"Consulter tous les articles de Marie Amelie Marchal\" target=\"_blank\" rel=\"noopener\">Marie Amelie Marchal<\/a><br \/>\n        <\/strong><\/p>\n<p>        Publi\u00e9 le<\/p>\n<p>            27 juil. 2025 \u00e0 7h44        <\/p>\n<p>La <a href=\"https:\/\/actu.fr\/ile-de-france\/creteil_94028\/comment-on-va-faire-les-associations-du-val-de-marne-effondrees-apres-la-forte-baisse-des-subventions_61981038.html\" target=\"_blank\" rel=\"noopener\">baisse des subventions<\/a> allou\u00e9es aux associations provoque de nombreux remous. Depuis quelques jours, la <strong>cantine de la Pagaille<\/strong> \u00e0 <a href=\"https:\/\/actu.fr\/ile-de-france\/ivry-sur-seine_94041\" target=\"_blank\" rel=\"noopener\">Ivry-sur-Seine<\/a> (Val-de-Marne) tente de lutter pour sortir la t\u00eate de l\u2019eau. \u00ab\u2009On a pris conscience que sans aide financi\u00e8re, notre mod\u00e8le ne survivrait pas\u2009\u00bb, confie \u00e0 actu Paris Julie Diler, coordinatrice du lieu. Une <a href=\"https:\/\/www.helloasso.com\/associations\/les-bokhales\/collectes\/soutenez-la-cantine-de-la-pagaille-campagne-soutien-urgence-2025?fbclid=IwY2xjawLwWuhleHRuA2FlbQIxMABicmlkETFWWEdQQWtQYklHSlY0TE01AR58XJRfIVkshq6SSnOp4HR9joDYQAy59LLyYhoE5WygeJDZ9S8IrDhFd1pkIQ_aem_PjvEeqy_H5_rQo6LCHTsKw\" target=\"_blank\" rel=\"noopener\">cagnotte<\/a> a \u00e9t\u00e9 ouverte, vendredi 25\u00a0juillet 2025.<\/p>\n<p>Entr\u00e9e, plat, dessert \u00e0 7\u00a0euros<\/p>\n<p class=\" wall-content\">Au menu ce midi\u2009: salade de pousses d\u2019\u00e9pinards, tajine de poulet aux olives et mouhalabya \u00e0 la fleur d\u2019oranger\/pistache. Le tout fait maison, avec des <strong>produits bio issus d\u2019invendus<\/strong> et \u00e0 prix libre. \u00ab\u2009Pour \u00eatre \u00e0 l\u2019\u00e9quilibre, il nous faudrait<strong> 7\u00a0euros par repas<\/strong> mais en g\u00e9n\u00e9ral on nous donne plut\u00f4t 4\u00a0euros\u2009\u00bb, glisse la coordinatrice.<\/p>\n<p class=\" wall-content\">Maillon indispensable de la solidarit\u00e9 dans le quartier, la cantine re\u00e7oit parfois des personnes en tr\u00e8s grande pr\u00e9carit\u00e9 qui n\u2019ont pas les moyens de mettre un euro. \u00ab\u2009Il arrive que \u00e7a soit leur<strong> seul repas de la journ\u00e9e<\/strong>\u2009\u00bb, livre la salari\u00e9e des Bokhal\u00e9s (\u00abaffam\u00e9s\u2009\u00bb en langue romani). \u00c0 table, le public est \u00e9clectique\u2009: b\u00e9n\u00e9ficiaires du CCAS, salari\u00e9s des entreprises alentours\u2026 Du mardi au samedi, les \u00e9quipes servent en moyenne<strong> 80 repas par jour<\/strong>.<\/p>\n<p class=\" wall-content\">Mais cette fois-ci, c\u2019est la cantine qui est dans la panade. Tr\u00e8s d\u00e9pendante des subventions, elle a vu son enveloppe de dotations fondre comme le reste des associations du territoire. \u00ab\u2009Nous proposons \u00e9galement nos services de traiteur mais les collectifs qui faisaient appel n\u2019ont plus les moyens\u2009\u00bb, alerte Julie Diler.<\/p>\n<p class=\" wall-content\">\u00ab\u2009Depuis cinq ans la cantine parvient \u00e0 vivoter mais \u00e0 l\u2019aune de notre r\u00e9organisation, on s\u2019est aper\u00e7us que notre tr\u00e9sorerie ne nous permettrait pas de survivre plus de six mois\u2009\u00bb, d\u00e9plore la salari\u00e9e. Implant\u00e9e depuis 2018 \u00e0 la Pagaille \u2013 <strong>chantier d\u2019insertion<\/strong> et recyclerie \u00e0 Ivry Port, la cantine emploie quatre personnes. \u00ab\u2009Les 10\u2009000 euros r\u00e9colt\u00e9s permettraient de payer les salaires\u2009malgr\u00e9 notre fermeture en ao\u00fbt \u00bb, argumente la coordinatrice.<\/p>\n<p class=\" wall-content\">Lien de <a href=\"https:\/\/www.helloasso.com\/associations\/les-bokhales\/collectes\/soutenez-la-cantine-de-la-pagaille-campagne-soutien-urgence-2025?fbclid=IwY2xjawLwWuhleHRuA2FlbQIxMABicmlkETFWWEdQQWtQYklHSlY0TE01AR58XJRfIVkshq6SSnOp4HR9joDYQAy59LLyYhoE5WygeJDZ9S8IrDhFd1pkIQ_aem_PjvEeqy_H5_rQo6LCHTsKw\" target=\"_blank\" rel=\"noopener\">la cagnotte<\/a>.\u00a0<\/p>\n<p class=\" wall-content\">Suivez toute l\u2019actualit\u00e9 de vos villes et m\u00e9dias favoris en vous inscrivant \u00e0 <a href=\"https:\/\/moncompte.actu.fr\" title=\"D\u00e9couvez Mon Actu\" rel=\"nofollow noopener\" data-trk=\"{&quot;cta&quot;:{&quot;action&quot;:&quot;https:\\\/\\\/moncompte.actu.fr&quot;,&quot;category&quot;:&quot;mon compte&quot;,&quot;from&quot;:&quot;article footer&quot;,&quot;name&quot;:&quot;Mon actu&quot;,&quot;type&quot;:&quot;cta&quot;}}\" target=\"_blank\">Mon Actu<\/a>.<\/p>\n","protected":false},"excerpt":{"rendered":"Par Marie Amelie Marchal Publi\u00e9 le 27 juil. 2025 \u00e0 7h44 La baisse des subventions allou\u00e9es aux associations&hellip;\n","protected":false},"author":2,"featured_media":276798,"comment_status":"","ping_status":"","sticky":false,"template":"","format":"standard","meta":{"footnotes":""},"categories":[1888],"tags":[1111,1928,11,1927,677,1777,674,1011,27,12,1926,626,1925,4518,25,104,3400],"class_list":{"0":"post-276797","1":"post","2":"type-post","3":"status-publish","4":"format-standard","5":"has-post-thumbnail","7":"category-paris","8":"tag-actu","9":"tag-actu-paris","10":"tag-actualites","11":"tag-actualites-paris","12":"tag-bons-plans","13":"tag-eu","14":"tag-europe","15":"tag-fr","16":"tag-france","17":"tag-news","18":"tag-news-paris","19":"tag-paris","20":"tag-paris-news","21":"tag-pauvrete","22":"tag-republique-francaise","23":"tag-societe","24":"tag-solidarite"},"share_on_mastodon":{"url":"https:\/\/pubeurope.com\/@fr\/114923730567832484","error":""},"_links":{"self":[{"href":"https:\/\/www.europesays.com\/fr\/wp-json\/wp\/v2\/posts\/276797","targetHints":{"allow":["GET"]}}],"collection":[{"href":"https:\/\/www.europesays.com\/fr\/wp-json\/wp\/v2\/posts"}],"about":[{"href":"https:\/\/www.europesays.com\/fr\/wp-json\/wp\/v2\/types\/post"}],"author":[{"embeddable":true,"href":"https:\/\/www.europesays.com\/fr\/wp-json\/wp\/v2\/users\/2"}],"replies":[{"embeddable":true,"href":"https:\/\/www.europesays.com\/fr\/wp-json\/wp\/v2\/comments?post=276797"}],"version-history":[{"count":0,"href":"https:\/\/www.europesays.com\/fr\/wp-json\/wp\/v2\/posts\/276797\/revisions"}],"wp:featuredmedia":[{"embeddable":true,"href":"https:\/\/www.europesays.com\/fr\/wp-json\/wp\/v2\/media\/276798"}],"wp:attachment":[{"href":"https:\/\/www.europesays.com\/fr\/wp-json\/wp\/v2\/media?parent=276797"}],"wp:term":[{"taxonomy":"category","embeddable":true,"href":"https:\/\/www.europesays.com\/fr\/wp-json\/wp\/v2\/categories?post=276797"},{"taxonomy":"post_tag","embeddable":true,"href":"https:\/\/www.europesays.com\/fr\/wp-json\/wp\/v2\/tags?post=276797"}],"curies":[{"name":"wp","href":"https:\/\/api.w.org\/{rel}","templated":true}]}}