{"id":276803,"date":"2025-07-27T06:17:12","date_gmt":"2025-07-27T06:17:12","guid":{"rendered":"https:\/\/www.europesays.com\/fr\/276803\/"},"modified":"2025-07-27T06:17:12","modified_gmt":"2025-07-27T06:17:12","slug":"lucas-chevalier-a-trouve-un-accord-avec-le-psg","status":"publish","type":"post","link":"https:\/\/www.europesays.com\/fr\/276803\/","title":{"rendered":"Lucas Chevalier a trouv\u00e9 un accord avec le PSG"},"content":{"rendered":"<p style=\"text-align: justify;\"><strong>TRANSFERTS \u2013 Selon <a href=\"https:\/\/www.lequipe.fr\/Football\/Actualites\/Mercato-lucas-chevalier-de-plus-en-plus-proche-du-psg\/1581025\" target=\"_blank\" rel=\"noopener nofollow\">L\u2019\u00c9quipe<\/a>, le Paris Saint-Germain a trouv\u00e9 un accord avec Lucas Chevalier et entame des discussions avec le LOSC.<\/strong><\/p>\n<p style=\"text-align: justify;\"><strong>Gianluigi<\/strong> <strong>Donnarumma<\/strong> a publiquement exprim\u00e9 sa volont\u00e9 de prolonger avec le Paris Saint-Germain, mais en priv\u00e9, le gardien italien aurait ouvert la porte \u00e0 un d\u00e9part. Alors que sa prolongation est au point mort, les dirigeants parisiens pourraient donc d\u00e9cider de s\u2019en s\u00e9parer \u00e0 un an de la fin de son contrat. <strong>Manchester<\/strong> <strong>City<\/strong> et <strong>Manchester<\/strong> <strong>United<\/strong> sont notamment int\u00e9ress\u00e9s.<\/p>\n<p>Un contrat de 5 ans pour Lucas Chevalier<\/p>\n<p style=\"text-align: justify;\">Le d\u00e9part de <strong>Gianluigi<\/strong> <strong>Donnarumma\u00a0<\/strong>est une vraie possibilit\u00e9, si bien que le <strong>PSG<\/strong> est d\u00e9j\u00e0 pass\u00e9 \u00e0 l\u2019offensive pour son rempla\u00e7ant. <strong>Lucas<\/strong> <strong>Chevalier,<\/strong> devenu num\u00e9ro 2 dans la hi\u00e9rarchie des gardiens en \u00e9quipe de France, est l\u2019heureux \u00e9lu. Selon nos confr\u00e8res, il aurait m\u00eame d\u00e9j\u00e0 trouv\u00e9 un accord avec le <strong>Paris Saint-Germain<\/strong> pour un contrat de cinq ans.<\/p>\n<p style=\"text-align: justify;\">Reste maintenant \u00e0 convaincre le <strong>LOSC<\/strong> qui va se montrer gourmand pour lib\u00e9rer son gardien \u00e0 deux ans de la fin de son contrat. Le <strong>PSG<\/strong> devra probablement d\u00e9bourser plus de 40 millions d\u2019euros pour le signer. Les champions d\u2019Europe veulent finaliser l\u2019arriv\u00e9e du Lillois avant d\u2019autoriser <strong>Gianluigi<\/strong> <strong>Donnarumma\u00a0<\/strong>\u00e0 chercher un nouveau point de chute.<\/p>\n<p>\u00c0 ce sujet<br \/>\n<a href=\"https:\/\/dicodusport.fr\/blog\/mercato-psg-2025-2026-le-tableau-complet-des-transferts-arrivees-et-departs\/\" class=\"vlp-link\" title=\"Mercato PSG 2025-2026 : Le tableau complet des transferts, arriv\u00e9es et d\u00e9parts\" rel=\"nofollow noopener\" target=\"_blank\"><img loading=\"lazy\" decoding=\"async\" style=\"max-width: 792px;\" width=\"792\" height=\"445\" class=\"attachment-800x445 size-800x445 perfmatters-lazy\" alt=\"Mercato PSG 2025-2026 Le tableau complet des transferts, arriv\u00e9es et d\u00e9parts\" src=\"https:\/\/www.europesays.com\/fr\/wp-content\/uploads\/2025\/07\/Mercato-PSG-2025-2026-Le-tableau-complet-des-transferts-arrivees-et-departs.png\"  data-\/><\/p>\n<p>Mercato PSG 2025-2026 : Le tableau complet des transferts, arriv\u00e9es et d\u00e9parts<\/p>\n<p>TRANSFERTS PSG &#8211; Retrouvez tous les mouvements du Paris Saint-Germain pour l&rsquo;intersaison 2025 en Ligue 1. Arriv\u00e9es, d\u00e9part, pr\u00eats, transferts d\u00e9finitifs, ne ratez rien du mercato estival.\u00a0<\/p>\n<p>Lire l&rsquo;article<\/p>\n<p>dicodusport.fr<\/p>\n","protected":false},"excerpt":{"rendered":"TRANSFERTS \u2013 Selon L\u2019\u00c9quipe, le Paris Saint-Germain a trouv\u00e9 un accord avec Lucas Chevalier et entame des discussions&hellip;\n","protected":false},"author":2,"featured_media":276804,"comment_status":"","ping_status":"","sticky":false,"template":"","format":"standard","meta":{"footnotes":""},"categories":[1888],"tags":[11,2113,1777,674,1011,27,23100,12,626,93,25],"class_list":{"0":"post-276803","1":"post","2":"type-post","3":"status-publish","4":"format-standard","5":"has-post-thumbnail","7":"category-paris","8":"tag-actualites","9":"tag-breve","10":"tag-eu","11":"tag-europe","12":"tag-fr","13":"tag-france","14":"tag-mercato-football","15":"tag-news","16":"tag-paris","17":"tag-psg","18":"tag-republique-francaise"},"share_on_mastodon":{"url":"https:\/\/pubeurope.com\/@fr\/114923742535570394","error":""},"_links":{"self":[{"href":"https:\/\/www.europesays.com\/fr\/wp-json\/wp\/v2\/posts\/276803","targetHints":{"allow":["GET"]}}],"collection":[{"href":"https:\/\/www.europesays.com\/fr\/wp-json\/wp\/v2\/posts"}],"about":[{"href":"https:\/\/www.europesays.com\/fr\/wp-json\/wp\/v2\/types\/post"}],"author":[{"embeddable":true,"href":"https:\/\/www.europesays.com\/fr\/wp-json\/wp\/v2\/users\/2"}],"replies":[{"embeddable":true,"href":"https:\/\/www.europesays.com\/fr\/wp-json\/wp\/v2\/comments?post=276803"}],"version-history":[{"count":0,"href":"https:\/\/www.europesays.com\/fr\/wp-json\/wp\/v2\/posts\/276803\/revisions"}],"wp:featuredmedia":[{"embeddable":true,"href":"https:\/\/www.europesays.com\/fr\/wp-json\/wp\/v2\/media\/276804"}],"wp:attachment":[{"href":"https:\/\/www.europesays.com\/fr\/wp-json\/wp\/v2\/media?parent=276803"}],"wp:term":[{"taxonomy":"category","embeddable":true,"href":"https:\/\/www.europesays.com\/fr\/wp-json\/wp\/v2\/categories?post=276803"},{"taxonomy":"post_tag","embeddable":true,"href":"https:\/\/www.europesays.com\/fr\/wp-json\/wp\/v2\/tags?post=276803"}],"curies":[{"name":"wp","href":"https:\/\/api.w.org\/{rel}","templated":true}]}}