{"id":276805,"date":"2025-07-27T06:18:13","date_gmt":"2025-07-27T06:18:13","guid":{"rendered":"https:\/\/www.europesays.com\/fr\/276805\/"},"modified":"2025-07-27T06:18:13","modified_gmt":"2025-07-27T06:18:13","slug":"le-plus-grand-gisement-depuis-80-ans-redonne-a-leurope-des-ambitions-petrolieres-que-meme-la-russie-navait-pas-anticipees","status":"publish","type":"post","link":"https:\/\/www.europesays.com\/fr\/276805\/","title":{"rendered":"Le plus grand gisement depuis 80 ans redonne \u00e0 l\u2019Europe des ambitions p\u00e9troli\u00e8res que m\u00eame la Russie n\u2019avait pas anticip\u00e9es"},"content":{"rendered":"<tr>\n<td><strong>EN BREF<\/strong><\/td>\n<\/tr>\n<tr>\n<td>\n<ul>\n<li>\ud83d\udee2\ufe0f D\u00e9couverte majeure d\u2019un gisement p\u00e9trolier en mer Baltique, au large des c\u00f4tes polonaises, avec des r\u00e9serves estim\u00e9es \u00e0 <strong>200 millions de barils<\/strong>.<\/li>\n<li>Le champ p\u00e9trolier Wolin East pourrait couvrir jusqu\u2019\u00e0 <strong>5 % de la consommation de p\u00e9trole de la Pologne<\/strong>, r\u00e9duisant sa d\u00e9pendance \u00e9nerg\u00e9tique.<\/li>\n<li>La mise en exploitation pr\u00e9vue dans trois \u00e0 quatre ans pourrait transformer le <strong>paysage \u00e9nerg\u00e9tique europ\u00e9en<\/strong> et renforcer l\u2019ind\u00e9pendance du continent.<\/li>\n<li>\ud83c\udf0d Des d\u00e9fis environnementaux et des <strong>implications g\u00e9opolitiques<\/strong> majeurs doivent \u00eatre pris en compte pour une exploitation responsable et durable.<\/li>\n<\/ul>\n<\/td>\n<\/tr>\n<p>L\u2019annonce de la d\u00e9couverte d\u2019un vaste gisement p\u00e9trolier en mer Baltique a suscit\u00e9 un vif int\u00e9r\u00eat dans le secteur de l\u2019\u00e9nergie. Situ\u00e9 au large des c\u00f4tes polonaises, ce gisement pourrait repr\u00e9senter la plus grande d\u00e9couverte dans cette r\u00e9gion depuis des d\u00e9cennies. Avec des r\u00e9serves estim\u00e9es \u00e0 200 millions de barils de p\u00e9trole, l\u2019impact potentiel sur l\u2019\u00e9conomie polonaise et europ\u00e9enne est majeur. Cet \u00e9v\u00e9nement soul\u00e8ve des questions sur l\u2019avenir \u00e9nerg\u00e9tique de l\u2019Europe et les implications g\u00e9opolitiques de cette d\u00e9couverte.<\/p>\n<p>Un potentiel \u00e9nerg\u00e9tique significatif pour la Pologne<\/p>\n<p>La d\u00e9couverte du champ p\u00e9trolier Wolin East repr\u00e9sente une opportunit\u00e9 consid\u00e9rable pour la Pologne. Situ\u00e9 \u00e0 seulement six kilom\u00e8tres de la ville portuaire de \u015awinouj\u015bcie, ce gisement pourrait transformer le paysage \u00e9nerg\u00e9tique polonais. Selon les estimations actuelles, les r\u00e9serves permettraient de couvrir jusqu\u2019\u00e0 5 % de la consommation nationale de p\u00e9trole. Cette perspective de r\u00e9duction de la d\u00e9pendance aux importations \u00e9nerg\u00e9tiques est cruciale pour l\u2019\u00e9conomie locale.<\/p>\n<p>Central European Petroleum (CEP), la soci\u00e9t\u00e9 \u00e0 l\u2019origine des sondages, pr\u00e9voit de d\u00e9buter l\u2019exploitation dans les trois \u00e0 quatre prochaines ann\u00e9es. <strong>La mise en production de ce gisement pourrait non seulement booster l\u2019\u00e9conomie locale mais aussi renforcer la position de la Pologne dans le secteur \u00e9nerg\u00e9tique europ\u00e9en<\/strong>. Cependant, les d\u00e9fis techniques et environnementaux li\u00e9s \u00e0 l\u2019exploitation en mer Baltique devront \u00eatre soigneusement g\u00e9r\u00e9s pour assurer un d\u00e9veloppement durable.<\/p>\n<blockquote class=\"wp-embedded-content\" data-secret=\"bmFTHBVx3c\">\n<p><a href=\"https:\/\/www.le-gaz.fr\/2025\/06\/21\/vous-gaspillez-des-centaines-deuros-chaque-annee-cette-astuce-energetique-incroyable-pour-economiser-jusqua-200-euros-en-changeant-de-contrat-des-maintenant\/\" rel=\"nofollow noopener\" target=\"_blank\">Vous gaspillez des centaines d\u2019euros chaque ann\u00e9e : cette astuce \u00e9nerg\u00e9tique incroyable pour \u00e9conomiser jusqu\u2019\u00e0 200 euros en changeant de contrat d\u00e8s maintenant<\/a><\/p>\n<\/blockquote>\n<p>Implications pour l\u2019Europe : vers une ind\u00e9pendance \u00e9nerg\u00e9tique ?<\/p>\n<p>Si la Pologne pourrait tirer un avantage direct de cette d\u00e9couverte, les implications pour l\u2019Europe sont \u00e9galement significatives. Actuellement, le continent d\u00e9pend fortement des importations d\u2019\u00e9nergie, ce qui le rend vuln\u00e9rable aux fluctuations des prix mondiaux et aux tensions g\u00e9opolitiques. Un gisement de cette ampleur pourrait potentiellement r\u00e9duire cette d\u00e9pendance, mais cela n\u00e9cessiterait des investissements substantiels pour d\u00e9velopper les infrastructures n\u00e9cessaires.<\/p>\n<p>La question demeure de savoir si ce gisement pourrait alimenter le continent sur le long terme. <strong>Des discussions sont d\u00e9j\u00e0 en cours pour envisager une distribution plus large du p\u00e9trole extrait<\/strong>. Cependant, des \u00e9tudes approfondies sur la viabilit\u00e9 et la durabilit\u00e9 de cette exploitation seront essentielles pour garantir que l\u2019Europe puisse en b\u00e9n\u00e9ficier sans compromettre ses engagements environnementaux.<\/p>\n<blockquote class=\"wp-embedded-content\" data-secret=\"Vp1bAuVNiy\">\n<p><a href=\"https:\/\/www.le-gaz.fr\/2025\/06\/25\/choc-tarifaire-imminent-cette-hausse-inattendue-de-votre-facture-de-gaz-des-le-1er-juillet-2025-pourrait-bouleverser-votre-budget-quotidien\/\" rel=\"nofollow noopener\" target=\"_blank\">Choc tarifaire imminent : cette hausse inattendue de votre facture de gaz d\u00e8s le 1er juillet 2025 pourrait bouleverser votre budget quotidien<\/a><\/p>\n<\/blockquote>\n<p>Les d\u00e9fis environnementaux de l\u2019exploitation p\u00e9troli\u00e8re en mer Baltique<\/p>\n<p>La mer Baltique est une zone \u00e9cologique sensible, et toute activit\u00e9 d\u2019extraction de p\u00e9trole doit \u00eatre men\u00e9e avec une attention particuli\u00e8re aux impacts environnementaux. La pr\u00e9servation de cet \u00e9cosyst\u00e8me unique est une priorit\u00e9 pour les gouvernements et les organisations environnementales. La Pologne devra mettre en place des mesures strictes pour minimiser les risques de pollution et g\u00e9rer les d\u00e9chets de mani\u00e8re responsable.<\/p>\n<p>Des technologies de pointe seront n\u00e9cessaires pour garantir une extraction propre et efficace. <strong>CEP s\u2019engage \u00e0 respecter les normes environnementales les plus \u00e9lev\u00e9es<\/strong>, mais le succ\u00e8s de cette entreprise d\u00e9pendra de la rigueur de leur mise en \u0153uvre. La coop\u00e9ration avec les pays voisins, notamment l\u2019Allemagne, sera \u00e9galement cruciale pour assurer une gestion transfrontali\u00e8re des risques et des ressources.<\/p>\n<p>Perspectives \u00e9conomiques et g\u00e9opolitiques<\/p>\n<p>La d\u00e9couverte de ce gisement pourrait avoir des retomb\u00e9es \u00e9conomiques significatives pour la Pologne et l\u2019Europe. Au-del\u00e0 de l\u2019impact direct sur les prix de l\u2019\u00e9nergie, cette d\u00e9couverte pourrait repositionner la Pologne en tant qu\u2019acteur cl\u00e9 de l\u2019\u00e9nergie en Europe. Cela pourrait \u00e9galement influencer les relations g\u00e9opolitiques, notamment avec les principaux exportateurs de p\u00e9trole.<\/p>\n<p>Les effets potentiels sur le march\u00e9 du travail local sont \u00e9galement prometteurs, avec la cr\u00e9ation d\u2019emplois dans l\u2019exploration, l\u2019extraction et la logistique. <strong>Les b\u00e9n\u00e9fices \u00e9conomiques devront toutefois \u00eatre \u00e9quilibr\u00e9s avec les consid\u00e9rations environnementales et sociales<\/strong>. La question demeure : comment la Pologne et l\u2019Europe g\u00e9reront-elles cette opportunit\u00e9 pour maximiser les avantages tout en minimisant les inconv\u00e9nients ?<\/p>\n<p>La d\u00e9couverte du gisement p\u00e9trolier en mer Baltique ouvre la voie \u00e0 de nouvelles possibilit\u00e9s pour la Pologne et l\u2019Europe. Alors que les pr\u00e9paratifs pour l\u2019exploitation se mettent en place, une question cruciale se pose : cette avanc\u00e9e marquera-t-elle un tournant vers une ind\u00e9pendance \u00e9nerg\u00e9tique durable pour l\u2019Europe, ou s\u2019accompagnera-t-elle de d\u00e9fis insurmontables ?<\/p>\n<p>Cet article s\u2019appuie sur des sources v\u00e9rifi\u00e9es et l\u2019assistance de technologies \u00e9ditoriales.<\/p>\n<p id=\"rating\">\u00c7a vous a plu ?\u00a04.5\/5 (23)<\/p>\n","protected":false},"excerpt":{"rendered":"EN BREF \ud83d\udee2\ufe0f D\u00e9couverte majeure d\u2019un gisement p\u00e9trolier en mer Baltique, au large des c\u00f4tes polonaises, avec des&hellip;\n","protected":false},"author":2,"featured_media":276806,"comment_status":"","ping_status":"","sticky":false,"template":"","format":"standard","meta":{"footnotes":""},"categories":[1591],"tags":[11,1887,12,1885,1886,132],"class_list":{"0":"post-276805","1":"post","2":"type-post","3":"status-publish","4":"format-standard","5":"has-post-thumbnail","7":"category-russie","8":"tag-actualites","9":"tag-federation-de-russie","10":"tag-news","11":"tag-russia","12":"tag-russian-federation","13":"tag-russie"},"share_on_mastodon":{"url":"https:\/\/pubeurope.com\/@fr\/114923746404110636","error":""},"_links":{"self":[{"href":"https:\/\/www.europesays.com\/fr\/wp-json\/wp\/v2\/posts\/276805","targetHints":{"allow":["GET"]}}],"collection":[{"href":"https:\/\/www.europesays.com\/fr\/wp-json\/wp\/v2\/posts"}],"about":[{"href":"https:\/\/www.europesays.com\/fr\/wp-json\/wp\/v2\/types\/post"}],"author":[{"embeddable":true,"href":"https:\/\/www.europesays.com\/fr\/wp-json\/wp\/v2\/users\/2"}],"replies":[{"embeddable":true,"href":"https:\/\/www.europesays.com\/fr\/wp-json\/wp\/v2\/comments?post=276805"}],"version-history":[{"count":0,"href":"https:\/\/www.europesays.com\/fr\/wp-json\/wp\/v2\/posts\/276805\/revisions"}],"wp:featuredmedia":[{"embeddable":true,"href":"https:\/\/www.europesays.com\/fr\/wp-json\/wp\/v2\/media\/276806"}],"wp:attachment":[{"href":"https:\/\/www.europesays.com\/fr\/wp-json\/wp\/v2\/media?parent=276805"}],"wp:term":[{"taxonomy":"category","embeddable":true,"href":"https:\/\/www.europesays.com\/fr\/wp-json\/wp\/v2\/categories?post=276805"},{"taxonomy":"post_tag","embeddable":true,"href":"https:\/\/www.europesays.com\/fr\/wp-json\/wp\/v2\/tags?post=276805"}],"curies":[{"name":"wp","href":"https:\/\/api.w.org\/{rel}","templated":true}]}}