{"id":276811,"date":"2025-07-27T06:21:09","date_gmt":"2025-07-27T06:21:09","guid":{"rendered":"https:\/\/www.europesays.com\/fr\/276811\/"},"modified":"2025-07-27T06:21:09","modified_gmt":"2025-07-27T06:21:09","slug":"royaume-uni-un-chirurgien-accuse-davoir-ampute-ses-jambes-pour-frauder-les-assurances-linfo-re","status":"publish","type":"post","link":"https:\/\/www.europesays.com\/fr\/276811\/","title":{"rendered":"Royaume-Uni : un chirurgien accus\u00e9 d\u2019avoir amput\u00e9 ses jambes pour frauder les assurances &#8211; LINFO.re"},"content":{"rendered":"<p>Neil Hopper est soup\u00e7onn\u00e9 d\u2019avoir volontairement coup\u00e9 ses jambes pour toucher une importante somme d\u2019assurance.<\/p>\n<p>\t\t\t\t\t\t<strong>Une fraude \u00e0 grande \u00e9chelle<\/strong><\/p>\n<p style=\"text-align: justify;\">Neil Hopper, 49 ans, sp\u00e9cialiste reconnu des <strong>amputations<\/strong>, est mis en examen pour <strong><a href=\"https:\/\/www.linfo.re\/tags\/escroquerie\" target=\"_blank\" rel=\"nofollow noopener\">escroquerie<\/a> <\/strong>aux <strong>assurances<\/strong>. D\u2019apr\u00e8s les d\u00e9tails partag\u00e9s par le site Lefigaro.fr, il aurait menti sur les causes de sa propre op\u00e9ration pour obtenir 530 000 euros. Selon la police locale, il aurait affirm\u00e9 que ses jambes avaient \u00e9t\u00e9 amput\u00e9es \u00e0 cause d\u2019une septic\u00e9mie en 2019. Or, il aurait lui-m\u00eame pratiqu\u00e9 cette amputation pour b\u00e9n\u00e9ficier d\u2019indemnit\u00e9s.<\/p>\n<p><strong>Des accusations lourdes<\/strong><\/p>\n<p style=\"text-align: justify;\">Outre la fraude, le chirurgien vasculaire est soumis \u00e0 une enqu\u00eate pour avoir encourag\u00e9 un homme \u00e0 commettre des <strong>mutilations<\/strong> sur d\u2019autres personnes. Ces faits, dat\u00e9s entre 2018 et 2020, impliquent des vid\u00e9os extr\u00eames achet\u00e9es sur un site sp\u00e9cialis\u00e9. Il aurait incit\u00e9 un certain Marius Gustavson \u00e0 infliger ces <a href=\"https:\/\/www.linfo.re\/tags\/violences\" target=\"_blank\" rel=\"nofollow noopener\">violences<\/a>, selon les autorit\u00e9s britanniques.<\/p>\n<p><strong>Une d\u00e9tention provisoire ordonn\u00e9e<\/strong><\/p>\n<p style=\"text-align: justify;\">Interpell\u00e9, le chirurgien a \u00e9t\u00e9 plac\u00e9 en d\u00e9tention provisoire. Sa prochaine comparution devant la Cour de Truro est pr\u00e9vue pour le 26 ao\u00fbt. Jusqu\u2019en mars 2023, Neil Hopper exer\u00e7ait au Royal Cornwall Hospitals NHS Trust. Il a \u00e9t\u00e9 suspendu apr\u00e8s une enqu\u00eate longue de deux ans et demi. L\u2019h\u00f4pital a pr\u00e9cis\u00e9 ne pas avoir relev\u00e9 de faute professionnelle ni de danger pour les patients.<\/p>\n<p><strong>Un parcours qui semblait exemplaire<\/strong><\/p>\n<p style=\"text-align: justify;\">Avant la r\u00e9v\u00e9lation de l\u2019affaire, le parcours de Neil Hopper inspirait. En 2023, il racontait \u00e0 la BBC avoir remarch\u00e9 seulement trois heures apr\u00e8s son amputation. Il affirmait \u00eatre devenu plus actif, jusqu\u2019\u00e0 \u00eatre pr\u00e9s\u00e9lectionn\u00e9 par l\u2019Agence spatiale europ\u00e9enne pour un programme d\u2019astronautes handicap\u00e9s.<\/p>\n","protected":false},"excerpt":{"rendered":"Neil Hopper est soup\u00e7onn\u00e9 d\u2019avoir volontairement coup\u00e9 ses jambes pour toucher une importante somme d\u2019assurance. Une fraude \u00e0&hellip;\n","protected":false},"author":2,"featured_media":276812,"comment_status":"","ping_status":"","sticky":false,"template":"","format":"standard","meta":{"footnotes":""},"categories":[1588],"tags":[47,11,1777,674,1922,74,12,473,1853,1851,1850,1852],"class_list":{"0":"post-276811","1":"post","2":"type-post","3":"status-publish","4":"format-standard","5":"has-post-thumbnail","7":"category-royaume-uni","8":"tag-actualite","9":"tag-actualites","10":"tag-eu","11":"tag-europe","12":"tag-info","13":"tag-monde","14":"tag-news","15":"tag-royaume-uni","16":"tag-royaume-uni-de-grande-bretagne-et-dirlande-du-nord","17":"tag-uk","18":"tag-united-kingdom","19":"tag-united-kingdom-of-great-britain-and-northern-ireland"},"share_on_mastodon":{"url":"","error":""},"_links":{"self":[{"href":"https:\/\/www.europesays.com\/fr\/wp-json\/wp\/v2\/posts\/276811","targetHints":{"allow":["GET"]}}],"collection":[{"href":"https:\/\/www.europesays.com\/fr\/wp-json\/wp\/v2\/posts"}],"about":[{"href":"https:\/\/www.europesays.com\/fr\/wp-json\/wp\/v2\/types\/post"}],"author":[{"embeddable":true,"href":"https:\/\/www.europesays.com\/fr\/wp-json\/wp\/v2\/users\/2"}],"replies":[{"embeddable":true,"href":"https:\/\/www.europesays.com\/fr\/wp-json\/wp\/v2\/comments?post=276811"}],"version-history":[{"count":0,"href":"https:\/\/www.europesays.com\/fr\/wp-json\/wp\/v2\/posts\/276811\/revisions"}],"wp:featuredmedia":[{"embeddable":true,"href":"https:\/\/www.europesays.com\/fr\/wp-json\/wp\/v2\/media\/276812"}],"wp:attachment":[{"href":"https:\/\/www.europesays.com\/fr\/wp-json\/wp\/v2\/media?parent=276811"}],"wp:term":[{"taxonomy":"category","embeddable":true,"href":"https:\/\/www.europesays.com\/fr\/wp-json\/wp\/v2\/categories?post=276811"},{"taxonomy":"post_tag","embeddable":true,"href":"https:\/\/www.europesays.com\/fr\/wp-json\/wp\/v2\/tags?post=276811"}],"curies":[{"name":"wp","href":"https:\/\/api.w.org\/{rel}","templated":true}]}}