{"id":276813,"date":"2025-07-27T06:22:09","date_gmt":"2025-07-27T06:22:09","guid":{"rendered":"https:\/\/www.europesays.com\/fr\/276813\/"},"modified":"2025-07-27T06:22:09","modified_gmt":"2025-07-27T06:22:09","slug":"face-aux-droits-de-douane-lallemagne-fait-le-dos-rond","status":"publish","type":"post","link":"https:\/\/www.europesays.com\/fr\/276813\/","title":{"rendered":"Face aux droits de douane, l&rsquo;Allemagne fait le dos rond"},"content":{"rendered":"<p>Friedrich Merz avait l&rsquo;air presque euphorique ; juste avant son d\u00eener de travail avec Emmanuel Macron mercredi 23 juillet \u00e0 Berlin, le chancelier a tenu \u00e0 annoncer qu&rsquo;on pourrait bient\u00f4t arriver \u00e0 \u00ab\u202fdes d\u00e9cisions\u202f\u00bb \u2009: un accord en vue entre <a href=\"https:\/\/www.latribune.fr\/economie\/international\/droits-de-douane-un-accord-proche-d-etre-conclu-entre-les-etats-unis-et-l-union-europeenne-1030312.html\" target=\"_blank\" rel=\"noopener\">la Commission europ\u00e9enne<\/a> et Washington sur les droits de douane -\u202fcela serait un soulagement en Allemagne, partisane de la m\u00e9thode douce dans ce conflit. Ce sc\u00e9nario, pas id\u00e9al, est largement privil\u00e9gi\u00e9 \u00e0 Berlin, qui redoute plus que tout la perspective d&rsquo;un emballement tarifaire.<\/p>\n<p>\u00ab\u202fCela toucherait au c\u0153ur le secteur exportateur allemand\u202f\u00bb, redoutait encore <a href=\"https:\/\/www.latribune.fr\/la-tribune-dimanche\/dimanche-eco\/friedrich-merz-plaide-pour-un-leadership-allemand-en-europe-1022734.html\" target=\"_blank\" rel=\"noopener\">Friedrich Merz<\/a> vendredi 18\u202fjuillet lors de sa grande conf\u00e9rence de presse estivale. Plus de 10\u202f% des exportations allemandes partent aux \u00c9tats-Unis, qui sont le premier partenaire commercial du pays (259\u202fmilliards d&rsquo;euros d&rsquo;\u00e9changes en 2024).<\/p>\n","protected":false},"excerpt":{"rendered":"Friedrich Merz avait l&rsquo;air presque euphorique ; juste avant son d\u00eener de travail avec Emmanuel Macron mercredi 23&hellip;\n","protected":false},"author":2,"featured_media":276814,"comment_status":"","ping_status":"","sticky":false,"template":"","format":"standard","meta":{"footnotes":""},"categories":[1587],"tags":[17,11,672,1007,1804,1805,1803,9007,981,2483,1777,674,2823,21,1801,3442,3102,12,1802],"class_list":{"0":"post-276813","1":"post","2":"type-post","3":"status-publish","4":"format-standard","5":"has-post-thumbnail","7":"category-allemagne","8":"tag-17","9":"tag-actualites","10":"tag-allemagne","11":"tag-aux","12":"tag-bundesrepublik-deutschland","13":"tag-de","14":"tag-deutschland","15":"tag-dos","16":"tag-douane","17":"tag-droits","18":"tag-eu","19":"tag-europe","20":"tag-face","21":"tag-fait","22":"tag-germany","23":"tag-lallemagne","24":"tag-la-tribune-dimanche","25":"tag-news","26":"tag-republique-federale-dallemagne"},"share_on_mastodon":{"url":"https:\/\/pubeurope.com\/@fr\/114923762082350538","error":""},"_links":{"self":[{"href":"https:\/\/www.europesays.com\/fr\/wp-json\/wp\/v2\/posts\/276813","targetHints":{"allow":["GET"]}}],"collection":[{"href":"https:\/\/www.europesays.com\/fr\/wp-json\/wp\/v2\/posts"}],"about":[{"href":"https:\/\/www.europesays.com\/fr\/wp-json\/wp\/v2\/types\/post"}],"author":[{"embeddable":true,"href":"https:\/\/www.europesays.com\/fr\/wp-json\/wp\/v2\/users\/2"}],"replies":[{"embeddable":true,"href":"https:\/\/www.europesays.com\/fr\/wp-json\/wp\/v2\/comments?post=276813"}],"version-history":[{"count":0,"href":"https:\/\/www.europesays.com\/fr\/wp-json\/wp\/v2\/posts\/276813\/revisions"}],"wp:featuredmedia":[{"embeddable":true,"href":"https:\/\/www.europesays.com\/fr\/wp-json\/wp\/v2\/media\/276814"}],"wp:attachment":[{"href":"https:\/\/www.europesays.com\/fr\/wp-json\/wp\/v2\/media?parent=276813"}],"wp:term":[{"taxonomy":"category","embeddable":true,"href":"https:\/\/www.europesays.com\/fr\/wp-json\/wp\/v2\/categories?post=276813"},{"taxonomy":"post_tag","embeddable":true,"href":"https:\/\/www.europesays.com\/fr\/wp-json\/wp\/v2\/tags?post=276813"}],"curies":[{"name":"wp","href":"https:\/\/api.w.org\/{rel}","templated":true}]}}