{"id":276817,"date":"2025-07-27T06:24:13","date_gmt":"2025-07-27T06:24:13","guid":{"rendered":"https:\/\/www.europesays.com\/fr\/276817\/"},"modified":"2025-07-27T06:24:13","modified_gmt":"2025-07-27T06:24:13","slug":"michael-mcgrath-letat-de-droit-de-lue-nest-pas-negociable-regarder-le-documentaire-complet","status":"publish","type":"post","link":"https:\/\/www.europesays.com\/fr\/276817\/","title":{"rendered":"Michael McGrath : \u00ab\u00a0L&rsquo;Etat de droit de l&rsquo;UE n&rsquo;est pas n\u00e9gociable\u00a0\u00bb &#8211; Regarder le documentaire complet"},"content":{"rendered":"<p class=\"ds-nnhfob\">Les forces d&rsquo;extr\u00eame droite avancent dans l&rsquo;UE. La Hongrie se voit r\u00e9guli\u00e8rement infliger des amendes pour non-respect de la l\u00e9gislation europ\u00e9enne. Pendant ce temps, le gouvernement Trump tente de saper l&rsquo;Union europ\u00e9enne. Les valeurs fondamentales de l&rsquo;UE &#8211; l&rsquo;\u00c9tat de droit, la d\u00e9mocratie et la justice &#8211; sont de plus en plus sous pression. Nous avons eu l&rsquo;occasion de discuter de ces questions avec Michael McGrath, le commissaire europ\u00e9en charg\u00e9 de la d\u00e9mocratie, de l&rsquo;\u00c9tat de droit, de la justice et de la protection des consommateurs.<\/p>\n","protected":false},"excerpt":{"rendered":"Les forces d&rsquo;extr\u00eame droite avancent dans l&rsquo;UE. La Hongrie se voit r\u00e9guli\u00e8rement infliger des amendes pour non-respect de&hellip;\n","protected":false},"author":2,"featured_media":276818,"comment_status":"","ping_status":"","sticky":false,"template":"","format":"standard","meta":{"footnotes":""},"categories":[1586],"tags":[11,1777,674,1779,1011,27,12,25,1778,364],"class_list":{"0":"post-276817","1":"post","2":"type-post","3":"status-publish","4":"format-standard","5":"has-post-thumbnail","7":"category-europe","8":"tag-actualites","9":"tag-eu","10":"tag-europe","11":"tag-european-union","12":"tag-fr","13":"tag-france","14":"tag-news","15":"tag-republique-francaise","16":"tag-ue","17":"tag-union-europeenne"},"share_on_mastodon":{"url":"https:\/\/pubeurope.com\/@fr\/114923769904384435","error":""},"_links":{"self":[{"href":"https:\/\/www.europesays.com\/fr\/wp-json\/wp\/v2\/posts\/276817","targetHints":{"allow":["GET"]}}],"collection":[{"href":"https:\/\/www.europesays.com\/fr\/wp-json\/wp\/v2\/posts"}],"about":[{"href":"https:\/\/www.europesays.com\/fr\/wp-json\/wp\/v2\/types\/post"}],"author":[{"embeddable":true,"href":"https:\/\/www.europesays.com\/fr\/wp-json\/wp\/v2\/users\/2"}],"replies":[{"embeddable":true,"href":"https:\/\/www.europesays.com\/fr\/wp-json\/wp\/v2\/comments?post=276817"}],"version-history":[{"count":0,"href":"https:\/\/www.europesays.com\/fr\/wp-json\/wp\/v2\/posts\/276817\/revisions"}],"wp:featuredmedia":[{"embeddable":true,"href":"https:\/\/www.europesays.com\/fr\/wp-json\/wp\/v2\/media\/276818"}],"wp:attachment":[{"href":"https:\/\/www.europesays.com\/fr\/wp-json\/wp\/v2\/media?parent=276817"}],"wp:term":[{"taxonomy":"category","embeddable":true,"href":"https:\/\/www.europesays.com\/fr\/wp-json\/wp\/v2\/categories?post=276817"},{"taxonomy":"post_tag","embeddable":true,"href":"https:\/\/www.europesays.com\/fr\/wp-json\/wp\/v2\/tags?post=276817"}],"curies":[{"name":"wp","href":"https:\/\/api.w.org\/{rel}","templated":true}]}}