{"id":276820,"date":"2025-07-27T06:26:12","date_gmt":"2025-07-27T06:26:12","guid":{"rendered":"https:\/\/www.europesays.com\/fr\/276820\/"},"modified":"2025-07-27T06:26:12","modified_gmt":"2025-07-27T06:26:12","slug":"un-avion-de-ligne-plonge-en-altitude-pour-eviter-une-collision-avec-un-avion-de-chasse","status":"publish","type":"post","link":"https:\/\/www.europesays.com\/fr\/276820\/","title":{"rendered":"un avion de ligne plonge en altitude pour \u00e9viter une collision avec un avion de chasse"},"content":{"rendered":"<p>L\u2019avion de ligne se trouvait dans le m\u00eame espace a\u00e9rien pr\u00e8s de Burbank qu\u2019un avion de chasse Hawker Hunter Mk. 58, selon le site de suivi des vols FlightAware.<\/p>\n<p class=\"fig-paragraph\">Un avion de ligne de la compagnie am\u00e9ricaine\u00a0<a href=\"http:\/\/www.lefigaro.fr\/flash-eco\/southwest-airlines-s-attend-a-un-ralentissement-de-ses-ventes-a-cause-du-variant-delta-20210812\" data-fig-type=\"NewsFlash\" data-gtm-custom-categorie=\"navigation\" data-gtm-custom-action=\"crossclick\" data-gtm-custom-label=\"Contextuel\" data-gtm-event=\"customEventSPE\" data-fig-domain=\"LEFIGARO\" target=\"_blank\" rel=\"noopener\">Southwest Airlines<\/a>\u00a0a d\u00fb soudainement plonger de plusieurs dizaines de m\u00e8tres en altitude vendredi pour \u00e9viter une collision avec un autre appareil, blessant deux membres de l&rsquo;\u00e9quipage et terrorisant les passagers.<\/p>\n<p class=\"fig-paragraph\">\u00abMoi-m\u00eame et de nombreuses personnes ont \u00e9t\u00e9 \u00e9ject\u00e9es de leurs si\u00e8ges et ont heurt\u00e9 le plafond avec leur t\u00eate\u00bb, a expliqu\u00e9 sur X l&rsquo;humoriste Jimmy Dore, qui se trouvait \u00e0 bord de ce vol entre Burbank et Las Vegas, dans l&rsquo;ouest du pays. \u00abLe pilote a d\u00e9clar\u00e9 que son avertisseur de collision s&rsquo;\u00e9tait d\u00e9clench\u00e9 et qu&rsquo;il devait \u00e9viter un avion qui venait droit sur nous\u00bb, a-t-il ajout\u00e9.<\/p>\n<p>                                    <a class=\"fig-a11y-skip a11y-hidden\" href=\"#fig-a11y-skip-main-inarticle\"><br \/>\n        Passer la publicit\u00e9<br \/>\n    <\/a><\/p>\n<p class=\"fig-paragraph\">Le r\u00e9gulateur am\u00e9ricain de l&rsquo;aviation (FAA) a fait savoir sur X qu&rsquo;il \u00abenqu\u00eate sur l&rsquo;\u00e9v\u00e9nement\u00bb. Le vol 1496 de Southwest Airlines \u00aba r\u00e9agi \u00e0 une alerte \u00e0 bord indiquant qu&rsquo;un autre avion se trouvait dans les environs\u00bb, a confirm\u00e9 l&rsquo;agence f\u00e9d\u00e9rale.<\/p>\n<p>Dans le m\u00eame espace a\u00e9rien qu\u2019un avion de chasse<\/p>\n<p class=\"fig-paragraph\">De son c\u00f4t\u00e9, la compagnie a\u00e9rienne a expliqu\u00e9 que l&rsquo;avion \u00aba r\u00e9agi \u00e0 deux alertes de trafic \u00e0 bord vendredi apr\u00e8s-midi pendant la mont\u00e9e initiale depuis Burbank, en Californie, les obligeant \u00e0 monter et descendre pour se conformer aux alertes.\u00bb \u00abLe vol a continu\u00e9 vers Las Vegas, o\u00f9 il a atterri sans incident\u00bb, a poursuivi Southwest. Deux membres de l&rsquo;\u00e9quipage ont d\u00fb \u00eatre soign\u00e9s pour des blessures, a ajout\u00e9 l&rsquo;entreprise, pr\u00e9cisant que tous les passagers \u00e9taient indemnes.<\/p>\n<p class=\"fig-paragraph\">L&rsquo;avion de ligne se trouvait dans le m\u00eame espace a\u00e9rien pr\u00e8s de Burbank qu&rsquo;un avion de chasse Hawker Hunter Mk. 58, selon le site de suivi des vols FlightAware. Cet incident renforce les interrogations sur la s\u00e9curit\u00e9 a\u00e9rienne aux \u00c9tats-Unis, apr\u00e8s une s\u00e9rie d&rsquo;accidents ces derniers mois.<\/p>\n<p class=\"fig-paragraph\">En janvier, une collision en vol entre un avion de ligne en approche \u00e0 l&rsquo;a\u00e9roport Ronald-Reagan, proche du centre de Washington, et un h\u00e9licopt\u00e8re militaire avait fait 67 morts.<\/p>\n<p class=\"fig-paragraph\">L&rsquo;administration du pr\u00e9sident am\u00e9ricain Donald Trump a annonc\u00e9 d\u00e9but mai une \u00abmodernisation compl\u00e8te\u00bb du syst\u00e8me de contr\u00f4le a\u00e9rien am\u00e9ricain, v\u00e9tuste et qui souffre d&rsquo;une p\u00e9nurie de contr\u00f4leurs dans les tours g\u00e9r\u00e9es par la FAA. Le gouvernement a \u00e9galement licenci\u00e9 des centaines d&#8217;employ\u00e9s de la FAA, dans le cadre de son projet visant \u00e0 r\u00e9duire les effectifs de l&rsquo;\u00c9tat f\u00e9d\u00e9ral.<\/p>\n","protected":false},"excerpt":{"rendered":"L\u2019avion de ligne se trouvait dans le m\u00eame espace a\u00e9rien pr\u00e8s de Burbank qu\u2019un avion de chasse Hawker&hellip;\n","protected":false},"author":2,"featured_media":276821,"comment_status":"","ping_status":"","sticky":false,"template":"","format":"standard","meta":{"footnotes":""},"categories":[2],"tags":[11,37,73,1011,27,12,25],"class_list":{"0":"post-276820","1":"post","2":"type-post","3":"status-publish","4":"format-standard","5":"has-post-thumbnail","7":"category-actualites","8":"tag-actualites","9":"tag-avion","10":"tag-etats-unis","11":"tag-fr","12":"tag-france","13":"tag-news","14":"tag-republique-francaise"},"share_on_mastodon":{"url":"https:\/\/pubeurope.com\/@fr\/114923777785637478","error":""},"_links":{"self":[{"href":"https:\/\/www.europesays.com\/fr\/wp-json\/wp\/v2\/posts\/276820","targetHints":{"allow":["GET"]}}],"collection":[{"href":"https:\/\/www.europesays.com\/fr\/wp-json\/wp\/v2\/posts"}],"about":[{"href":"https:\/\/www.europesays.com\/fr\/wp-json\/wp\/v2\/types\/post"}],"author":[{"embeddable":true,"href":"https:\/\/www.europesays.com\/fr\/wp-json\/wp\/v2\/users\/2"}],"replies":[{"embeddable":true,"href":"https:\/\/www.europesays.com\/fr\/wp-json\/wp\/v2\/comments?post=276820"}],"version-history":[{"count":0,"href":"https:\/\/www.europesays.com\/fr\/wp-json\/wp\/v2\/posts\/276820\/revisions"}],"wp:featuredmedia":[{"embeddable":true,"href":"https:\/\/www.europesays.com\/fr\/wp-json\/wp\/v2\/media\/276821"}],"wp:attachment":[{"href":"https:\/\/www.europesays.com\/fr\/wp-json\/wp\/v2\/media?parent=276820"}],"wp:term":[{"taxonomy":"category","embeddable":true,"href":"https:\/\/www.europesays.com\/fr\/wp-json\/wp\/v2\/categories?post=276820"},{"taxonomy":"post_tag","embeddable":true,"href":"https:\/\/www.europesays.com\/fr\/wp-json\/wp\/v2\/tags?post=276820"}],"curies":[{"name":"wp","href":"https:\/\/api.w.org\/{rel}","templated":true}]}}