{"id":276822,"date":"2025-07-27T06:27:13","date_gmt":"2025-07-27T06:27:13","guid":{"rendered":"https:\/\/www.europesays.com\/fr\/276822\/"},"modified":"2025-07-27T06:27:13","modified_gmt":"2025-07-27T06:27:13","slug":"kaden-groves-et-jordan-jegat-les-plus-malins-a-pontarlier-liberation","status":"publish","type":"post","link":"https:\/\/www.europesays.com\/fr\/276822\/","title":{"rendered":"Kaden Groves et Jordan Jegat, les plus malins \u00e0 Pontarlier \u2013 Lib\u00e9ration"},"content":{"rendered":"<p class=\"sc-ksZaOG ehjQrN text-element\">Si les coureurs cyclistes sont avant tout des durs au mal aimant la souffrance, certains sont aussi des petits filous pr\u00eats \u00e0 saisir toutes les opportunit\u00e9s avec un brin de chance. Quand on n\u2019est pas le meilleur, il faut de la malice pour arriver \u00e0 exister.<\/p>\n<p class=\"sc-ksZaOG ehjQrN text-element\">Prenez Kaden Groves, le vainqueur en solitaire de la 20e \u00e9tape, ce samedi 26 juillet, \u00e0 Pontarlier, dans le Doubs, sous une pluie froide et drue. Sur ce Tour, il n\u2019aurait jamais d\u00fb se retrouver ainsi \u00e0 l\u2019avant. Il venait avec un r\u00f4le d\u2019\u00e9quipier pour les deux superstars de son \u00e9quipe Alpecin, Mathieu van der Poel et <a href=\"https:\/\/www.liberation.fr\/sports\/cyclisme\/tour-de-france-2025-jasper-philipsen-pur-sang-froid-20250705_WUJ3K75TSBHB7GFAISOGGJBWF4\/\" target=\"_blank\" rel=\"noopener\" title=\"https:\/\/www.liberation.fr\/sports\/cyclisme\/tour-de-france-2025-jasper-philipsen-pur-sang-froid-20250705_WUJ3K75TSBHB7GFAISOGGJBWF4\/\">Jasper Philipsen<\/a>. Les deux ayant abandonn\u00e9 apr\u00e8s avoir chacun remport\u00e9 une \u00e9tape, le sprinteur s\u2019est faufil\u00e9 dans une \u00e9chapp\u00e9e de 13 coureurs pr\u00eats \u00e0 affronter le mauvais temps sur les routes vallonn\u00e9es du Jura. Bien lui en a pris. A 21 kilom\u00e8tres du bonheur, il a \u00e9chapp\u00e9 de justesse \u00e0 une chute dans un virage tandis que deux de ses adversaires partaient en ventriglisse. Et \u00e0 17 kilom\u00e8tres, il s\u2019envolait seul, au train, distan\u00e7ant les deux derniers hommes avec lui qui pr\u00e9f\u00e9raient taper une belote que le poursuivre. A 26 ans, l\u2019Australien devient le 114e homme de l\u2019histoire \u00e0 avoir gagn\u00e9 une \u00e9tape sur les trois <\/p>\n","protected":false},"excerpt":{"rendered":"Si les coureurs cyclistes sont avant tout des durs au mal aimant la souffrance, certains sont aussi des&hellip;\n","protected":false},"author":2,"featured_media":276823,"comment_status":"","ping_status":"","sticky":false,"template":"","format":"standard","meta":{"footnotes":""},"categories":[4],"tags":[11,1011,27,12,25,1138,210],"class_list":{"0":"post-276822","1":"post","2":"type-post","3":"status-publish","4":"format-standard","5":"has-post-thumbnail","7":"category-france","8":"tag-actualites","9":"tag-fr","10":"tag-france","11":"tag-news","12":"tag-republique-francaise","13":"tag-tadej-pogacar","14":"tag-tour-de-france"},"share_on_mastodon":{"url":"https:\/\/pubeurope.com\/@fr\/114923781714365199","error":""},"_links":{"self":[{"href":"https:\/\/www.europesays.com\/fr\/wp-json\/wp\/v2\/posts\/276822","targetHints":{"allow":["GET"]}}],"collection":[{"href":"https:\/\/www.europesays.com\/fr\/wp-json\/wp\/v2\/posts"}],"about":[{"href":"https:\/\/www.europesays.com\/fr\/wp-json\/wp\/v2\/types\/post"}],"author":[{"embeddable":true,"href":"https:\/\/www.europesays.com\/fr\/wp-json\/wp\/v2\/users\/2"}],"replies":[{"embeddable":true,"href":"https:\/\/www.europesays.com\/fr\/wp-json\/wp\/v2\/comments?post=276822"}],"version-history":[{"count":0,"href":"https:\/\/www.europesays.com\/fr\/wp-json\/wp\/v2\/posts\/276822\/revisions"}],"wp:featuredmedia":[{"embeddable":true,"href":"https:\/\/www.europesays.com\/fr\/wp-json\/wp\/v2\/media\/276823"}],"wp:attachment":[{"href":"https:\/\/www.europesays.com\/fr\/wp-json\/wp\/v2\/media?parent=276822"}],"wp:term":[{"taxonomy":"category","embeddable":true,"href":"https:\/\/www.europesays.com\/fr\/wp-json\/wp\/v2\/categories?post=276822"},{"taxonomy":"post_tag","embeddable":true,"href":"https:\/\/www.europesays.com\/fr\/wp-json\/wp\/v2\/tags?post=276822"}],"curies":[{"name":"wp","href":"https:\/\/api.w.org\/{rel}","templated":true}]}}