{"id":276824,"date":"2025-07-27T06:28:23","date_gmt":"2025-07-27T06:28:23","guid":{"rendered":"https:\/\/www.europesays.com\/fr\/276824\/"},"modified":"2025-07-27T06:28:23","modified_gmt":"2025-07-27T06:28:23","slug":"the-open-les-bleus-hors-du-top-50-scheffler-sacre","status":"publish","type":"post","link":"https:\/\/www.europesays.com\/fr\/276824\/","title":{"rendered":"The Open : Les Bleus hors du top 50, Scheffler sacr\u00e9"},"content":{"rendered":"<p>La semaine en Irlande du Nord ne sera \u00e9videmment pas \u00e0 oublier pour les trois Fran\u00e7ais qui ont jou\u00e9 le 153e open britannique jusqu&rsquo;\u00e0 son terme, mais <strong>Adrien Saddier<\/strong>, <strong>Antoine Rozner<\/strong> et <strong>Romain Langasque<\/strong> ont fini le dernier Majeur de la saison bien longtemps avant le d\u00e9nouement de celui-ci, dans le relatif anonymat des parties matinales. S&rsquo;\u00e9tant \u00e9lanc\u00e9s hors du top 50 ce dimanche matin, ils ont tous trois fini au-del\u00e0 de cette marque, dans un ordre diff\u00e9rent.<\/p>\n<p><strong>Adrien Saddier<\/strong> s&rsquo;est octroy\u00e9, pour son premier Majeur en carri\u00e8re, la 52e place finale dans le par total apr\u00e8s avoir sign\u00e9 un bon 69 (-2) aujourd&rsquo;hui, sa meilleure carte de la semaine. <strong>Antoine Rozner<\/strong>, auteur d&rsquo;un 71 (par), s&rsquo;est class\u00e9 59e \u00e0 +2 ; et <strong>Romain Langasque<\/strong> a fini en 61e position apr\u00e8s un ultime 73 (+2). Tous trois n&rsquo;ont marqu\u00e9 que peu de points au classement de leur circuit respectif, mais ont en revanche emmagasin\u00e9 une exp\u00e9rience cons\u00e9quente sur le links du <strong>Royal Portrush<\/strong>.<\/p>\n","protected":false},"excerpt":{"rendered":"La semaine en Irlande du Nord ne sera \u00e9videmment pas \u00e0 oublier pour les trois Fran\u00e7ais qui ont&hellip;\n","protected":false},"author":2,"featured_media":276825,"comment_status":"","ping_status":"","sticky":false,"template":"","format":"standard","meta":{"footnotes":""},"categories":[1418],"tags":[1011,27,1472,60],"class_list":{"0":"post-276824","1":"post","2":"type-post","3":"status-publish","4":"format-standard","5":"has-post-thumbnail","7":"category-golf","8":"tag-fr","9":"tag-france","10":"tag-golf","11":"tag-sports"},"share_on_mastodon":{"url":"https:\/\/pubeurope.com\/@fr\/114923785584508967","error":""},"_links":{"self":[{"href":"https:\/\/www.europesays.com\/fr\/wp-json\/wp\/v2\/posts\/276824","targetHints":{"allow":["GET"]}}],"collection":[{"href":"https:\/\/www.europesays.com\/fr\/wp-json\/wp\/v2\/posts"}],"about":[{"href":"https:\/\/www.europesays.com\/fr\/wp-json\/wp\/v2\/types\/post"}],"author":[{"embeddable":true,"href":"https:\/\/www.europesays.com\/fr\/wp-json\/wp\/v2\/users\/2"}],"replies":[{"embeddable":true,"href":"https:\/\/www.europesays.com\/fr\/wp-json\/wp\/v2\/comments?post=276824"}],"version-history":[{"count":0,"href":"https:\/\/www.europesays.com\/fr\/wp-json\/wp\/v2\/posts\/276824\/revisions"}],"wp:featuredmedia":[{"embeddable":true,"href":"https:\/\/www.europesays.com\/fr\/wp-json\/wp\/v2\/media\/276825"}],"wp:attachment":[{"href":"https:\/\/www.europesays.com\/fr\/wp-json\/wp\/v2\/media?parent=276824"}],"wp:term":[{"taxonomy":"category","embeddable":true,"href":"https:\/\/www.europesays.com\/fr\/wp-json\/wp\/v2\/categories?post=276824"},{"taxonomy":"post_tag","embeddable":true,"href":"https:\/\/www.europesays.com\/fr\/wp-json\/wp\/v2\/tags?post=276824"}],"curies":[{"name":"wp","href":"https:\/\/api.w.org\/{rel}","templated":true}]}}