{"id":276826,"date":"2025-07-27T06:30:10","date_gmt":"2025-07-27T06:30:10","guid":{"rendered":"https:\/\/www.europesays.com\/fr\/276826\/"},"modified":"2025-07-27T06:30:10","modified_gmt":"2025-07-27T06:30:10","slug":"antoine-dupont-la-vengeance-preparee-contre-galthie","status":"publish","type":"post","link":"https:\/\/www.europesays.com\/fr\/276826\/","title":{"rendered":"Antoine Dupont : La vengeance pr\u00e9par\u00e9e contre Galthi\u00e9 !"},"content":{"rendered":"<p>                    Thibault Morlain<br \/>\n                        &#8211;<\/p>\n<p>Journaliste<\/p>\n<p>Apr\u00e8s s\u2019\u00eatre essay\u00e9 \u00e0 diff\u00e9rents sports, Thibault se tourne vers une carri\u00e8re de footballeur amateur. Au moment de faire un choix entre devenir footballeur professionnel et journaliste, les qualit\u00e9s ont fait pencher la balance d\u2019un c\u00f4t\u00e9. Le voil\u00e0 d\u00e9sormais au sein de la r\u00e9daction du 10 Sport, apr\u00e8s un dipl\u00f4me obtenu \u00e0 l\u2019Institut International de Communication de Paris.<\/p>\n<p class=\"heading\">Au cours des derniers jours, Antoine Dupont a notamment \u00e9t\u00e9 l\u2019invit\u00e9 du podcast Sous le soleil de Platon. A cette occasion, le demi de m\u00eal\u00e9e du XV de France et du Stade Toulousain a r\u00e9pondu \u00e0 de nombreuses questions. S\u00e9lectionneur des Bleus, Fabien Galthi\u00e9 a m\u00eame \u00e9t\u00e9 mis \u00e0 contribution pour interroger Antoine Dupont. Des questions qui ont alors fait gal\u00e9rer le num\u00e9ro 9, au point m\u00eame de vouloir se venger \u00e0 l\u2019avenir.\n<\/p>\n<p>Depuis mars dernier, <a href=\"https:\/\/le10sport.com\/rugby\/des-tremblements-antoine-dupont-la-completement-bouleversee-751916\" rel=\"nofollow noopener\" target=\"_blank\">Antoine Dupont<\/a> est bless\u00e9 au genou et ce n\u2019est qu\u2019\u00e0 partir de novembre qu\u2019il devrait faire son retour \u00e0 la comp\u00e9tition. En attendant, le demi de m\u00eal\u00e9e travaille dur pour revenir \u00e0 100%, une p\u00e9riode \u00e0 propos de laquelle il s\u2019est confi\u00e9 dans le podcast Sous le soleil de Platon. Une discussion au cours de laquelle <strong>Antoine Dupont<\/strong> a \u00e9galement \u00e9voqu\u00e9 d\u2019autres sujets comme le statut de capitaine, qu\u2019il a avec le<strong> XV de France<\/strong> et le <strong>Stade Toulousain<\/strong>, ou encore son rapport avec les d\u00e9faites. <\/p>\n<p>                                            \u00ab\u00a0Je ne remercie pas Fabien Galthi\u00e9 pour ses questions\u00a0\u00bb<\/p>\n<p>Et pour apprendre \u00e0 encore mieux connaitre <strong>Antoine Dupont, Fabien Galthi\u00e9<\/strong> a \u00e9t\u00e9 sollicit\u00e9 pour poser des questions \u00e0 son demi de m\u00eal\u00e9e en <strong>\u00e9quipe de France.<\/strong> Et celles-ci \u00e9taient alors particuli\u00e8res. \u00ab\u00a0Si le rugby \u00e9tait un sentiment ? Une saveur ? Une pens\u00e9e ? Une femme ? Un homme ? Une civilisation ?\u00a0\u00bb, a demand\u00e9 le s\u00e9lectionneur des Bleus. De quoi mettre d\u2019ailleurs <strong>Antoine Dupont<\/strong> en gal\u00e8re, lui qui ne savait pas trop quoi r\u00e9pondre. \u00ab\u00a0J\u2019aimerais bien lui poser des questions aussi la prochaine fois qu\u2019il vient. Vous me direz, je lui poserai des questions aussi. (\u2026) Je ne remercie pas Fabien Galthi\u00e9 pour ses questions\u00a0\u00bb, a-t-il m\u00eame l\u00e2ch\u00e9. \u00a0\u00a0<\/p>\n<p>                                            Dupont en s\u00e9curit\u00e9 sur un terrain de rugby ! <\/p>\n<p>Malgr\u00e9 tout, <strong>Antoine Dupont<\/strong> a r\u00e9pondu \u00e0 ce que <strong>Fabien Galthi\u00e9<\/strong> lui a demand\u00e9. \u00ab\u00a0Si le rugby \u00e9tait un sentiment ? Paradoxalement, j\u2019ai envie de dire la s\u00e9curit\u00e9. \u00c7a va peut-\u00eatre choquer les gens, mais moi je me sens bien quand je suis avec mes copains, quand je sais que je peux compter sur eux, qu\u2019ils peuvent compter sur moi. \u00c7a me donne un sentiment de s\u00e9curit\u00e9, de me dire qu\u2019on ne craint rien si on est ensemble, si on est soud\u00e9\u00a0\u00bb, a notamment confi\u00e9 le demi de m\u00eal\u00e9e du <strong>Stade Toulousain<\/strong>. <\/p>\n","protected":false},"excerpt":{"rendered":"Thibault Morlain &#8211; Journaliste Apr\u00e8s s\u2019\u00eatre essay\u00e9 \u00e0 diff\u00e9rents sports, Thibault se tourne vers une carri\u00e8re de footballeur&hellip;\n","protected":false},"author":2,"featured_media":276827,"comment_status":"","ping_status":"","sticky":false,"template":"","format":"standard","meta":{"footnotes":""},"categories":[1416],"tags":[1011,27,479,1468,60],"class_list":{"0":"post-276826","1":"post","2":"type-post","3":"status-publish","4":"format-standard","5":"has-post-thumbnail","7":"category-rugby","8":"tag-fr","9":"tag-france","10":"tag-rugby","11":"tag-rugby-football","12":"tag-sports"},"share_on_mastodon":{"url":"https:\/\/pubeurope.com\/@fr\/114923793539728935","error":""},"_links":{"self":[{"href":"https:\/\/www.europesays.com\/fr\/wp-json\/wp\/v2\/posts\/276826","targetHints":{"allow":["GET"]}}],"collection":[{"href":"https:\/\/www.europesays.com\/fr\/wp-json\/wp\/v2\/posts"}],"about":[{"href":"https:\/\/www.europesays.com\/fr\/wp-json\/wp\/v2\/types\/post"}],"author":[{"embeddable":true,"href":"https:\/\/www.europesays.com\/fr\/wp-json\/wp\/v2\/users\/2"}],"replies":[{"embeddable":true,"href":"https:\/\/www.europesays.com\/fr\/wp-json\/wp\/v2\/comments?post=276826"}],"version-history":[{"count":0,"href":"https:\/\/www.europesays.com\/fr\/wp-json\/wp\/v2\/posts\/276826\/revisions"}],"wp:featuredmedia":[{"embeddable":true,"href":"https:\/\/www.europesays.com\/fr\/wp-json\/wp\/v2\/media\/276827"}],"wp:attachment":[{"href":"https:\/\/www.europesays.com\/fr\/wp-json\/wp\/v2\/media?parent=276826"}],"wp:term":[{"taxonomy":"category","embeddable":true,"href":"https:\/\/www.europesays.com\/fr\/wp-json\/wp\/v2\/categories?post=276826"},{"taxonomy":"post_tag","embeddable":true,"href":"https:\/\/www.europesays.com\/fr\/wp-json\/wp\/v2\/tags?post=276826"}],"curies":[{"name":"wp","href":"https:\/\/api.w.org\/{rel}","templated":true}]}}