{"id":276828,"date":"2025-07-27T06:31:10","date_gmt":"2025-07-27T06:31:10","guid":{"rendered":"https:\/\/www.europesays.com\/fr\/276828\/"},"modified":"2025-07-27T06:31:10","modified_gmt":"2025-07-27T06:31:10","slug":"corentin-moutet-stoppe-par-alex-de-minaur-en-demies-a-washington-lequipe","status":"publish","type":"post","link":"https:\/\/www.europesays.com\/fr\/276828\/","title":{"rendered":"Corentin Moutet stopp\u00e9 par Alex de Minaur en demies \u00e0 Washington &#8211; L&#039;\u00c9quipe"},"content":{"rendered":"<ol>\n<li><a href=\"https:\/\/news.google.com\/rss\/articles\/CBMiswFBVV95cUxPSWhRT3ZDUlpRSUtIZDlrWFlqSFNmeW5MLURrczdMWkc0RjZKSnlEU01reW82X1RjN1d5SUxEZkJUWUFKRS1rbmdmWjllVkhmMzZfMHdhOFluYUJYSEV0bTNtcDdhSlJsMW9Xc0pHMmJrUTBmdy1haHpMNENpT2pRT0Q4RDZIak5BQS1aalBSel9xYmJ4VlZmWnBIVnA1N3lPVmhxRGNzeXhKakNpSlJrdXIwWQ?oc=5\" target=\"_blank\" rel=\"nofollow noopener\">Corentin Moutet stopp\u00e9 par Alex de Minaur en demies \u00e0 Washington<\/a>&nbsp;&nbsp;L&rsquo;\u00c9quipe<\/li>\n<li><a href=\"https:\/\/news.google.com\/rss\/articles\/CBMiiwJBVV95cUxQZHFWSGlwSE5nRWhJa1lnT0lrUldZRExKSXVHZEpZS0VRTHlfS0tJSVFsaEpsVE1wMWQ5T2VBejVqQ0phQUREd08tX1c5Wl9hdmpaSWNNSm9kbzREb3BIWlRmS1RlOXlMNEtaRnVtWDdXQXpJM0g1bTRpaS1Qakc5ZWpaMGR0YXlVUzF4SDlpbkNzV3ZzWXNlN0tJSU05XzFIaWNiTWlwMThrT1dSX2JkbFpGM0d6NTF0YTMzZk1zZ0tOSjU3emhmaWl3cjViTmVGQW1BNE9yc0pxbTJOVFJlNWZJalppalFIUDhrbkk4VmxneU0tdzBhVlZmd016S2pqd3pfV0kwU0NfVFU?oc=5\" target=\"_blank\" rel=\"nofollow noopener\">Tennis : Corentin Moutet stopp\u00e9 par Alex de Minaur dans le dernier carr\u00e9 \u00e0 Washington mais entre dans le top 50 ATP<\/a>&nbsp;&nbsp;Le Monde.fr<\/li>\n<li><a href=\"https:\/\/news.google.com\/rss\/articles\/CBMiqAFBVV95cUxOREFxcmRnVTZ2UXBhd0Z4czctT1Vra2MtLXRxanJtQkEwYUt1SFJoYVV3UkpUalJ4ZEQ4YVdicTZRU2pLT0RBUkZLbTBhMzlpX0NyZy1WT0d0V29XZ3JyZGkwNGFmT0tmWDVFWkNQZXgybjNqdjZxdnEwdHNkOEtzMlZQaWlqRU9zS3F6aWFCOUFNeDM1QWNQM2JlSHdac3dqRm1mSkRuc1PSAacBQVVfeXFMT0FUZXNRRUlpVXZ5dXZ0ZU1qbnZ2R2NwQnBJWklWeFZqUVFub1hZRktpeWN2SEVBV1lnc0pDNjFKVWQ0d1pMZ3FRbFdOS1JFbjhqRUFaT0pFa0tzUElNV3F3WTJydEl6Z1l4anRkTTNWOUFlT3VBMzZweElsNWdzRWJZcTRvNHNFblJFV1BvU1lZRzhzTEdnMThxZnNralMzdWpXMVRYNHc?oc=5\" target=\"_blank\" rel=\"nofollow noopener\">ATP &#8211; Washington : Moutet a eu le dernier mot !<\/a>&nbsp;&nbsp;Orange Actualit\u00e9s | Sports<\/li>\n<li><a href=\"https:\/\/news.google.com\/rss\/articles\/CBMiuwFBVV95cUxNWU91bE1QeFprZ2dNSnFrWF92NWZIbTg3UW1tSTFUUUNZVDQ1Y3VQbC1wTjh1eEp4QV84R2dBTVoteWlGTTJ4aXdaTHk4bkNFd1JzeGpmYUZXQnFPNkRPNnFYeEFvM3JpSXZfdEtLUFppQzJpUVZOQVVNQXNwZE0yVDRfMWV3TEZxa2tRVTMtd2dOMk5zRTlHVEJCRFVubGdBbXNkT3NCU09EbHJIcXIxOGJyZHhsQnVuMTVj0gHAAUFVX3lxTE1aU25xOHUxLW5oSzdBdVBoeV9idVMtUFZMX01lY3UwQTlEV3NsZWV1bkxaN2Uyckh5VEx0ZEtCOEFMQno5VmtKUDlKbEk2X0dFWWF1VDh3enZPb3lpWTVlcm9seXY2UHE0TWNiN1hQQUMxR09lWG1uRnpvY3kzaV9ZVlJSRFVwa2J2ejJTVFNiRnN0T2ptb2JqcmZTblJFZlBRLVc0UnJQdzFlMmZsY2c0MjByWVVkblpEYUhwOGZsTQ?oc=5\" target=\"_blank\" rel=\"nofollow noopener\">Tennis : le joueur fran\u00e7ais Corentin Moutet atteint pour la premi\u00e8re fois le top 50 du classement ATP malgr\u00e9 sa d\u00e9faite<\/a>&nbsp;&nbsp;CNews<\/li>\n<li><a href=\"https:\/\/news.google.com\/rss\/articles\/CBMi4gFBVV95cUxOdVpVOUdWRVhwM2diNGlCV2pkVnpvY1kxazg0WWppNEN1UW1QbHVpbGRVTDY2OTJ6YlZPVGFwYmxwRWxVNFJDdG01WkxYOHFGNWRfdEtmb0tucTZOeFZXQ1N5aGc0NzZzMjdqcXdMQkpUcWdxU0ZCcFBESmhqMVFUbXN0dHIxMXhoZDh0QzlQVXBoWEpUTngyc3dWa3d1cUM1d0Y3WmFoQUI2MGJZa2Q1cl9HUG1qbDBHYklmbHdsTGtjaDE4WVQyeGhXOVEwUjdZekVzYUhTZFdLa01TMk8zeFln?oc=5\" target=\"_blank\" rel=\"nofollow noopener\">Balle de match folle et qualif en demie, le show de Moutet face \u00e0 Medvedev<\/a>&nbsp;&nbsp;20 Minutes<\/li>\n<\/ol>\n","protected":false},"excerpt":{"rendered":"Corentin Moutet stopp\u00e9 par Alex de Minaur en demies \u00e0 Washington&nbsp;&nbsp;L&rsquo;\u00c9quipe Tennis : Corentin Moutet stopp\u00e9 par Alex&hellip;\n","protected":false},"author":2,"featured_media":276829,"comment_status":"","ping_status":"","sticky":false,"template":"","format":"standard","meta":{"footnotes":""},"categories":[1415],"tags":[1011,27,60,1467],"class_list":{"0":"post-276828","1":"post","2":"type-post","3":"status-publish","4":"format-standard","5":"has-post-thumbnail","7":"category-tennis","8":"tag-fr","9":"tag-france","10":"tag-sports","11":"tag-tennis"},"share_on_mastodon":{"url":"https:\/\/pubeurope.com\/@fr\/114923797377015998","error":""},"_links":{"self":[{"href":"https:\/\/www.europesays.com\/fr\/wp-json\/wp\/v2\/posts\/276828","targetHints":{"allow":["GET"]}}],"collection":[{"href":"https:\/\/www.europesays.com\/fr\/wp-json\/wp\/v2\/posts"}],"about":[{"href":"https:\/\/www.europesays.com\/fr\/wp-json\/wp\/v2\/types\/post"}],"author":[{"embeddable":true,"href":"https:\/\/www.europesays.com\/fr\/wp-json\/wp\/v2\/users\/2"}],"replies":[{"embeddable":true,"href":"https:\/\/www.europesays.com\/fr\/wp-json\/wp\/v2\/comments?post=276828"}],"version-history":[{"count":0,"href":"https:\/\/www.europesays.com\/fr\/wp-json\/wp\/v2\/posts\/276828\/revisions"}],"wp:featuredmedia":[{"embeddable":true,"href":"https:\/\/www.europesays.com\/fr\/wp-json\/wp\/v2\/media\/276829"}],"wp:attachment":[{"href":"https:\/\/www.europesays.com\/fr\/wp-json\/wp\/v2\/media?parent=276828"}],"wp:term":[{"taxonomy":"category","embeddable":true,"href":"https:\/\/www.europesays.com\/fr\/wp-json\/wp\/v2\/categories?post=276828"},{"taxonomy":"post_tag","embeddable":true,"href":"https:\/\/www.europesays.com\/fr\/wp-json\/wp\/v2\/tags?post=276828"}],"curies":[{"name":"wp","href":"https:\/\/api.w.org\/{rel}","templated":true}]}}