{"id":276832,"date":"2025-07-27T06:34:14","date_gmt":"2025-07-27T06:34:14","guid":{"rendered":"https:\/\/www.europesays.com\/fr\/276832\/"},"modified":"2025-07-27T06:34:14","modified_gmt":"2025-07-27T06:34:14","slug":"on-na-pas-completement-optimise-la-performance-frustre-esteban-ocon-partira-de-la-11e-place-au-gp-de-belgique-lequipe","status":"publish","type":"post","link":"https:\/\/www.europesays.com\/fr\/276832\/","title":{"rendered":"\u00ab On n&#039;a pas compl\u00e8tement optimis\u00e9 la performance \u00bb : frustr\u00e9, Esteban Ocon partira de la 11e place au GP de Belgique &#8211; L&#039;\u00c9quipe"},"content":{"rendered":"<ol>\n<li><a href=\"https:\/\/news.google.com\/rss\/articles\/CBMi9gFBVV95cUxQSFV1c2F6VEtVSVFTZ0pGTjliaE8xTWJDOGVPY1IwbTZqSXBzZHdZN3NCczB2TXhUWDVjby1FSC01bVg2YmlHMm9LdlJiSldyZVNzdS1na2JXU0xJcFppM2NVazZhYmN1NkRDWkxKclFPQUhDcWVURFZOQ01pc21tZ095dTdiaGJ2b1VpRGJ0eDJFQ1k3ZmVLQVBDbWRBNHdELWpiblFtQnhwS0x0YTlKYTEzNHBNWktUNGo4bV9ySmg2SEdpS3VybzNmRWVLZWNBOE01WjJJZlJ6MTAwNVIySXFxNFBxeDNLZEhWY2ZMT1JnaHRhNEE?oc=5\" target=\"_blank\" rel=\"nofollow noopener\">\u00ab On n&rsquo;a pas compl\u00e8tement optimis\u00e9 la performance \u00bb : frustr\u00e9, Esteban Ocon partira de la 11e place au GP de Belgique<\/a>&nbsp;&nbsp;L&rsquo;\u00c9quipe<\/li>\n<li><a href=\"https:\/\/news.google.com\/rss\/articles\/CBMijAFBVV95cUxPV3JmS2dISldSUkc0bkRlZVM4LTdzTnpVZnNXaHVnbGMxMnhheDRIRDlUTDJlYWlkR3psbF96REpYRzl5U3poN09PelJ3UVdHdjgySmdnUVE1UWp0YTFhY21NTnh1dGFpb2xQZDMyU2k2WXVVRUR2MG1iUXpBejUzU0dRbVVMQTh2aHVxag?oc=5\" target=\"_blank\" rel=\"nofollow noopener\">Esteban Ocon et Haas F1 engrangent d\u00e9j\u00e0 de gros points \u00e0 Spa<\/a>&nbsp;&nbsp;Motorsport.com<\/li>\n<li><a href=\"https:\/\/news.google.com\/rss\/articles\/CBMi0AFBVV95cUxPX2ppS0JZUW5JTnkwNHJ4bEZyLVRxNnNxUHpreFZQRlppblMxeHZsN242eFpoUHpjYk1zYk1VblFzQ3JQZGtic19CUHl1RDVVX0lMek5hTWltSjdXcU9FeVdMTzdzei1GR3JLX1lBQkF3OHhiZEtIeE85MUYyTHl5eUtDRUtuakxXSjRPSFhYVUprQWU2V2pzQXRwWGFFNnNxUWxuQlRmNC1QUWp6ZjVvd1hHN09mVlh0d2hfZ01qVDRhQUE0N0RXRk0xU01yYWxj?oc=5\" target=\"_blank\" rel=\"nofollow noopener\">F1 La Belgique sourit (d\u00e9cid\u00e9ment) \u00e0 la France ! Esteban Ocon brillant 5e des qualifications !<\/a>&nbsp;&nbsp;Le Mag Sport Auto<\/li>\n<li><a href=\"https:\/\/news.google.com\/rss\/articles\/CBMiywFBVV95cUxQNVNsTFVkdy1Ua3pfR0JmNGVrdGNfc0l4SXZ6YzdkY0REdm9HT05yNUdJT05MOEd5SWNsRWpkaWI1M1MxY1FnV29MeF8wTGlDcW5nbFBucjNVMURKQ2MwN0FzUnJNVkxuckk3MHVxcjNjWWZLcGZUZEVmSHdXc25JTGlSd19ZYjlIUXJCTUhzQmRhQkdUQUtZRE1RUXZ6cGJfM3FyZmw1YTJLanNzWXhWbi0zQlhLckd6VkxkZUV6UHdqNlVpQnJiX2ozdw?oc=5\" target=\"_blank\" rel=\"nofollow noopener\">Esteban Ocon, cinqui\u00e8me du Sprint en Belgique : \u00ab Nous gagnons notre petite course dans la course \u00bb<\/a>&nbsp;&nbsp;AutoHebdo<\/li>\n<li><a href=\"https:\/\/news.google.com\/rss\/articles\/CBMi0AFBVV95cUxPWElnSjZKZElOeGtlS01uSExaTS10TllXOURER09VSHRrUXY1aXlybFBXYnlGNGZncFpwWTdlREJsQ1RCaUNKa1JWRElhVXdTeEZIYWhxOWtoSUl6VkRpQW9OTTFSb1dwZ2ZlYS01clFScnV6cHlKMFdNTVNSMWpUSUwtRnNOWFFZUGozdElYdFEtVThOZE1xWVZUZ0lQX1UxRmFuZTRhbWxvZWg5UU9TU05mRThSeTM4NV9OXzZVV2g3NmY3SzhITWVMSlU1aEFE0gHHAUFVX3lxTFByNGRZUzNFQzVqOF9FS0pJaGtFaTRORjFYWmRjOE5vWXlZbkt1UHJmbFd6cElhQW9hamQ2UzFrZnZrVUJLRXlKMm5fQ2E4bEpPbmhqNWh6V3BUdTRFZnE0SU1zbUYwOFlYbTM5QmxGSWo0NG1WdHljSWIzaVBCVDZTcjk3RWZscExpREdrdXJwWUl1bjE3eGxuanBraklVcDAyWW05NDd5SnBUQ3RBVUlKS0tlcm9QeXpwRmwtM2NfNHRSQnVob1E?oc=5\" target=\"_blank\" rel=\"nofollow noopener\">Haas F1 : Mission &lsquo;correction du tir&rsquo; \u00e0 Spa apr\u00e8s les boulettes de Silverstone<\/a>&nbsp;&nbsp;Nextgen-Auto.com<\/li>\n<\/ol>\n","protected":false},"excerpt":{"rendered":"\u00ab On n&rsquo;a pas compl\u00e8tement optimis\u00e9 la performance \u00bb : frustr\u00e9, Esteban Ocon partira de la 11e place&hellip;\n","protected":false},"author":2,"featured_media":276833,"comment_status":"","ping_status":"","sticky":false,"template":"","format":"standard","meta":{"footnotes":""},"categories":[1412],"tags":[1451,1452,1453,1454,1455,1011,27,60],"class_list":{"0":"post-276832","1":"post","2":"type-post","3":"status-publish","4":"format-standard","5":"has-post-thumbnail","7":"category-f1","8":"tag-f1","9":"tag-formula-1","10":"tag-formula1","11":"tag-formule-1","12":"tag-formule1","13":"tag-fr","14":"tag-france","15":"tag-sports"},"share_on_mastodon":{"url":"https:\/\/pubeurope.com\/@fr\/114923809294137443","error":""},"_links":{"self":[{"href":"https:\/\/www.europesays.com\/fr\/wp-json\/wp\/v2\/posts\/276832","targetHints":{"allow":["GET"]}}],"collection":[{"href":"https:\/\/www.europesays.com\/fr\/wp-json\/wp\/v2\/posts"}],"about":[{"href":"https:\/\/www.europesays.com\/fr\/wp-json\/wp\/v2\/types\/post"}],"author":[{"embeddable":true,"href":"https:\/\/www.europesays.com\/fr\/wp-json\/wp\/v2\/users\/2"}],"replies":[{"embeddable":true,"href":"https:\/\/www.europesays.com\/fr\/wp-json\/wp\/v2\/comments?post=276832"}],"version-history":[{"count":0,"href":"https:\/\/www.europesays.com\/fr\/wp-json\/wp\/v2\/posts\/276832\/revisions"}],"wp:featuredmedia":[{"embeddable":true,"href":"https:\/\/www.europesays.com\/fr\/wp-json\/wp\/v2\/media\/276833"}],"wp:attachment":[{"href":"https:\/\/www.europesays.com\/fr\/wp-json\/wp\/v2\/media?parent=276832"}],"wp:term":[{"taxonomy":"category","embeddable":true,"href":"https:\/\/www.europesays.com\/fr\/wp-json\/wp\/v2\/categories?post=276832"},{"taxonomy":"post_tag","embeddable":true,"href":"https:\/\/www.europesays.com\/fr\/wp-json\/wp\/v2\/tags?post=276832"}],"curies":[{"name":"wp","href":"https:\/\/api.w.org\/{rel}","templated":true}]}}