{"id":276834,"date":"2025-07-27T06:35:13","date_gmt":"2025-07-27T06:35:13","guid":{"rendered":"https:\/\/www.europesays.com\/fr\/276834\/"},"modified":"2025-07-27T06:35:13","modified_gmt":"2025-07-27T06:35:13","slug":"la-neerlandaise-marianne-vos-remporte-la-premiere-etape-du-circuit","status":"publish","type":"post","link":"https:\/\/www.europesays.com\/fr\/276834\/","title":{"rendered":"la N\u00e9erlandaise Marianne Vos remporte la premi\u00e8re \u00e9tape du circuit"},"content":{"rendered":"<p>Le <a href=\"https:\/\/www.20minutes.fr\/sport\/cyclisme\/4165430-20250726-tour-france-feminin-2025-parcours-complet-etape-etape\" class=\"color-ultramarine c-link\" target=\"_blank\" rel=\"noopener\">Tour de France f\u00e9minin<\/a> couronne, pour sa premi\u00e8re \u00e9tape, la N\u00e9erlandaise Marianne Vos. Celle-ci est arriv\u00e9e premi\u00e8re, samedi \u00e0 Plumelec, en Bretagne, au terme d\u2019un long sprint en c\u00f4te enclench\u00e9 par <a href=\"https:\/\/www.20minutes.fr\/sport\/cyclisme\/4101059-20240712-jo-2024-pauline-ferrand-prevot-parcours-palmares\" class=\"color-ultramarine c-link\" target=\"_blank\" rel=\"noopener\">Pauline Ferrand-Pr\u00e9vot<\/a>, impressionnante.<\/p>\n<p>Finalement troisi\u00e8me au sommet de la c\u00f4te de Cadoudal, la Fran\u00e7aise n\u2019a \u00e9t\u00e9 devanc\u00e9e que par la Mauricienne Kimberley Le Court, 2e. C\u2019est donc Marianne Vos qui a endoss\u00e9 le premier maillot jaune de leader du classement g\u00e9n\u00e9ral.<\/p>\n<p>Une autre N\u00e9erlandaise, Demi Vollering, grande favorite<\/p>\n<p>Vainqueure de l\u2019\u00e9dition 2024 de la Grande Boucle, la Polonaise Katarzyna Niewiadoma a \u00e9chou\u00e9 en quatri\u00e8me position dans le m\u00eame temps que Vos, tandis que la N\u00e9erlandaise Demi Vollering, grande favorite de l\u2019\u00e9preuve, a conc\u00e9d\u00e9 trois secondes \u00e0 la cinqui\u00e8me place.<\/p>\n<p>Au terme d\u2019une \u00e9tape courte qui ne s\u2019est emball\u00e9e que lors du circuit final (trois tours de 13 kilom\u00e8tres), la formation Visma-Lease a Bike a r\u00e9alis\u00e9 une impressionnante prestation collective sous l\u2019impulsion de \u00ab\u00a0PFP\u00a0\u00bb dont le d\u00e9marrage peu apr\u00e8s la flamme rouge a laiss\u00e9 tout le monde sur place.<\/p>\n<p>258e victoire<\/p>\n<p>La championne du monde de <a href=\"https:\/\/www.20minutes.fr\/dossier\/vtt\" class=\"color-ultramarine c-link\" target=\"_blank\" rel=\"noopener\">VTT <\/a>2024 a toutefois vu revenir Vos et Le Court dans les derniers m\u00e8tres pour laisser la victoire \u00e0 sa co\u00e9quipi\u00e8re Marianne Vos, tout en levant un bras en signe de victoire.<\/p>\n<p>\u00ab\u00a0Pauline\u00a0!\u00a0\u00bb, s\u2019est exclam\u00e9e Vos en tombant dans les bras de la Fran\u00e7aise. \u00ab\u00a0Elle a r\u00e9ussi un num\u00e9ro extraordinaire\u00a0\u00bb, a ensuite comment\u00e9 la N\u00e9erlandaise (38 ans) qui prend le premier maillot jaune \u00ab\u00a0comme un bonus\u00a0\u00bb apr\u00e8s la 258e victoire de sa carri\u00e8re.<\/p>\n<p>L\u2019une des candidates au podium final, la Suissesse Marlen Reusser, a elle, \u00e9t\u00e9 contrainte \u00e0 l\u2019abandon. Malade depuis plusieurs jours, la r\u00e9cente vainqueure du Tour de Suisse et deuxi\u00e8me du dernier <a href=\"https:\/\/www.20minutes.fr\/sport\/cyclisme\/4154889-20250601-giro-2025-classement-general-resultats-apres-derniere-etape\" class=\"color-ultramarine c-link\" target=\"_blank\" rel=\"noopener\">Giro italien<\/a>, a \u00e9t\u00e9 victime d\u2019une chute dans les 30 derniers kilom\u00e8tres et a pr\u00e9f\u00e9r\u00e9 renoncer.<\/p>\n","protected":false},"excerpt":{"rendered":"Le Tour de France f\u00e9minin couronne, pour sa premi\u00e8re \u00e9tape, la N\u00e9erlandaise Marianne Vos. Celle-ci est arriv\u00e9e premi\u00e8re,&hellip;\n","protected":false},"author":2,"featured_media":276835,"comment_status":"","ping_status":"","sticky":false,"template":"","format":"standard","meta":{"footnotes":""},"categories":[1411],"tags":[1154,207,1011,27,8011,517,60,26588,8012],"class_list":{"0":"post-276834","1":"post","2":"type-post","3":"status-publish","4":"format-standard","5":"has-post-thumbnail","7":"category-cyclisme","8":"tag-cycling","9":"tag-cyclisme","10":"tag-fr","11":"tag-france","12":"tag-pauline-ferrand-prevot","13":"tag-sport","14":"tag-sports","15":"tag-tour-de-france-feminin","16":"tag-vtt"},"share_on_mastodon":{"url":"https:\/\/pubeurope.com\/@fr\/114923813201135426","error":""},"_links":{"self":[{"href":"https:\/\/www.europesays.com\/fr\/wp-json\/wp\/v2\/posts\/276834","targetHints":{"allow":["GET"]}}],"collection":[{"href":"https:\/\/www.europesays.com\/fr\/wp-json\/wp\/v2\/posts"}],"about":[{"href":"https:\/\/www.europesays.com\/fr\/wp-json\/wp\/v2\/types\/post"}],"author":[{"embeddable":true,"href":"https:\/\/www.europesays.com\/fr\/wp-json\/wp\/v2\/users\/2"}],"replies":[{"embeddable":true,"href":"https:\/\/www.europesays.com\/fr\/wp-json\/wp\/v2\/comments?post=276834"}],"version-history":[{"count":0,"href":"https:\/\/www.europesays.com\/fr\/wp-json\/wp\/v2\/posts\/276834\/revisions"}],"wp:featuredmedia":[{"embeddable":true,"href":"https:\/\/www.europesays.com\/fr\/wp-json\/wp\/v2\/media\/276835"}],"wp:attachment":[{"href":"https:\/\/www.europesays.com\/fr\/wp-json\/wp\/v2\/media?parent=276834"}],"wp:term":[{"taxonomy":"category","embeddable":true,"href":"https:\/\/www.europesays.com\/fr\/wp-json\/wp\/v2\/categories?post=276834"},{"taxonomy":"post_tag","embeddable":true,"href":"https:\/\/www.europesays.com\/fr\/wp-json\/wp\/v2\/tags?post=276834"}],"curies":[{"name":"wp","href":"https:\/\/api.w.org\/{rel}","templated":true}]}}