{"id":276839,"date":"2025-07-27T06:39:10","date_gmt":"2025-07-27T06:39:10","guid":{"rendered":"https:\/\/www.europesays.com\/fr\/276839\/"},"modified":"2025-07-27T06:39:10","modified_gmt":"2025-07-27T06:39:10","slug":"comment-se-cree-la-couverture-dun-livre-a-la-decouverte-des-metiers-de-lombre-qui-habillent-vos-lectures","status":"publish","type":"post","link":"https:\/\/www.europesays.com\/fr\/276839\/","title":{"rendered":"Comment se cr\u00e9e la couverture d\u2019un livre ? \u00c0 la d\u00e9couverte des m\u00e9tiers de l\u2019ombre qui habillent vos lectures"},"content":{"rendered":"<p>Un myst\u00e9rieux visage de femme de profil dont la partie droite<br \/>\nreste dans l\u2019ombre. Cette photo en noir et blanc qui occupe toute<br \/>\nla couverture parle \u00e0 toutes celles et ceux qui ont lu l\u2019Art de<br \/>\nla joie. Il s\u2019agit d\u2019un portrait de l\u2019autrice, Goliarda<br \/>\nSapienza, \u00e2g\u00e9e d\u2019une vingtaine d\u2019ann\u00e9es. Un choix qui s\u2019est impos\u00e9<br \/>\n\u00e0 Fr\u00e9d\u00e9ric Martin, qui a \u00e9dit\u00e9 le livre il y a 20 ans.<br \/>\n\u00ab\u00a0Pass\u00e9 le choc de la d\u00e9couverte de ce texte, je me suis<br \/>\npos\u00e9 la question pendant trois mois de la couverture, se<br \/>\nsouvient-il. Jusqu\u2019\u00e0 cette \u00e9vidence, tant l\u2019histoire<br \/>\npersonnelle de cette femme a nourri cet incroyable<br \/>\nr\u00e9cit.\u00a0\u00bb<\/p>\n<p>Comme ce formidable roman initiatique, de nombreux livres sont<br \/>\nassoci\u00e9s dans nos m\u00e9moires \u00e0 l\u2019image qui figure sur l\u2019exemplaire de<br \/>\nnotre biblioth\u00e8que. Par exemple, un chat blanc et une<br \/>\n\u00ab\u00a0pluie\u00a0\u00bb de poissons pour Kafka sur le rivage<br \/>\nde Haruki Murakami\u00a0; une vieille dame \u00e0 la peau burin\u00e9e<br \/>\n\u00e9cartant un rideau pour le Soleil des Scorta de Laurent<br \/>\nGaud\u00e9, prix Goncourt 2004.<\/p>\n<p>La couverture\u00a0est bien souvent le premier contact avec un<br \/>\nlivre, le plus imm\u00e9diat et le plus impulsif. La concevoir n\u2019est pas<br \/>\nchose ais\u00e9e. C\u2019est le<\/p>\n","protected":false},"excerpt":{"rendered":"Un myst\u00e9rieux visage de femme de profil dont la partie droite reste dans l\u2019ombre. Cette photo en noir&hellip;\n","protected":false},"author":2,"featured_media":276840,"comment_status":"","ping_status":"","sticky":false,"template":"","format":"standard","meta":{"footnotes":""},"categories":[1357],"tags":[1379,58,59,1011,27,1380],"class_list":{"0":"post-276839","1":"post","2":"type-post","3":"status-publish","4":"format-standard","5":"has-post-thumbnail","7":"category-livres","8":"tag-books","9":"tag-divertissement","10":"tag-entertainment","11":"tag-fr","12":"tag-france","13":"tag-livres"},"share_on_mastodon":{"url":"https:\/\/pubeurope.com\/@fr\/114923828905577620","error":""},"_links":{"self":[{"href":"https:\/\/www.europesays.com\/fr\/wp-json\/wp\/v2\/posts\/276839","targetHints":{"allow":["GET"]}}],"collection":[{"href":"https:\/\/www.europesays.com\/fr\/wp-json\/wp\/v2\/posts"}],"about":[{"href":"https:\/\/www.europesays.com\/fr\/wp-json\/wp\/v2\/types\/post"}],"author":[{"embeddable":true,"href":"https:\/\/www.europesays.com\/fr\/wp-json\/wp\/v2\/users\/2"}],"replies":[{"embeddable":true,"href":"https:\/\/www.europesays.com\/fr\/wp-json\/wp\/v2\/comments?post=276839"}],"version-history":[{"count":0,"href":"https:\/\/www.europesays.com\/fr\/wp-json\/wp\/v2\/posts\/276839\/revisions"}],"wp:featuredmedia":[{"embeddable":true,"href":"https:\/\/www.europesays.com\/fr\/wp-json\/wp\/v2\/media\/276840"}],"wp:attachment":[{"href":"https:\/\/www.europesays.com\/fr\/wp-json\/wp\/v2\/media?parent=276839"}],"wp:term":[{"taxonomy":"category","embeddable":true,"href":"https:\/\/www.europesays.com\/fr\/wp-json\/wp\/v2\/categories?post=276839"},{"taxonomy":"post_tag","embeddable":true,"href":"https:\/\/www.europesays.com\/fr\/wp-json\/wp\/v2\/tags?post=276839"}],"curies":[{"name":"wp","href":"https:\/\/api.w.org\/{rel}","templated":true}]}}