{"id":276841,"date":"2025-07-27T06:40:32","date_gmt":"2025-07-27T06:40:32","guid":{"rendered":"https:\/\/www.europesays.com\/fr\/276841\/"},"modified":"2025-07-27T06:40:32","modified_gmt":"2025-07-27T06:40:32","slug":"mathieu-ceschin-lamour-est-dans-le-pre-devoile-comment-sest-passe-le-bapteme-republicain-de-son-fils-ezio","status":"publish","type":"post","link":"https:\/\/www.europesays.com\/fr\/276841\/","title":{"rendered":"Mathieu Ceschin (L&rsquo;amour est dans le pr\u00e9) d\u00e9voile comment s&rsquo;est pass\u00e9 le bapt\u00eame r\u00e9publicain de son fils Ezio"},"content":{"rendered":"<p>Ce samedi 26 juillet 2025 \u00e9tait un jour sp\u00e9cial pour Mathieu Ceschin, candidat embl\u00e9matique de L&rsquo;amour est dans le pr\u00e9. Celui qui a figur\u00e9 dans la saison 15 de l&rsquo;\u00e9mission anim\u00e9e par Karine Le Marchand a d\u00e9voil\u00e9 les coulisses du bapt\u00eame r\u00e9publicain de son fils Ezio, organis\u00e9 en parall\u00e8le d&rsquo;un \u00e9v\u00e8nement qui lui tient \u00e0 c\u0153ur. <\/p>\n<p>Mathieu Ceschin <a href=\"https:\/\/www.programme-tv.net\/news\/people\/380632-je-le-regarde-bouleverse-mathieu-ceschin-lamour-est-dans-le-pre-en-pamoison-devant-son-fils-ezio-cette-video-qui-le-fait-fondre\/\" data-api-deeplink=\"teleloisirs:\/\/news\/380632\" target=\"_blank\" rel=\"noopener\">est compl\u00e8tement gaga de son fils Ezio<\/a>, <a href=\"https:\/\/www.programme-tv.net\/news\/people\/359479-mathieu-ceschin-l-amour-dans-le-pre-15-revele-le-prix-de-sa-gpa-pour-avoir-son-fils-ezio\/\" data-api-deeplink=\"teleloisirs:\/\/news\/359479\" target=\"_blank\" rel=\"noopener\">n\u00e9 gr\u00e2ce \u00e0 une GPA en Colombie<\/a>, et il ne s&rsquo;en cache pas sur ses r\u00e9seaux sociaux. Il n&rsquo;est donc pas \u00e9tonnant de voir que l&rsquo;ancien candidat de L&rsquo;amour est dans le pr\u00e9 a partag\u00e9 chaque instant du bapt\u00eame r\u00e9publicain de son b\u00e9b\u00e9 qui a bien grandi. Apr\u00e8s avoir confirm\u00e9 sa venue \u00e0 la Fiert\u00e9 Rurale de Chenevelles, le jeune papa avait annonc\u00e9 sur son compte Instagram qu&rsquo;il profiterait de cette occasion pour <a href=\"https:\/\/www.programme-tv.net\/news\/people\/383453-nous-allons-ecrire-une-page-intime-et-symbolique-mathieu-ceschin-l-amour-est-dans-le-pre-fait-une-grande-annonce-concernant-son-fils-ezio\/\" data-api-deeplink=\"teleloisirs:\/\/news\/383453\" target=\"_blank\" rel=\"noopener\">organiser le bapt\u00eame civil de celui qui compte le plus \u00e0 ses yeux<\/a>. \u00ab\u00a0Au c\u0153ur de cette f\u00eate qui c\u00e9l\u00e8bre nos campagnes et nos racines, nous allons \u00e9crire une page intime et symbolique de notre histoire. Ezio, mon fils, mon tr\u00e9sor, sera baptis\u00e9 de mani\u00e8re r\u00e9publicaine sous le regard bienveillant du maire de la commune et de tous ceux qui nous portent en affection\u00a0\u00bb.<\/p>\n<p>                        <b>Mathieu Ceschin (<\/b><b>L&rsquo;amour est dans le pr\u00e9<\/b><b>) c\u00e9l\u00e8bre le bapt\u00eame r\u00e9publicain de son fils Ezio<\/b><\/p>\n<p>Dans sa story Instagram ce samedi 26 juillet, <a href=\"https:\/\/www.programme-tv.net\/news\/tv\/383819-continue-d-etre-toi-laurent-l-amour-est-dans-le-pre-adresse-un-touchant-message-a-mathieu-ceschin-pour-ses-50-ans\/\" data-api-deeplink=\"teleloisirs:\/\/news\/383819\" target=\"_blank\" rel=\"noopener\">celui qui a r\u00e9cemment f\u00eat\u00e9 son 50e anniversaire<\/a> a partag\u00e9 les coulisses du bapt\u00eame r\u00e9publicain de son fils auquel il a convi\u00e9 celles et ceux qui ne vivent pas loin de Chenevelles, une petite commune situ\u00e9e dans le d\u00e9partement de la Vienne. \u00ab\u00a0On a install\u00e9 un petit \u00e9cran dehors\u00a0\u00bb, a-t-il pr\u00e9cis\u00e9, avant de rappeler \u00e0 quel point cet \u00e9v\u00e8nement comptait pour lui. \u00ab\u00a0Il y a beaucoup de choses au travers de ce bapt\u00eame. Beaucoup de combats&#8230; Plein de choses&#8230;\u00a0\u00bb Mathieu Ceschin a ensuite d\u00e9voil\u00e9 l&rsquo;int\u00e9rieur du lieu o\u00f9 s&rsquo;est d\u00e9roul\u00e9 le bapt\u00eame civil de son petit Ezio, offrant ainsi l&rsquo;occasion \u00e0 ses milliers d&rsquo;abonn\u00e9s d&rsquo;admirer la d\u00e9coration assez simple mise en place par la secr\u00e9taire de mairie.<\/p>\n<p>            <b>Mathieu Ceschin (<\/b><b>L&rsquo;amour est dans le pr\u00e9<\/b><b>) ravi, <\/b><b>\u00ab\u00a0plein de monde\u00a0\u00bb<\/b><b> a r\u00e9pondu pr\u00e9sent pour le bapt\u00eame r\u00e9publicain d&rsquo;Ezio<\/b><\/p>\n<p>Une fois la c\u00e9r\u00e9monie termin\u00e9e, Mathieu Ceschin a repris la main sur ses r\u00e9seaux sociaux et a r\u00e9v\u00e9l\u00e9 \u00e0 sa communaut\u00e9 qu&rsquo;il y avait \u00ab\u00a0plein de monde\u00a0\u00bb au bapt\u00eame r\u00e9publicain d&rsquo;Ezio. \u00ab\u00a0La vice-pr\u00e9sidente du d\u00e9partement, la Sous-pr\u00e9f\u00e8te, la d\u00e9l\u00e9gu\u00e9e de la DILCRAH, des d\u00e9put\u00e9s, des s\u00e9nateurs&#8230; Plein de monde pour ce moment incroyable\u00a0\u00bb, a-t-il confi\u00e9 dans sa story Instagram.<\/p>\n<p>Article \u00e9crit en collaboration avec 6M\u00e9dias<\/p>\n","protected":false},"excerpt":{"rendered":"Ce samedi 26 juillet 2025 \u00e9tait un jour sp\u00e9cial pour Mathieu Ceschin, candidat embl\u00e9matique de L&rsquo;amour est dans&hellip;\n","protected":false},"author":2,"featured_media":276842,"comment_status":"","ping_status":"","sticky":false,"template":"","format":"standard","meta":{"footnotes":""},"categories":[1356],"tags":[14735,244,58,59,1011,27,7988,7987,252,1364],"class_list":{"0":"post-276841","1":"post","2":"type-post","3":"status-publish","4":"format-standard","5":"has-post-thumbnail","7":"category-television","8":"tag-bu00e9bu00e9","9":"tag-commentaire","10":"tag-divertissement","11":"tag-entertainment","12":"tag-fr","13":"tag-france","14":"tag-lamour-est-dans-le-pru00e9","15":"tag-mathieu-lamour-est-dans-le-pru00e9-15","16":"tag-television","17":"tag-tv"},"share_on_mastodon":{"url":"https:\/\/pubeurope.com\/@fr\/114923832861666232","error":""},"_links":{"self":[{"href":"https:\/\/www.europesays.com\/fr\/wp-json\/wp\/v2\/posts\/276841","targetHints":{"allow":["GET"]}}],"collection":[{"href":"https:\/\/www.europesays.com\/fr\/wp-json\/wp\/v2\/posts"}],"about":[{"href":"https:\/\/www.europesays.com\/fr\/wp-json\/wp\/v2\/types\/post"}],"author":[{"embeddable":true,"href":"https:\/\/www.europesays.com\/fr\/wp-json\/wp\/v2\/users\/2"}],"replies":[{"embeddable":true,"href":"https:\/\/www.europesays.com\/fr\/wp-json\/wp\/v2\/comments?post=276841"}],"version-history":[{"count":0,"href":"https:\/\/www.europesays.com\/fr\/wp-json\/wp\/v2\/posts\/276841\/revisions"}],"wp:featuredmedia":[{"embeddable":true,"href":"https:\/\/www.europesays.com\/fr\/wp-json\/wp\/v2\/media\/276842"}],"wp:attachment":[{"href":"https:\/\/www.europesays.com\/fr\/wp-json\/wp\/v2\/media?parent=276841"}],"wp:term":[{"taxonomy":"category","embeddable":true,"href":"https:\/\/www.europesays.com\/fr\/wp-json\/wp\/v2\/categories?post=276841"},{"taxonomy":"post_tag","embeddable":true,"href":"https:\/\/www.europesays.com\/fr\/wp-json\/wp\/v2\/tags?post=276841"}],"curies":[{"name":"wp","href":"https:\/\/api.w.org\/{rel}","templated":true}]}}