{"id":276843,"date":"2025-07-27T06:41:18","date_gmt":"2025-07-27T06:41:18","guid":{"rendered":"https:\/\/www.europesays.com\/fr\/276843\/"},"modified":"2025-07-27T06:41:18","modified_gmt":"2025-07-27T06:41:18","slug":"elle-est-toujours-la-mais","status":"publish","type":"post","link":"https:\/\/www.europesays.com\/fr\/276843\/","title":{"rendered":"Elle est toujours l\u00e0 mais\u2026"},"content":{"rendered":"<p>Du haut de ses 76 ans, Patrick Hernandez n\u2019est clairement pas pr\u00eat \u00e0 faire ses adieux \u00e0 la sc\u00e8ne. Pour preuve, apr\u00e8s avoir s\u00e9duit les Fran\u00e7ais dans les ann\u00e9es 1980 avec ses chansons, <a href=\"https:\/\/www.programme-television.org\/news\/tv\/sequences-tele\/chez-jordan-comme-patrick-hernandez-cette-star-des-annees-80-a-touche-le-jackpot-grace-a-sa-chanson-video-4704805\" rel=\"nofollow noopener\" target=\"_blank\" data-ylk=\"slk:l\u2019interpr\u00e8te de Born to be Alive;elm:context_link;itc:0;sec:content-canvas\" class=\"link \">l\u2019interpr\u00e8te de Born to be Alive  <\/a> a actuellement le plaisir de retrouver son public \u00e0 l\u2019occasion de la tourn\u00e9e La Folie des ann\u00e9es 80. \u00c0 cette occasion, le chanteur fran\u00e7ais s\u2019est longuement confi\u00e9 au journal France Dimanche , ce vendredi 25 juillet, sur sa carri\u00e8re ainsi que sur son quotidien. Un rare entretien au cours duquel il a notamment \u00e9voqu\u00e9 ses l\u00e9gers p\u00e9pins de sant\u00e9\u2026<\/p>\n<p>Patrick Hernandez se livre sur sa maladie : \u00a0\u00bb Elle est toujours l\u00e0 mais\u2026 \u00ab\u00a0<\/p>\n<p>Atteint d\u2019une polyarthrite rhumato\u00efde (maladie inflammatoire et chronique qui touche notamment les articulations), Patrick Hernandez a ainsi \u00e9voqu\u00e9, en toute transparence, cette maladie qui lui a pr\u00e9c\u00e9demment \u00e9t\u00e9 diagnostiqu\u00e9e. \u00a0\u00bb Cette maladie extr\u00eamement grave dont on mourait jadis, on parvient aujourd\u2019hui, gr\u00e2ce \u00e0 un produit miracle, \u00e0 en stopper la progression \u00ab\u00a0, a-t-il d\u2019abord avou\u00e9, reconnaissant. Mais s\u2019il arrive \u00e0 \u00a0\u00bb vivre avec \u00a0\u00bb cette m\u00eame maladie, l\u2019artiste s\u2019estime heureux qu\u2019elle ne l\u2019emp\u00eache pas de pouvoir faire ce qu\u2019il aime. \u00c0 savoir, monter sur sc\u00e8ne. \u00a0\u00bb Donc, \u00e7a ne va ni mieux ni moins bien, elle est toujours l\u00e0, mais, \u00e0 76 ans, c\u2019est finalement un moindre mal qui ne m\u2019emp\u00eache pas de mettre toute mon \u00e9nergie dans Born to Be Alice depuis vingt ans en ouverture des concerts ! \u00ab\u00a0, a-t-il poursuivi, concluant ainsi son propos sur une note plus l\u00e9g\u00e8re.<\/p>\n<p>Patrick Hernandez : combien per\u00e7oit-il pour son titre Born to be Alive  ?<\/p>\n<p>Invit\u00e9 en juin 2023 sur le plateau de Touche pas \u00e0 mon poste , Patrick Hernandez avait alors fait de rares r\u00e9v\u00e9lations concernant son titre Born to be Alive. une chanson sortie dans les ann\u00e9es 1980 et dont il toucherait, encore aujourd\u2019hui, des royalties. \u00a0\u00bb On parlait de 1 500 euros par jour \u00ab\u00a0, lui avait alors lanc\u00e9 Isabelle Morini-Bosc. Une estimation que l\u2019artiste avait non seulement confirm\u00e9e, mais \u00e0 laquelle il avait apport\u00e9 d\u2019amples explications, rapportant que cette somme lui vers\u00e9e compte tenu de ses pr\u00e9c\u00e9dents r\u00f4les (sur ce titre) en tant qu\u2019auteur, \u00a0\u00bb compositeur, interpr\u00e8te, \u00e9diteur et producteur \u00ab\u00a0. Et d\u2019ajouter, cash : \u00a0\u00bb Je ne suis pas pour amasser des fortunes. La vie m\u2019a apport\u00e9 \u00e7a et je ne crache pas dessus. Honn\u00eatement, je suis tr\u00e8s heureux, encore aujourd\u2019hui, d\u2019interpr\u00e9ter cette chanson. De v\u00e9hiculer ce message qui est tr\u00e8s positif. \u00a0\u00bb Pour lui, c\u2019est la sc\u00e8ne qui compte !<\/p>\n<p><a href=\"https:\/\/www.programme-television.org\/news\/musique\/artistes\/atteint-d-une-maladie-grave-patrick-hernandez-se-livre-sur-son-etat-de-sante-elle-est-toujours-la-mais-4743496\" rel=\"nofollow noopener\" target=\"_blank\" data-ylk=\"slk:Voir l&#039;article original sur T\u00e9l\u00e9 7 jours;elm:context_link;itc:0;sec:content-canvas\" class=\"link \">Voir l&rsquo;article original sur T\u00e9l\u00e9 7 jours<\/a><\/p>\n","protected":false},"excerpt":{"rendered":"Du haut de ses 76 ans, Patrick Hernandez n\u2019est clairement pas pr\u00eat \u00e0 faire ses adieux \u00e0 la&hellip;\n","protected":false},"author":2,"featured_media":276844,"comment_status":"","ping_status":"","sticky":false,"template":"","format":"standard","meta":{"footnotes":""},"categories":[1355],"tags":[6036,41617,41618,58,59,1011,27,1361,873,41616,549],"class_list":{"0":"post-276843","1":"post","2":"type-post","3":"status-publish","4":"format-standard","5":"has-post-thumbnail","7":"category-musique","8":"tag-annees-1980","9":"tag-born-to-be-alive","10":"tag-chanteur-francais","11":"tag-divertissement","12":"tag-entertainment","13":"tag-fr","14":"tag-france","15":"tag-music","16":"tag-musique","17":"tag-patrick-hernandez","18":"tag-touche-pas-a-mon-poste"},"share_on_mastodon":{"url":"https:\/\/pubeurope.com\/@fr\/114923836843005574","error":""},"_links":{"self":[{"href":"https:\/\/www.europesays.com\/fr\/wp-json\/wp\/v2\/posts\/276843","targetHints":{"allow":["GET"]}}],"collection":[{"href":"https:\/\/www.europesays.com\/fr\/wp-json\/wp\/v2\/posts"}],"about":[{"href":"https:\/\/www.europesays.com\/fr\/wp-json\/wp\/v2\/types\/post"}],"author":[{"embeddable":true,"href":"https:\/\/www.europesays.com\/fr\/wp-json\/wp\/v2\/users\/2"}],"replies":[{"embeddable":true,"href":"https:\/\/www.europesays.com\/fr\/wp-json\/wp\/v2\/comments?post=276843"}],"version-history":[{"count":0,"href":"https:\/\/www.europesays.com\/fr\/wp-json\/wp\/v2\/posts\/276843\/revisions"}],"wp:featuredmedia":[{"embeddable":true,"href":"https:\/\/www.europesays.com\/fr\/wp-json\/wp\/v2\/media\/276844"}],"wp:attachment":[{"href":"https:\/\/www.europesays.com\/fr\/wp-json\/wp\/v2\/media?parent=276843"}],"wp:term":[{"taxonomy":"category","embeddable":true,"href":"https:\/\/www.europesays.com\/fr\/wp-json\/wp\/v2\/categories?post=276843"},{"taxonomy":"post_tag","embeddable":true,"href":"https:\/\/www.europesays.com\/fr\/wp-json\/wp\/v2\/tags?post=276843"}],"curies":[{"name":"wp","href":"https:\/\/api.w.org\/{rel}","templated":true}]}}