{"id":276847,"date":"2025-07-27T06:43:11","date_gmt":"2025-07-27T06:43:11","guid":{"rendered":"https:\/\/www.europesays.com\/fr\/276847\/"},"modified":"2025-07-27T06:43:11","modified_gmt":"2025-07-27T06:43:11","slug":"alerte-aux-moustiques-sur-lagglomeration-tourangelle","status":"publish","type":"post","link":"https:\/\/www.europesays.com\/fr\/276847\/","title":{"rendered":"alerte aux moustiques sur l\u2019agglom\u00e9ration tourangelle"},"content":{"rendered":"<p>\u00ab\u00a0Nous habitons Jou\u00e9-l\u00e8s-Tours. Nous sommes envahis de moustiques. Impossible de mettre le pied dehors sans se faire d\u00e9vorer.\u00a0Nous avons achet\u00e9 des pi\u00e8ges et install\u00e9\u00a0des moustiquaires et nous ne sortons plus dans le jardin, ma fille \u00e9tant allergique aux piq\u00fbres. C\u2019est devenu un enfer\u2026\u00a0\u00bb<\/p>\n<p>Le message de Marion, parvenu sur <a target=\"_self\" href=\"https:\/\/www.lanouvellerepublique.fr\/\" rel=\"nofollow noopener\">le site internet de <\/a><a target=\"_self\" href=\"https:\/\/www.lanouvellerepublique.fr\/\" rel=\"nofollow noopener\">La Nouvelle R\u00e9publique<\/a>, est l\u2019une des tr\u00e8s nombreuses r\u00e9actions \u00e0 notre appel \u00e0 t\u00e9moins concernant l\u2019invasion de moustiques, et notamment de moustiques-tigres, que des lecteurs nous signalent depuis le d\u00e9but de l\u2019\u00e9t\u00e9.<\/p>\n<p>Des t\u00e9moignages qui proviennent essentiellement de l\u2019agglom\u00e9ration de Tours et de sa couronne, que ce soit en zone urbaine ou \u00e0 la campagne. Avec des victimes d\u2019attaques r\u00e9currentes de moustiques\u00a0qui \u00e9voquent une nuisance au quotidien tournant parfois au calvaire.<\/p>\n","protected":false},"excerpt":{"rendered":"\u00ab\u00a0Nous habitons Jou\u00e9-l\u00e8s-Tours. Nous sommes envahis de moustiques. Impossible de mettre le pied dehors sans se faire d\u00e9vorer.\u00a0Nous&hellip;\n","protected":false},"author":2,"featured_media":276848,"comment_status":"","ping_status":"","sticky":false,"template":"","format":"standard","meta":{"footnotes":""},"categories":[10],"tags":[1392,1867,1674,1011,27,72,1387,71,1390],"class_list":{"0":"post-276847","1":"post","2":"type-post","3":"status-publish","4":"format-standard","5":"has-post-thumbnail","7":"category-sante","8":"tag-a-la-une-local","9":"tag-animaux","10":"tag-communes","11":"tag-fr","12":"tag-france","13":"tag-health","14":"tag-indre-et-loire","15":"tag-sante","16":"tag-tours"},"share_on_mastodon":{"url":"https:\/\/pubeurope.com\/@fr\/114923844628903511","error":""},"_links":{"self":[{"href":"https:\/\/www.europesays.com\/fr\/wp-json\/wp\/v2\/posts\/276847","targetHints":{"allow":["GET"]}}],"collection":[{"href":"https:\/\/www.europesays.com\/fr\/wp-json\/wp\/v2\/posts"}],"about":[{"href":"https:\/\/www.europesays.com\/fr\/wp-json\/wp\/v2\/types\/post"}],"author":[{"embeddable":true,"href":"https:\/\/www.europesays.com\/fr\/wp-json\/wp\/v2\/users\/2"}],"replies":[{"embeddable":true,"href":"https:\/\/www.europesays.com\/fr\/wp-json\/wp\/v2\/comments?post=276847"}],"version-history":[{"count":0,"href":"https:\/\/www.europesays.com\/fr\/wp-json\/wp\/v2\/posts\/276847\/revisions"}],"wp:featuredmedia":[{"embeddable":true,"href":"https:\/\/www.europesays.com\/fr\/wp-json\/wp\/v2\/media\/276848"}],"wp:attachment":[{"href":"https:\/\/www.europesays.com\/fr\/wp-json\/wp\/v2\/media?parent=276847"}],"wp:term":[{"taxonomy":"category","embeddable":true,"href":"https:\/\/www.europesays.com\/fr\/wp-json\/wp\/v2\/categories?post=276847"},{"taxonomy":"post_tag","embeddable":true,"href":"https:\/\/www.europesays.com\/fr\/wp-json\/wp\/v2\/tags?post=276847"}],"curies":[{"name":"wp","href":"https:\/\/api.w.org\/{rel}","templated":true}]}}