{"id":276857,"date":"2025-07-27T06:48:09","date_gmt":"2025-07-27T06:48:09","guid":{"rendered":"https:\/\/www.europesays.com\/fr\/276857\/"},"modified":"2025-07-27T06:48:09","modified_gmt":"2025-07-27T06:48:09","slug":"quatrieme-jour-de-combats-malgre-la-proposition-americaine-de-cessez-le-feu","status":"publish","type":"post","link":"https:\/\/www.europesays.com\/fr\/276857\/","title":{"rendered":"quatri\u00e8me jour de combats, malgr\u00e9 la proposition am\u00e9ricaine de cessez-le-feu"},"content":{"rendered":"<p>Le minist\u00e8re cambodgien de la D\u00e9fense a affirm\u00e9 que la Tha\u00eflande avait attaqu\u00e9 \u00e0 04h50 du matin (21h50 GMT samedi) deux temples contest\u00e9s \u00e0 Samraong, th\u00e9\u00e2tre des premiers affrontements survenus jeudi matin.<\/p>\n<p class=\"fig-paragraph\">La Tha\u00eflande et le Cambodge ont \u00e9chang\u00e9 des tirs d&rsquo;artillerie pour la quatri\u00e8me journ\u00e9e cons\u00e9cutive dimanche, tout en se disant\u00a0<a href=\"http:\/\/www.lefigaro.fr\/flash-actu\/trump-annonce-que-la-thailande-et-le-cambodge-ont-accepte-de-se-rencontrer-en-vue-d-un-cessez-le-feu-20250726\" data-fig-type=\"NewsFlash\" data-gtm-custom-categorie=\"navigation\" data-gtm-custom-action=\"crossclick\" data-gtm-custom-label=\"Contextuel\" data-gtm-event=\"customEventSPE\" data-fig-domain=\"LEFIGARO\" target=\"_blank\" rel=\"noopener\">pr\u00eats \u00e0 discuter d&rsquo;un cessez-le-feu<\/a>\u00a0dans le cadre d&rsquo;une m\u00e9diation am\u00e9ricaine. Les deux royaumes d&rsquo;Asie du Sud-Est sont engag\u00e9s dans l&rsquo;\u00e9pisode le plus meurtrier de leur diff\u00e9rend territorial au long cours depuis des ann\u00e9es. Les \u00e9changes de tirs, bombardements et frappes a\u00e9riennes ont fait au moins 33 morts et provoqu\u00e9 le d\u00e9placement d&rsquo;environ 200.000 personnes.<\/p>\n<p class=\"fig-paragraph\">Des journalistes de l&rsquo;AFP pr\u00e9sents \u00e0 Samraong, au Cambodge, \u00e0 une vingtaine de kilom\u00e8tres de la fronti\u00e8re tha\u00eflandaise, ont entendu \u00e0 l&rsquo;aube des bruits d&rsquo;artillerie. Une porte-parole du minist\u00e8re cambodgien de la D\u00e9fense, Maly Socheata, a affirm\u00e9 que la Tha\u00eflande avait attaqu\u00e9 \u00e0 04h50 du matin (21h50 GMT samedi) deux temples contest\u00e9s de cette r\u00e9gion, th\u00e9\u00e2tre des premiers affrontements survenus jeudi matin.<\/p>\n<p>                                    <a class=\"fig-a11y-skip a11y-hidden\" href=\"#fig-a11y-skip-main-inarticle\"><br \/>\n        Passer la publicit\u00e9<br \/>\n    <\/a><\/p>\n<p class=\"fig-paragraph\">Depuis, le conflit s&rsquo;est r\u00e9pandu sur de multiples fronts, parfois \u00e9loign\u00e9s de plusieurs centaines de kilom\u00e8tres entre eux, de la province tha\u00eflandaise de Trat sur le golfe de Tha\u00eflande jusqu&rsquo;\u00e0 une zone surnomm\u00e9e \u00able Triangle d&rsquo;\u00e9meraude\u00bb pour sa proximit\u00e9 avec le Laos. Le porte-parole adjoint des forces arm\u00e9es tha\u00eflandaises, Ritcha Suksuwanon, a indiqu\u00e9 de son c\u00f4t\u00e9 que le Cambodge avait lanc\u00e9 dimanche vers 04H00 du matin (21H00 GMT) des assauts \u00e0 deux endroits diff\u00e9rents.<\/p>\n<p>Appels \u00e0 la tr\u00eave<\/p>\n<p class=\"fig-paragraph\">Donald Trump a annonc\u00e9 samedi, apr\u00e8s avoir \u00e9chang\u00e9 avec leurs dirigeants, que les deux pays \u00e9taient pr\u00eats \u00e0 se rencontrer pour parvenir \u00e0 un cessez-le-feu. Le pr\u00e9sident am\u00e9ricain a salu\u00e9 deux \u00abtr\u00e8s bonnes conversations\u00bb et dit esp\u00e9rer que les deux voisins \u00abs&rsquo;entendront pendant encore de nombreuses ann\u00e9es\u00bb, dans un message sur son r\u00e9seau Truth Social. Bangkok a dit \u00abaccepter en principe de mettre en place un cessez-le-feu\u00bb, tout en attendant de voir si l&rsquo;intention de Phnom Penh \u00e9tait \u00absinc\u00e8re\u00bb.<\/p>\n<p class=\"fig-paragraph\">Le Premier ministre khmer Hun Manet a accueilli cette \u00abbonne nouvelle pour les soldats, et le peuple des deux pays\u00bb, et charg\u00e9 son chef de la diplomatie, Prak Sokhonn, de se coordonner avec son homologue am\u00e9ricain Marco Rubio en vue de \u00abmettre fin\u00bb au conflit. Avant cela, une tentative de m\u00e9diation sous l&rsquo;\u00e9gide de la Malaisie, qui occupe la pr\u00e9sidence tournante de l&rsquo;Association des nations d&rsquo;Asie du Sud-Est (Asean) dont les deux royaumes sont membres, n&rsquo;avait pas \u00e9t\u00e9 suivie d&rsquo;effet.<\/p>\n<p class=\"fig-paragraph\">La Tha\u00eflande et le Cambodge sont en pleines discussions avec la Maison Blanche au sujet des droits de douane prohibitifs qui doivent frapper ces deux \u00e9conomies d\u00e9pendantes des exportations le 1er ao\u00fbt. Donald Trump a affirm\u00e9 qu&rsquo;il \u00e9tait \u00abinappropri\u00e9\u00bb de revenir \u00e0 la table des n\u00e9gociations sur le volet commercial tant que les combats \u00abn&rsquo;auront pas cess\u00e9\u00bb. Les Nations unies ont aussi exhort\u00e9 samedi les deux voisins \u00e0 conclure \u00abimm\u00e9diatement\u00bb un cessez-le-feu. Le chef de l&rsquo;ONU Antonio Guterres a dit \u00eatre \u00abdisponible pour contribuer \u00e0 tout effort visant \u00e0 un r\u00e8glement pacifique du conflit\u00bb, selon son porte-parole adjoint Farhan Haq.<\/p>\n<p>Les deux pays contestent le trac\u00e9 de leur fronti\u00e8re commune<\/p>\n<p class=\"fig-paragraph\">Les relations diplomatiques entre les deux voisins, li\u00e9s par de riches liens culturels et \u00e9conomiques, sont au plus bas depuis des d\u00e9cennies. L&rsquo;\u00e9pisode en cours a fait 20 morts c\u00f4t\u00e9 tha\u00eflandais, dont sept soldats, alors que le Cambodge a fait \u00e9tat d&rsquo;un bilan de 13 morts dont cinq militaires. Plus de 138.000 Tha\u00eflandais ont \u00e9vacu\u00e9 les zones \u00e0 risques, selon Bangkok, et plus de 80.000 Cambodgiens de leur c\u00f4t\u00e9 de la fronti\u00e8re, d&rsquo;apr\u00e8s Phnom Penh.<\/p>\n<p>                                    <a class=\"fig-a11y-skip a11y-hidden\" href=\"#fig-a11y-skip-main-inarticle_mtf\"><br \/>\n        Passer la publicit\u00e9<br \/>\n    <\/a><\/p>\n<p class=\"fig-paragraph\">Les deux pays contestent le trac\u00e9 de leur fronti\u00e8re commune, d\u00e9finie durant l&rsquo;Indochine fran\u00e7aise. Avant les combats actuels, l&rsquo;\u00e9pisode le plus violent li\u00e9 \u00e0 ce diff\u00e9rend remontait \u00e0 des affrontements autour du temple de Preah Vihear entre 2008 et 2011, qui avaient fait au moins 28 morts et des dizaines de milliers de d\u00e9plac\u00e9s.<\/p>\n<p class=\"fig-paragraph\">Le tribunal des Nations Unies a donn\u00e9 raison au Cambodge deux fois, en 1962 et en 2013, sur la propri\u00e9t\u00e9 du temple Preah Vihear, class\u00e9 au patrimoine mondial par l&rsquo;Unesco, et d&rsquo;une zone alentour.<\/p>\n","protected":false},"excerpt":{"rendered":"Le minist\u00e8re cambodgien de la D\u00e9fense a affirm\u00e9 que la Tha\u00eflande avait attaqu\u00e9 \u00e0 04h50 du matin (21h50&hellip;\n","protected":false},"author":2,"featured_media":276858,"comment_status":"","ping_status":"","sticky":false,"template":"","format":"standard","meta":{"footnotes":""},"categories":[5],"tags":[259,11,260,1011,27,14,261,12,262,28],"class_list":{"0":"post-276857","1":"post","2":"type-post","3":"status-publish","4":"format-standard","5":"has-post-thumbnail","7":"category-international","8":"tag-actualite-internationale","9":"tag-actualites","10":"tag-affaires-etrangeres","11":"tag-fr","12":"tag-france","13":"tag-international","14":"tag-ministere-des-affaires-etrangeres","15":"tag-news","16":"tag-politique-etrangere","17":"tag-world"},"share_on_mastodon":{"url":"https:\/\/pubeurope.com\/@fr\/114923864264756004","error":""},"_links":{"self":[{"href":"https:\/\/www.europesays.com\/fr\/wp-json\/wp\/v2\/posts\/276857","targetHints":{"allow":["GET"]}}],"collection":[{"href":"https:\/\/www.europesays.com\/fr\/wp-json\/wp\/v2\/posts"}],"about":[{"href":"https:\/\/www.europesays.com\/fr\/wp-json\/wp\/v2\/types\/post"}],"author":[{"embeddable":true,"href":"https:\/\/www.europesays.com\/fr\/wp-json\/wp\/v2\/users\/2"}],"replies":[{"embeddable":true,"href":"https:\/\/www.europesays.com\/fr\/wp-json\/wp\/v2\/comments?post=276857"}],"version-history":[{"count":0,"href":"https:\/\/www.europesays.com\/fr\/wp-json\/wp\/v2\/posts\/276857\/revisions"}],"wp:featuredmedia":[{"embeddable":true,"href":"https:\/\/www.europesays.com\/fr\/wp-json\/wp\/v2\/media\/276858"}],"wp:attachment":[{"href":"https:\/\/www.europesays.com\/fr\/wp-json\/wp\/v2\/media?parent=276857"}],"wp:term":[{"taxonomy":"category","embeddable":true,"href":"https:\/\/www.europesays.com\/fr\/wp-json\/wp\/v2\/categories?post=276857"},{"taxonomy":"post_tag","embeddable":true,"href":"https:\/\/www.europesays.com\/fr\/wp-json\/wp\/v2\/tags?post=276857"}],"curies":[{"name":"wp","href":"https:\/\/api.w.org\/{rel}","templated":true}]}}