{"id":276863,"date":"2025-07-27T06:52:16","date_gmt":"2025-07-27T06:52:16","guid":{"rendered":"https:\/\/www.europesays.com\/fr\/276863\/"},"modified":"2025-07-27T06:52:16","modified_gmt":"2025-07-27T06:52:16","slug":"lasse-part-en-chasse-trois-defenseurs-dans-le-viseur","status":"publish","type":"post","link":"https:\/\/www.europesays.com\/fr\/276863\/","title":{"rendered":"L&rsquo;ASSE PART EN CHASSE : TROIS D\u00c9FENSEURS DANS LE VISEUR"},"content":{"rendered":"<p>                <a href=\"https:\/\/cadenceradio.fr\" target=\"_blank\" aria-label=\"Banni\u00e8re Cadence 2025\" rel=\"nofollow noopener\"><img loading=\"lazy\" decoding=\"async\" src=\"https:\/\/www.europesays.com\/fr\/wp-content\/uploads\/2025\/07\/Banniere-Cadence-2025-scaled.jpg\" alt=\"\"   width=\"2560\" height=\"738\"\/><\/a><\/p>\n<p>Face \u00e0 ce constat sans appel, les dirigeants for\u00e9ziens ont activ\u00e9 tous les r\u00e9seaux pour d\u00e9nicher la perle rare avant la reprise de la seconde partie de championnat. Les lacunes observ\u00e9es dans cette zone du terrain ont sonn\u00e9 l\u2019alarme au sein du staff technique. Plut\u00f4t que de subir cette faiblesse, le club du Forez a d\u00e9cid\u00e9 de passer \u00e0 l\u2019offensive sur le march\u00e9 des transferts, multipliant les contacts pour combler cette br\u00e8che d\u00e9fensive.<\/p>\n<p>Une strat\u00e9gie \u00e0 trois t\u00eates pour maximiser les chances<\/p>\n<p>Les recruteurs st\u00e9phanois ont adopt\u00e9 une approche pragmatique en ciblant simultan\u00e9ment trois joueurs aux profils vari\u00e9s. Cette diversification des pistes r\u00e9pond \u00e0 une logique imparable : \u00e9viter de se retrouver le bec dans l\u2019eau si une n\u00e9gociation capote.<\/p>\n<p>Chaque candidat pr\u00e9sente des avantages sp\u00e9cifiques et s\u2019inscrit dans une fourchette tarifaire distincte. Cette m\u00e9thode permet aux Verts de garder plusieurs fers au feu tout en s\u2019adaptant aux r\u00e9alit\u00e9s financi\u00e8res du moment.<\/p>\n<p>Les contraintes budg\u00e9taires qui p\u00e8sent sur l\u2019ASSE obligent les dirigeants \u00e0 faire preuve d\u2019ing\u00e9niosit\u00e9. Explorer diff\u00e9rentes gammes de prix devient alors une n\u00e9cessit\u00e9 pour optimiser les chances d\u2019aboutir \u00e0 un accord.<\/p>\n<p>Paul Joly : le graal auxerrois qui r\u00e9siste<\/p>\n<p>Dans le viseur prioritaire des dirigeants st\u00e9phanois, Paul Joly repr\u00e9sente l\u2019objectif num\u00e9ro un pour solidifier le flanc droit. Ce d\u00e9fenseur de 24 ans \u00e9volue \u00e0 l\u2019AJ Auxerre et s\u00e9duit par sa capacit\u00e9 \u00e0 jouer aussi bien en d\u00e9fense centrale qu\u2019au poste de lat\u00e9ral droit.<\/p>\n<p>Cette polyvalence constitue un avantage consid\u00e9rable pour optimiser un effectif aux ressources limit\u00e9es. Malheureusement, les discussions butent sur un foss\u00e9 financier impressionnant : Saint-\u00c9tienne propose 1,5 million d\u2019euros quand Auxerre en r\u00e9clame 3 millions.<\/p>\n<p>La position de force des Icaunais s\u2019explique par le contrat de leur joueur, qui court jusqu\u2019en 2026, et par son importance dans l\u2019\u00e9quipe. Les n\u00e9gociations se compliquent \u00e9galement sur les aspects salariaux, transformant ce dossier prioritaire en v\u00e9ritable casse-t\u00eate.<\/p>\n<p>Max Johnston : la p\u00e9pite \u00e9cossaise hors de prix<\/p>\n<p>L\u2019international \u00e9cossais incarne le lat\u00e9ral du futur que recherchent tous les clubs europ\u00e9ens. \u00c0 21 ans seulement, Max Johnston poss\u00e8de d\u00e9j\u00e0 un CV impressionnant avec le Sturm Graz, champion d\u2019Autriche, et des apparitions en Ligue Europa.<\/p>\n<p>Transf\u00e9r\u00e9 de Motherwell vers l\u2019Autriche durant l\u2019\u00e9t\u00e9 2023, ce joueur aux deux s\u00e9lections \u00e9cossaises affiche une progression remarquable. Sa flexibilit\u00e9 tactique lui permet d\u2019\u00e9voluer en piston droit dans un syst\u00e8me \u00e0 trois d\u00e9fenseurs ou comme milieu excentr\u00e9 selon les besoins.<\/p>\n<p>Cependant, ce talent se paie au prix fort : 3,5 millions d\u2019euros de valorisation et un contrat s\u00e9curis\u00e9 jusqu\u2019en 2027. La concurrence venue d\u2019Angleterre et d\u2019Allemagne complique encore davantage les ambitions st\u00e9phanoises sur ce dossier.<\/p>\n<p>Ugur Kaan Yildiz : la solution turque accessible<\/p>\n<p>Du c\u00f4t\u00e9 de la Turquie pourrait venir le salut financier pour les Verts. Ugur Kaan Yildiz, qui \u00e9volue au G\u00f6ztepe SK en deuxi\u00e8me division turque, pr\u00e9sente un profil attractif malgr\u00e9 ses 22 ans.<\/p>\n<p>Ce d\u00e9fenseur a d\u00e9j\u00e0 disput\u00e9 plus de 80 rencontres professionnelles depuis son arriv\u00e9e \u00e0 G\u00f6ztepe en juillet 2022, prouvant sa maturit\u00e9 et sa constance. Titulaire indiscutable dans son club, il b\u00e9n\u00e9ficie d\u2019un contrat courant jusqu\u2019en juin 2026, offrant une marge de n\u00e9gociation int\u00e9ressante.<\/p>\n<p>Cette piste turque pourrait constituer l\u2019alternative parfaite si les dossiers Joly et Johnston venaient \u00e0 capoter, repr\u00e9sentant une solution cr\u00e9dible et financi\u00e8rement r\u00e9aliste pour renforcer efficacement le couloir droit st\u00e9phanois.<\/p>\n","protected":false},"excerpt":{"rendered":"Face \u00e0 ce constat sans appel, les dirigeants for\u00e9ziens ont activ\u00e9 tous les r\u00e9seaux pour d\u00e9nicher la perle&hellip;\n","protected":false},"author":2,"featured_media":276864,"comment_status":"","ping_status":"","sticky":false,"template":"","format":"standard","meta":{"footnotes":""},"categories":[9653],"tags":[1111,11,461,2430,1777,674,2257,1011,27,3367,12,25,4001,517],"class_list":{"0":"post-276863","1":"post","2":"type-post","3":"status-publish","4":"format-standard","5":"has-post-thumbnail","7":"category-saint-etienne","8":"tag-actu","9":"tag-actualites","10":"tag-asse","11":"tag-auvergne-rhone-alpes","12":"tag-eu","13":"tag-europe","14":"tag-foot","15":"tag-fr","16":"tag-france","17":"tag-loire","18":"tag-news","19":"tag-republique-francaise","20":"tag-saint-etienne","21":"tag-sport"},"share_on_mastodon":{"url":"https:\/\/pubeurope.com\/@fr\/114923880043618411","error":""},"_links":{"self":[{"href":"https:\/\/www.europesays.com\/fr\/wp-json\/wp\/v2\/posts\/276863","targetHints":{"allow":["GET"]}}],"collection":[{"href":"https:\/\/www.europesays.com\/fr\/wp-json\/wp\/v2\/posts"}],"about":[{"href":"https:\/\/www.europesays.com\/fr\/wp-json\/wp\/v2\/types\/post"}],"author":[{"embeddable":true,"href":"https:\/\/www.europesays.com\/fr\/wp-json\/wp\/v2\/users\/2"}],"replies":[{"embeddable":true,"href":"https:\/\/www.europesays.com\/fr\/wp-json\/wp\/v2\/comments?post=276863"}],"version-history":[{"count":0,"href":"https:\/\/www.europesays.com\/fr\/wp-json\/wp\/v2\/posts\/276863\/revisions"}],"wp:featuredmedia":[{"embeddable":true,"href":"https:\/\/www.europesays.com\/fr\/wp-json\/wp\/v2\/media\/276864"}],"wp:attachment":[{"href":"https:\/\/www.europesays.com\/fr\/wp-json\/wp\/v2\/media?parent=276863"}],"wp:term":[{"taxonomy":"category","embeddable":true,"href":"https:\/\/www.europesays.com\/fr\/wp-json\/wp\/v2\/categories?post=276863"},{"taxonomy":"post_tag","embeddable":true,"href":"https:\/\/www.europesays.com\/fr\/wp-json\/wp\/v2\/tags?post=276863"}],"curies":[{"name":"wp","href":"https:\/\/api.w.org\/{rel}","templated":true}]}}