{"id":276867,"date":"2025-07-27T06:55:33","date_gmt":"2025-07-27T06:55:33","guid":{"rendered":"https:\/\/www.europesays.com\/fr\/276867\/"},"modified":"2025-07-27T06:55:33","modified_gmt":"2025-07-27T06:55:33","slug":"nancy-ochey-ancien-pilote-de-la-ba-133-fabien-mandon-nomme-chef-detat-major-des-armees","status":"publish","type":"post","link":"https:\/\/www.europesays.com\/fr\/276867\/","title":{"rendered":"Nancy-Ochey. Ancien pilote de la BA 133, Fabien Mandon nomm\u00e9 chef d\u2019\u00e9tat-major des arm\u00e9es"},"content":{"rendered":"<p>Le nouveau chef d\u2019\u00e9tat-major des arm\u00e9es (CEMA), le g\u00e9n\u00e9ral d\u2019arm\u00e9e a\u00e9rienne Fabien Mandon, a command\u00e9 l\u2019escadron de chasse 2\/3 Campagne de la base a\u00e9rienne 133, situ\u00e9e \u00e0 Nancy-Ochey, du 30\u00a0ao\u00fbt 2007 au 24\u00a0juillet 2008. Il en avait \u00e9t\u00e9 le second du 29\u00a0juillet 2005 au 29\u00a0ao\u00fbt 2007.<\/p>\n<p>En 2023, il avait \u00e9t\u00e9 nomm\u00e9 chef d\u2019\u00e9tat-major particulier du pr\u00e9sident de la R\u00e9publique, un poste strat\u00e9gique, il est \u00e9lev\u00e9 au rang de g\u00e9n\u00e9ral d\u2019arm\u00e9e a\u00e9rienne la m\u00eame ann\u00e9e.<\/p>\n<p>Il a \u00e9t\u00e9 d\u00e9sign\u00e9 chef d\u2019\u00e9tat-major des arm\u00e9es par <a href=\"https:\/\/www.estrepublicain.fr\/p\/emmanuel-macron\" target=\"_blank\" rel=\"noopener\">Emmanuel Macron<\/a>, mercredi 23\u00a0juillet. Il succ\u00e8de au g\u00e9n\u00e9ral d\u2019arm\u00e9e Thierry Burkhard.<\/p>\n<p>N\u00e9 en 1969, Fabien Mandon a int\u00e9gr\u00e9 l\u2019\u00e9cole de l\u2019air en 1990, il est devenu pilote de chasse en 1994. Il a effectu\u00e9 144 missions de guerre et pris la t\u00eate de la base a\u00e9rienne d\u2019Avord, entre\u00a02012 et\u00a02014, avant d\u2019int\u00e9grer l\u2019\u00e9tat-major des arm\u00e9es comme chef de la division \u00ab\u00a0coh\u00e9rence capacitaire\u00a0\u00bb.<\/p>\n<p>Le g\u00e9n\u00e9ral d\u2019arm\u00e9e a\u00e9rienne est le deuxi\u00e8me aviateur \u00e0 acc\u00e9der \u00e0 la fonction de CEMA depuis le g\u00e9n\u00e9ral Jean-Philippe Douin. Ce dernier a occup\u00e9 le poste entre\u00a01995 et\u00a01998 sous le septennat de Jacques Chirac.<\/p>\n","protected":false},"excerpt":{"rendered":"Le nouveau chef d\u2019\u00e9tat-major des arm\u00e9es (CEMA), le g\u00e9n\u00e9ral d\u2019arm\u00e9e a\u00e9rienne Fabien Mandon, a command\u00e9 l\u2019escadron de chasse&hellip;\n","protected":false},"author":2,"featured_media":276868,"comment_status":"","ping_status":"","sticky":false,"template":"","format":"standard","meta":{"footnotes":""},"categories":[9635],"tags":[1111,11,3206,1704,1706,1705,1777,674,1011,27,775,3457,1702,12,3456,25,14984,27449],"class_list":{"0":"post-276867","1":"post","2":"type-post","3":"status-publish","4":"format-standard","5":"has-post-thumbnail","7":"category-nancy","8":"tag-actu","9":"tag-actualites","10":"tag-defense-guerre-conflit","11":"tag-edition-nancy-et-agglomeration","12":"tag-edition-pont-a-mousson","13":"tag-edition-toul","14":"tag-eu","15":"tag-europe","16":"tag-fr","17":"tag-france","18":"tag-grand-est","19":"tag-meurthe-et-moselle","20":"tag-nancy","21":"tag-news","22":"tag-region-lorraine","23":"tag-republique-francaise","24":"tag-toul","25":"tag-toul-ville-54d"},"share_on_mastodon":{"url":"https:\/\/pubeurope.com\/@fr\/114923891735875393","error":""},"_links":{"self":[{"href":"https:\/\/www.europesays.com\/fr\/wp-json\/wp\/v2\/posts\/276867","targetHints":{"allow":["GET"]}}],"collection":[{"href":"https:\/\/www.europesays.com\/fr\/wp-json\/wp\/v2\/posts"}],"about":[{"href":"https:\/\/www.europesays.com\/fr\/wp-json\/wp\/v2\/types\/post"}],"author":[{"embeddable":true,"href":"https:\/\/www.europesays.com\/fr\/wp-json\/wp\/v2\/users\/2"}],"replies":[{"embeddable":true,"href":"https:\/\/www.europesays.com\/fr\/wp-json\/wp\/v2\/comments?post=276867"}],"version-history":[{"count":0,"href":"https:\/\/www.europesays.com\/fr\/wp-json\/wp\/v2\/posts\/276867\/revisions"}],"wp:featuredmedia":[{"embeddable":true,"href":"https:\/\/www.europesays.com\/fr\/wp-json\/wp\/v2\/media\/276868"}],"wp:attachment":[{"href":"https:\/\/www.europesays.com\/fr\/wp-json\/wp\/v2\/media?parent=276867"}],"wp:term":[{"taxonomy":"category","embeddable":true,"href":"https:\/\/www.europesays.com\/fr\/wp-json\/wp\/v2\/categories?post=276867"},{"taxonomy":"post_tag","embeddable":true,"href":"https:\/\/www.europesays.com\/fr\/wp-json\/wp\/v2\/tags?post=276867"}],"curies":[{"name":"wp","href":"https:\/\/api.w.org\/{rel}","templated":true}]}}