{"id":276869,"date":"2025-07-27T06:57:29","date_gmt":"2025-07-27T06:57:29","guid":{"rendered":"https:\/\/www.europesays.com\/fr\/276869\/"},"modified":"2025-07-27T06:57:29","modified_gmt":"2025-07-27T06:57:29","slug":"les-expositions-de-lete-2025-dans-le-var","status":"publish","type":"post","link":"https:\/\/www.europesays.com\/fr\/276869\/","title":{"rendered":"Les expositions de l&rsquo;\u00e9t\u00e9 2025 dans le Var"},"content":{"rendered":"<p class=\"ai-optimize-6 ai-optimize-introduction\"><strong>Quelles expositions voir cet \u00e9t\u00e9 2025 dans le Var ? Toulon, La Seyne, Six-Fours, Hy\u00e8res, Ollioules, Draguignan\u2026 Photographie, peinture, design, architecture, histoire \u2026 d\u00e9couvrez la s\u00e9lection d\u2019INFO83. <\/strong><\/p>\n<p class=\"ai-optimize-6 ai-optimize-introduction\"><strong>Les expositions de l\u2019\u00e9t\u00e9 seront mises \u00e0 jour tout l\u2019\u00e9t\u00e9. N\u2019h\u00e9sitez pas \u00e0 revenir sur cette page !<\/strong><\/p>\n<p>Les expositions de l\u2019\u00e9t\u00e9 2025 dans la Var<br \/>\nLes expositions estivales dans la M\u00e9tropole Toulon Provence M\u00e9diterran\u00e9e<\/p>\n<p class=\"ai-optimize-8\">Architecture, mode, patrimoine, peinture, photographie, street art, design, architecture d\u2019int\u00e9rieur\u2026 cet \u00e9t\u00e9, poussez les portes des lieux d\u2019exposition ! Le patrimoine, les paysages et la culture n\u2019attendent que vous. <a href=\"https:\/\/metropoletpm.fr\/actualites\/expositions-metropole\" target=\"_blank\" rel=\"noopener\">Plus d\u2019infos ici.<\/a><\/p>\n<p><img loading=\"lazy\" decoding=\"async\" class=\"size-full wp-image-55054\" src=\"https:\/\/www.europesays.com\/fr\/wp-content\/uploads\/2025\/07\/Expositions-ete-2025-TPM-info83.jpg\"   alt=\"sorties dans le Var \u00e9t\u00e9 2025\" width=\"619\" height=\"800\" data-pin-no-hover=\"true\"\/>Architecture, patrimoine, peinture, photographie, vid\u00e9o\u2026 Les expositions estivales dans la M\u00e9tropole Toulon Provence M\u00e9diterran\u00e9e.<br \/>\nGil Frechet<br \/>Tamaris et Les Sablettes, paysages bouleversants<\/p>\n<p class=\"ai-optimize-8\">Du 21 juin au 31 ao\u00fbt 2025<br \/>Villa Tamaris \u2013 Centre d\u2019art \u2013 La Seyne-sur-Mer<\/p>\n<p>Design Parade Hy\u00e8res<\/p>\n<p class=\"ai-optimize-9\">19e Festival International de Design<br \/>Du 27 au 28 juin 2025<br \/>Expositions du 28 juin au 7 septembre 2025<br \/>Villa Noailles \u2013 Centre d\u2019art d\u2019int\u00e9r\u00eat national \u2013 Hy\u00e8res<br \/><a href=\"https:\/\/www.billetweb.fr\/pro\/villanoailles\" target=\"_blank\" rel=\"noopener\">Entr\u00e9e payante<\/a> \u2013 gratuit pour les habitants de la M\u00e9tropole TPM et les \u2013 de 18 ans<\/p>\n<p><img loading=\"lazy\" decoding=\"async\" class=\"size-full wp-image-55284\" src=\"https:\/\/www.europesays.com\/fr\/wp-content\/uploads\/2025\/07\/design-2025-parade-toulon-hyeres-info83.jpg\" alt=\"expositions de l'\u00e9t\u00e9 2025 dans le Var\" width=\"574\" height=\"800\"  \/>Design Parade 2025 \u00e0 Hy\u00e8res et Toulon.<br \/>\nUn vent d\u2019avance<br \/>Makiko Furuichi<\/p>\n<p class=\"ai-optimize-10\">Du 17 mai au 20 septembre 2025<br \/>Galerie du Canon \u2013 Toulon<br \/>du mardi au samedi de 11h30 \u00e0 18h30.<br \/>Ferm\u00e9 les jours f\u00e9ri\u00e9s.<br \/>Entr\u00e9e libre.<\/p>\n<p class=\"ai-optimize-6\">\u00abUn souffle traverse l\u2019exposition. Il ne s\u2019impose pas, il passe, fragile, sinueux, parfois insaisissable, mais une fois entr\u00e9, il ne vous quitte plus. C\u2019est un souffle ancien, fait de r\u00e9cits effac\u00e9s, d\u2019objets abandonn\u00e9s, de figures gliss\u00e9es hors du cadre. Un souffle port\u00e9 par les Y\u00f4kai, ces esprits troubles et joueurs du folklore japonais, qui surgissent ici dans une parade \u00e9trange, oscillant entre le sacr\u00e9 et l\u2019ordinaire, entre la m\u00e9moire et la m\u00e9tamorphose.\u00bb Texte de Julien Carbone<\/p>\n<p class=\"ai-optimize-7\">Visites comment\u00e9es de l\u2019exposition. Tous les samedis \u00e0 17h, sans r\u00e9servation.<\/p>\n<p class=\"ai-optimize-8\">Rencontre avec l\u2019artiste : jeudi 18 septembre 2025 \u00e0 18h30, ateliers d\u2019\u00e9criture, lecture performance et ateliers cr\u00e9atifs, visite de l\u2019exposition pour les groupes, sont propos\u00e9s au public gratuitement, sur r\u00e9servation (dans la limite des places disponibles) :<br \/>galerieducanon@metropoletpm.fr<br \/>04.94.93.37.55<\/p>\n<p><img loading=\"lazy\" decoding=\"async\" class=\"size-full wp-image-55261\" src=\"https:\/\/www.europesays.com\/fr\/wp-content\/uploads\/2025\/07\/EXPO-Galerie-du-Canon-Makiko-furuichi-2025-info83.jpg\" alt=\"expositions de l'\u00e9t\u00e9 2025 dans le Var\" width=\"573\" height=\"800\"  \/>Un vent d\u2019avance<br \/>Makiko Furuichi<br \/>Du 17 mai au 20 septembre 2025<br \/>Galerie du Canon \u2013 Toulon<br \/>\nMarc Riboud \u2013 L\u2019\u0153il du voyageur<br \/>Caroline Abitbol \u2013 Sur la voie des Immortels, Inde<\/p>\n<p class=\"ai-optimize-11\">Du 24 mai au 21 septembre 2025<br \/>Villa Tamaris \u2013 Centre d\u2019art \u2013 La Seyne-sur-Mer<br \/>Entr\u00e9e libre.<br \/><a href=\"https:\/\/www.villatamaris.fr\/fr\/marc-riboud-loeil-du-voyageur\" target=\"_blank\" rel=\"noopener\">Plus d\u2019infos ici<\/a><\/p>\n<p><img loading=\"lazy\" decoding=\"async\" class=\"size-full wp-image-55264\" src=\"https:\/\/www.europesays.com\/fr\/wp-content\/uploads\/2025\/07\/expo-ete-2025-var-marc-riboud-info83.jpg\" alt=\"expositions de l'\u00e9t\u00e9 2025 dans le Var\" width=\"560\" height=\"800\"  \/>Marc Riboud \u2013 L\u2019\u0153il du voyageur<br \/>Du 24 mai au 21 septembre 2025<br \/>Villa Tamaris \u2013 Centre d\u2019art \u2013 La Seyne-sur-Mer<br \/>\nBanksy, Avant\/Apr\u00e8s<br \/>Une (R)\u00e9volution<\/p>\n<p class=\"ai-optimize-12\">Du 14 juin au 5 octobre 2025<br \/>MAT \u2013 Mus\u00e9e d\u2019Art de Toulon \u2013 Toulon<br \/>Entr\u00e9e payante.<br \/><a href=\"https:\/\/toulon.fr\/agenda\/banksy-une-revolution-banksy\" target=\"_blank\" rel=\"noopener\">Plus d\u2019infos ici<\/a><\/p>\n<p class=\"ai-optimize-9\">Plus de 80 \u0153uvres de street art seront pr\u00e9sent\u00e9es, dont une quarantaine sign\u00e9es Banksy. L\u2019art de la rue s\u2019invite dans un lieu institutionnel. Parmi les artistes expos\u00e9s : des noms embl\u00e9matiques comme Basquiat ou Miss.Tic, mais aussi des talents locaux.<\/p>\n<p><img loading=\"lazy\" decoding=\"async\" class=\"size-full wp-image-53696\" src=\"https:\/\/www.europesays.com\/fr\/wp-content\/uploads\/2025\/07\/Toulon-Expo-Banksy-2025-info83.jpg\" alt=\"sorties dans le Var en juin 2025\" width=\"573\" height=\"800\"  \/>Banksy une (R)\u00e9volution. Exposition du 14 juin au 5 octobre 2025 \u00e0 Toulon<\/p>\n<p class=\"ai-optimize-9\">Et aussi :<\/p>\n<p>Vertigo<\/p>\n<p class=\"ai-optimize-13\">Du 26 avril au 2 novembre 2025<br \/>Fondation Carmignac, \u00eele de Porquerolles \u2013 Hy\u00e8res<\/p>\n<p>Dubuffet et les magiciens<\/p>\n<p class=\"ai-optimize-14\">Expressions singuli\u00e8res 1945-2000<br \/>Du 3 mai au 2 novembre 2025<br \/>Mus\u00e9e du Niel \u2013 Hy\u00e8res<\/p>\n<p>Design Parade Toulon<\/p>\n<p class=\"ai-optimize-15\">9e festival international d\u2019architecture d\u2019int\u00e9rieur<br \/>Du 26 au 29 juin 2025<br \/>Expositions du 27 juin au 1er novembre 2025<br \/>Ancien Ev\u00each\u00e9 et parcours dans la ville \u2013 Toulon<br \/><a href=\"https:\/\/www.billetweb.fr\/pro\/ancieneveche\" target=\"_blank\" rel=\"noopener\">entr\u00e9e payante<\/a> \u2013 gratuit pour les habitants de la M\u00e9tropole TPM et les \u2013 de 18 ans<\/p>\n<p>Petits Mondes<\/p>\n<p class=\"ai-optimize-16\">Un si\u00e8cle de design pour enfant<br \/>Collections nationales de design en partenariat avec le Centre Pompidou, le mus\u00e9e des Arts d\u00e9coratifs, le Mobilier national et le Centre national des arts plastiques<br \/>Du 27 juin au 2 novembre 2025<br \/>H\u00f4tel des Arts TPM \u2013 Toulon<br \/>Gratuit<\/p>\n<p>Raoul Dufy et la mode<\/p>\n<p class=\"ai-optimize-16\">Du 18 juillet au 16 novembre 2025<br \/>La Banque \u2013 Mus\u00e9e des Cultures et du Paysage \u2013 Hy\u00e8res<\/p>\n<p>Maison du Patrimoine TPM<\/p>\n<p class=\"ai-optimize-17\">Centre d\u2019Interpr\u00e9tation du Patrimoine M\u00e9tropolitain<br \/>Ouvert du mardi au samedi de 10h \u00e0 12h et de 14h \u00e0 17h30<br \/>Ollioules<\/p>\n<p>Exposition \u00abFant\u00f4mes\u00bb \u00e0 l\u2019H\u00f4tel d\u00e9partemental des expositions du Var<br \/>\n\u00abFant\u00f4mes\u00bb<\/p>\n<p class=\"ai-optimize-6\">Du 21 juin au 28 septembre 2025<br \/>H\u00f4tel d\u00e9partemental des expositions du Var \u2013 Draguignan<\/p>\n<p class=\"ai-optimize-7\">\u00ab Il y a des morts qui ne meurent pas \u00bb Lucien L\u00e9vy-Bruhl, L\u2019\u00c2me primitive, 1927<br \/>Avec une approche novatrice, l\u2019exposition d\u2019\u00e9t\u00e9 de l\u2019H\u00f4tel d\u00e9partemental des expositions du Var \u00e0 Draguignan propose une grande diversit\u00e9 de repr\u00e9sentations des fant\u00f4mes \u00e0 travers le monde et les cultures, mais aussi des croyances qui les entourent.<br \/><a href=\"https:\/\/hdevar.fr\/pr%C3%A9sent\" target=\"_blank\" rel=\"noopener\">Plus d\u2019infos ici<\/a><\/p>\n<p>Exposition \u00ab Fant\u00f4mes \u00bb \u00e0 Draguignan : un voyage culturel entre vivants et esprits <strong>&gt; <a href=\"https:\/\/www.info83.fr\/exposition-fantomes-a-draguignan-un-voyage-culturel-entre-vivants-et-esprits\/\" target=\"_blank\" rel=\"noopener\">Reportage d\u2019INFO83 ici<\/a><\/strong><br \/>\n<img loading=\"lazy\" decoding=\"async\" class=\"size-full wp-image-55056\" src=\"https:\/\/www.europesays.com\/fr\/wp-content\/uploads\/2025\/07\/EXPO-FANTOMES-ete2025-draguignan-info83.jpg\"   alt=\"sorties dans le Var \u00e9t\u00e9 2025\" width=\"551\" height=\"800\" data-pin-no-hover=\"true\"\/><\/p>\n<p>Exposition \u00e9t\u00e9 2025 \u00e0 Six-Fours-les-Plages<br \/>\nJardin d\u2019\u00e9toiles<\/p>\n<p class=\"ai-optimize-71\">Photographies de Marianne Rosenstiehl<\/p>\n<p class=\"ai-optimize-71\">Du 5 juillet au 21 septembre 2025<br \/>Jardins de la Villa Simone<br \/>200 avenue Audibert<br \/>Six-Fours-les-Plages<br \/>Entr\u00e9e libre du mardi au dimanche de 8h \u00e0 18h.<br \/><a href=\"https:\/\/www.sixfoursvagueclassique.fr\/a-propos\/en-marge-de-la-saison-2025\/\" target=\"_blank\" rel=\"noopener\">Plus d\u2019infos ici<\/a><\/p>\n<p><img loading=\"lazy\" decoding=\"async\" class=\"size-full wp-image-55270\" src=\"https:\/\/www.europesays.com\/fr\/wp-content\/uploads\/2025\/07\/Jardin-d-etoiles-expo-ete-2025-six-fours-info83.jpg\" alt=\"expositions de l'\u00e9t\u00e9 2025 dans le Var\" width=\"583\" height=\"800\"  \/>Jardin d\u2019\u00e9toiles. Du 5 juillet au 21 septembre 2025 \u00e0 Six-Fours-les-Plages<br \/>\nLes expos de l\u2019\u00e9t\u00e9 \u00e0 La Seyne-sur-Mer<br \/>\nVivre en pieuvre<\/p>\n<p class=\"ai-optimize-7\">Rencontre photographiques en apn\u00e9e<br \/>par Franck Bessi\u00e8re<br \/>du 8 juin 2024 au 21 septembre 2025<br \/>Mus\u00e9e Balaguier<br \/>924 corniche Bonaparte<br \/>La Seyne-sur-Mer<br \/><a href=\"https:\/\/www.provencemed.com\/agenda\/exposition-vivre-en-pieuvre-par-franck-bessiere\/\" target=\"_blank\" rel=\"noopener\">Plus d\u2019infos ici<\/a><\/p>\n<p class=\"ai-optimize-6\">Et aussi, <a href=\"https:\/\/www.provencemed.com\/agenda\/exposition-franck-bessiere-vivre-en-pieuvre-passion-bleue-5\/\" target=\"_blank\" rel=\"noopener\">exposition en plein air, jusqu\u2019au 21 septembre 2025, en acc\u00e8s libre au Mourillon \u00e0 Toulon dans le cadre de Passion bleue #5<\/a>.<\/p>\n<p><img loading=\"lazy\" decoding=\"async\" class=\"size-full wp-image-55280\" src=\"https:\/\/www.europesays.com\/fr\/wp-content\/uploads\/2025\/07\/Expo-Vivre-en-pieuvre-ete-2025-la-seyne-info83.jpg\" alt=\"expositions de l'\u00e9t\u00e9 2025 dans le Var\" width=\"566\" height=\"800\"  \/>Vivre en pieuvre. Rencontre photographiques en apn\u00e9e, par Franck Bessi\u00e8re<br \/>jusqu\u2019au 21 septembre 2025<br \/>Mus\u00e9e Balaguier \u00e0 La Seyne<br \/>\nLes expos \u00e0 voir cet \u00e9t\u00e9 \u00e0 Toulon<br \/>\nEdward Steichen 1879 \u2013 1973 Un parcours photographique.<br \/>Collection du Mus\u00e9e d\u2019Art de Toulon<\/p>\n<p class=\"ai-optimize-8\">Exposition du 17 mai 2025 au samedi 20 septembre 2025<\/p>\n<p><img loading=\"lazy\" decoding=\"async\" class=\"size-full wp-image-55334\" src=\"https:\/\/www.europesays.com\/fr\/wp-content\/uploads\/2025\/07\/expo-Steichen-mai-sept2025-info83.jpg\" alt=\"expositions de l'\u00e9t\u00e9 2025 dans le Var\" width=\"568\" height=\"800\"  \/>Edward Steichen 1879 \u2013 1973 Un parcours photographique. Maison de la photographie \u00e0 Toulon, du 17 mai 2025 au samedi 20 septembre 2025<\/p>\n<p class=\"ai-optimize-6\">Edward Steichen (1879-1973) fut une figure majeure de la photographie, explorant divers genres : paysages, nus, nature morte et guerre. Directeur artistique de Vogue et Vanity Fair (1923-1937), il r\u00e9volutionna la photographie de mode par une approche cr\u00e9ative. Actif dans le milieu artistique new-yorkais, il fr\u00e9quenta des figures comme Brancusi et Stieglitz. L\u2019exposition pr\u00e9sente 80 \u0153uvres issues du fonds acquis en 1979 par Marie-Christine Beaud, conservatrice du Mus\u00e9e d\u2019Art de Toulon, r\u00e9cemment disparue.<\/p>\n<p class=\"ai-optimize-7\">Maison de la photographie<br \/>Place du Globe,<br \/>Centre-ville de Toulon.<br \/>Ouvert du mardi au samedi de 12h \u00e0 18h.<br \/>Entr\u00e9e gratuite.<\/p>\n<p>\u00c9t\u00e9 2025 : Les sorties culturelles du d\u00e9partement du Var<\/p>\n<p class=\"ai-optimize-18\">Tr\u00e8s bel \u00e9t\u00e9 \u00e0 toutes et tous, sous le signe de la culture et du plaisir partag\u00e9.<\/p>\n<p><img loading=\"lazy\" decoding=\"async\" class=\"size-full wp-image-55274\" src=\"https:\/\/www.europesays.com\/fr\/wp-content\/uploads\/2025\/07\/VAR-ETE-2025-sorties-culturelles-info83.jpg\" alt=\"\u00e9t\u00e9 2025 dans le Var\" width=\"555\" height=\"800\"  \/>\u00c9t\u00e9 2025 : Les sorties culturelles du d\u00e9partement du Var<\/p>\n<p class=\"ai-optimize-71\"><strong><img decoding=\"async\" class=\"emoji\" role=\"img\" draggable=\"false\" src=\"https:\/\/s.w.org\/images\/core\/emoji\/14.0.0\/svg\/1f538.svg\" alt=\"\ud83d\udd38\" data-pin-no-hover=\"true\"\/>A lire aussi : <\/strong><\/p>\n<p class=\"jeg_post_title ai-optimize-72\"><a href=\"https:\/\/www.info83.fr\/les-evenement-de-lete-2024-dans-le-var-la-selection-de-sorties-dinfo83\/\" target=\"_blank\" rel=\"noopener\">Les \u00e9v\u00e9nement de l\u2019\u00e9t\u00e9 2025 dans le Var : la s\u00e9lection de sorties d\u2019info83<\/a><\/p>\n","protected":false},"excerpt":{"rendered":"Quelles expositions voir cet \u00e9t\u00e9 2025 dans le Var ? Toulon, La Seyne, Six-Fours, Hy\u00e8res, Ollioules, Draguignan\u2026 Photographie,&hellip;\n","protected":false},"author":2,"featured_media":276870,"comment_status":"","ping_status":"","sticky":false,"template":"","format":"standard","meta":{"footnotes":""},"categories":[9619],"tags":[1111,11,17843,1350,1386,41619,1777,674,3293,1011,27,12,1585,1756,882,25,2310,7506],"class_list":{"0":"post-276869","1":"post","2":"type-post","3":"status-publish","4":"format-standard","5":"has-post-thumbnail","7":"category-toulon","8":"tag-actu","9":"tag-actualites","10":"tag-aquarelle","11":"tag-architecture","12":"tag-design","13":"tag-ete-2024","14":"tag-eu","15":"tag-europe","16":"tag-exposition","17":"tag-fr","18":"tag-france","19":"tag-news","20":"tag-peinture","21":"tag-photographie","22":"tag-provence-alpes-cote-dazur","23":"tag-republique-francaise","24":"tag-toulon","25":"tag-var"},"share_on_mastodon":{"url":"https:\/\/pubeurope.com\/@fr\/114923899925880660","error":""},"_links":{"self":[{"href":"https:\/\/www.europesays.com\/fr\/wp-json\/wp\/v2\/posts\/276869","targetHints":{"allow":["GET"]}}],"collection":[{"href":"https:\/\/www.europesays.com\/fr\/wp-json\/wp\/v2\/posts"}],"about":[{"href":"https:\/\/www.europesays.com\/fr\/wp-json\/wp\/v2\/types\/post"}],"author":[{"embeddable":true,"href":"https:\/\/www.europesays.com\/fr\/wp-json\/wp\/v2\/users\/2"}],"replies":[{"embeddable":true,"href":"https:\/\/www.europesays.com\/fr\/wp-json\/wp\/v2\/comments?post=276869"}],"version-history":[{"count":0,"href":"https:\/\/www.europesays.com\/fr\/wp-json\/wp\/v2\/posts\/276869\/revisions"}],"wp:featuredmedia":[{"embeddable":true,"href":"https:\/\/www.europesays.com\/fr\/wp-json\/wp\/v2\/media\/276870"}],"wp:attachment":[{"href":"https:\/\/www.europesays.com\/fr\/wp-json\/wp\/v2\/media?parent=276869"}],"wp:term":[{"taxonomy":"category","embeddable":true,"href":"https:\/\/www.europesays.com\/fr\/wp-json\/wp\/v2\/categories?post=276869"},{"taxonomy":"post_tag","embeddable":true,"href":"https:\/\/www.europesays.com\/fr\/wp-json\/wp\/v2\/tags?post=276869"}],"curies":[{"name":"wp","href":"https:\/\/api.w.org\/{rel}","templated":true}]}}