{"id":276880,"date":"2025-07-27T07:08:28","date_gmt":"2025-07-27T07:08:28","guid":{"rendered":"https:\/\/www.europesays.com\/fr\/276880\/"},"modified":"2025-07-27T07:08:28","modified_gmt":"2025-07-27T07:08:28","slug":"strasbourg-pas-pressee-dautoriser-la-baignade-dans-lill","status":"publish","type":"post","link":"https:\/\/www.europesays.com\/fr\/276880\/","title":{"rendered":"Strasbourg pas press\u00e9e d&rsquo;autoriser la baignade dans l\u2019Ill"},"content":{"rendered":"<p class=\"wp-block-post-excerpt__excerpt\">\u00c0 Strasbourg, les baignades urbaines se pr\u00e9parent mais il faudra attendre au moins 2026. Le Herrenwasser et la presqu\u2019\u00eele Malraux ont \u00e9t\u00e9 retenus comme sites potentiels. La qualit\u00e9 des eaux de l\u2019Ill est jug\u00e9e suffisante, hors \u00e9pisodes de pluie. <\/p>\n<p class=\"font-sans\">\n\t\t\tCet article est en acc\u00e8s libre. Pour soutenir Rue89 Strasbourg,<br \/>\n\t\t\t<a class=\"underline\" href=\"https:\/\/www.rue89strasbourg.com\/abonnement\" target=\"_blank\" rel=\"noopener\">abonnez-vous<\/a>.\n\t\t<\/p>\n<p>Camille Curnier<\/p>\n<p>Publi\u00e9 le 27 juillet 2025\u00a0\u00a0\u00b7\u00a0\u00a0<\/p>\n<p>Imprim\u00e9 le 27 juillet 2025 \u00e0 08h23\u00a0\u00a0\u00b7\u00a0\u00a0<\/p>\n<p>\t\t\t\t\t4\u00a0minutes\n<\/p>\n<p>\u00ab\u00a0Le projet existe toujours, \u00e7a prend du temps, mais il verra le jour\u00a0\u00bb, assure Pierre Ozenne. L\u2019adjoint \u00e0 la maire de Strasbourg est notamment en charge du projet de baignade dans l\u2019Ill. Le sujet est \u00e9voqu\u00e9 par les \u00e9lus strasbourgeois <a href=\"https:\/\/www.rue89strasbourg.com\/baignade-cours-eau-strasbourg-125954\" target=\"_blank\" rel=\"noreferrer noopener\">depuis 2017<\/a>.  Annonc\u00e9e pour 2019 puis repouss\u00e9e \u00e0 2021, l\u2019ouverture \u00e0 la baignade reste, en 2025, toujours au stade de promesse. Mais les succ\u00e8s dans d\u2019autres villes fran\u00e7aises, <a href=\"https:\/\/www.lemonde.fr\/planete\/article\/2025\/07\/05\/a-paris-la-saison-de-la-baignade-dans-la-seine-commence-sous-etroite-surveillance_6618617_3244.html\" target=\"_blank\" rel=\"noopener\">notamment Paris<\/a>, ravivent les attentes des Strasbourgeois et Strasbourgeoises. <\/p>\n<p>Pour Pierre Ozenne, la baignade urbaine pourra voir le jour durant le prochain mandat municipal, entre 2026 et 2032, mais ne sera pas possible \u00e0 l\u2019\u00e9t\u00e9 2025\u00a0:<\/p>\n<blockquote class=\"wp-block-quote is-layout-flow wp-block-quote-is-layout-flow\">\n<p>\u00ab\u00a0On pensait que se baigner dans l\u2019eau de l\u2019Ill aurait pu se mettre en place rapidement, mais il faut prendre en compte des questions de pollution des eaux, de gestion des cours d\u2019eau et surtout de s\u00e9curit\u00e9.\u00a0\u00bb<\/p>\n<\/blockquote>\n<p><a href=\"https:\/\/www.rue89strasbourg.com\/abonnement\/paiement?sub=3&amp;discount=ete2025\" target=\"_blank\" rel=\"noopener\"><img loading=\"lazy\" decoding=\"async\" width=\"970\" height=\"250\" src=\"https:\/\/www.europesays.com\/fr\/wp-content\/uploads\/2025\/07\/bannie\u0300re-site-desktop-anime\u0301e.gif\" alt=\"\" class=\"wp-image-350811\" style=\"width:792px;height:auto\"\/><\/a><\/p>\n<p><a href=\"https:\/\/www.rue89strasbourg.com\/abonnement\/paiement?sub=3&amp;discount=ete2025\" target=\"_blank\" rel=\"noopener\"><img loading=\"lazy\" decoding=\"async\" width=\"300\" height=\"300\" src=\"https:\/\/www.europesays.com\/fr\/wp-content\/uploads\/2025\/07\/bannie\u0300re-pub-mobile-anime\u0301e.gif\" alt=\"\" class=\"wp-image-350815\"\/><\/a><\/p>\n<p>Deux sites pour d\u00e9marrer<\/p>\n<p>Des \u00e9tudes men\u00e9es en 2021 et 2023 par le bureau Geonat Environnement ont permis de retenir deux sites parmi une quinzaine analys\u00e9s dans la m\u00e9tropole strasbourgeoise pour initier le projet de baignade : les anciens bassins du Herrenwasser, entre les quartiers de l\u2019Elsau et de la Montagne Verte, ainsi que la presqu\u2019\u00eele Andr\u00e9-Malraux, \u00e0 la fronti\u00e8re entre Neudorf et l\u2019Esplanade.<\/p>\n<p>Le <a href=\"https:\/\/www.rue89strasbourg.com\/baignade-ill-patience-158786#:~:text=Dans%20le%20cadre%20de%20son,&#039;%C3%A9t%C3%A9%202020%2C%20voire%202021.\" target=\"_blank\" rel=\"noopener\">site du Herrenwasser est bien conn<\/a>u dans les discussions autour d\u2019un retour \u00e0 la baignade \u00e0 Strasbourg pusqu\u2019il a accueilli d\u00e8s 1867 les premiers bains am\u00e9nag\u00e9s de la ville, avant de fermer en 1971 \u00e0 cause de la pollution. Pour ce premier emplacement, un bassin de 1\u00a0000 \u00e0 1\u00a0200 m\u00b2 est envisag\u00e9 en face des jardins familiaux, ainsi qu\u2019une zone enfant avec une hauteur d\u2019eau maximale de 0,30 m.<\/p>\n<p><img loading=\"lazy\" decoding=\"async\" width=\"792\" height=\"738\" src=\"https:\/\/www.europesays.com\/fr\/wp-content\/uploads\/2025\/07\/opkks-localisation-du-site-de-baignade-potentiel-du-herrenwasser-792x738.png\" alt=\"\" class=\"wp-image-352425\"  \/><\/p>\n<p>Quant \u00e0 la <a href=\"https:\/\/www.rue89strasbourg.com\/docks-presquile-malraux-seegmuller-49761\" target=\"_blank\" rel=\"noopener\">presqu\u2019\u00eele Andr\u00e9-Malraux<\/a>, le lieu de baignade \u00ab\u00a0pourrait se situer au niveau des Docks d\u2019\u00e9t\u00e9\u00a0\u00bb, sur l\u2019extr\u00e9mit\u00e9 ouest de la presqu\u2019\u00eele, pr\u00e9cise Pierre Ozenne. Un bassin d\u2019environ 1\u00a0500m2 est envisag\u00e9 pour la zone de baignade avec \u00ab\u00a0la mise en place d\u2019un fond artificiel interm\u00e9diaire permettant de cr\u00e9er une pente allant de 0 \u00e0 1,80 m de profondeur\u00a0\u00bb, selon l\u2019\u00e9tude r\u00e9alis\u00e9e par Geonat et fourni par l\u2019Eurom\u00e9tropole.<\/p>\n<p><img loading=\"lazy\" decoding=\"async\" width=\"792\" height=\"738\" src=\"https:\/\/www.europesays.com\/fr\/wp-content\/uploads\/2025\/07\/cklkb-projet-de-site-de-baignade-sur-la-presqu-le-andr-malraux-792x738.png\" alt=\"\" class=\"wp-image-352427\"  \/><\/p>\n<p>Il s\u2019agit d\u00e9sormais de pr\u00e9ciser les besoins et les contraintes pour chaque site explique Pierre Ozenne\u00a0:<\/p>\n<blockquote class=\"wp-block-quote is-layout-flow wp-block-quote-is-layout-flow\">\n<p>\u00ab\u00a0Il faudra penser \u00e0 l\u2019installation des lignes d\u2019eau, \u00e0 la d\u00e9limitation des zones autoris\u00e9es \u00e0 la baignade, et \u00e0 la construction des acc\u00e8s \u00e0 l\u2019eau depuis les rives. Il faut aussi pr\u00e9voir des infrastructures\u00a0: sanitaires publics, vestiaires, casiers, ainsi que des \u00e9quipements pour permettre la pratique d\u2019activit\u00e9s aquatiques.\u00a0\u00bb<\/p>\n<\/blockquote>\n<p>L\u2019\u00e9lu se r\u00e9jouit de cette perspective, qu\u2019il per\u00e7oit comme une double avanc\u00e9e, sociale et \u00e9cologique\u00a0:<\/p>\n<blockquote class=\"wp-block-quote is-layout-flow wp-block-quote-is-layout-flow\">\n<p>\u00ab\u00a0Il s\u2019agit de redonner un acc\u00e8s \u00e0 la nature aux habitants, tout en veillant \u00e0 ce que cette activit\u00e9 ne vienne pas nuire \u00e0 un espace naturel.\u00a0\u00bb<\/p>\n<\/blockquote>\n<p>\t\tRisques de pollution en cas de pluies<\/p>\n<p>Les \u00e9tudes fournies par la ville ne r\u00e9v\u00e8lent ni pollution bact\u00e9riologique, comme la pr\u00e9sence d\u2019Escherichia coli ou d\u2019ent\u00e9rocoques intestinaux (signes de contamination f\u00e9cale). Elles ne signalent pas non plus de pollution physico-chimique, notamment par l\u2019azote ou le phosphore (deux \u00e9l\u00e9ments favorisant la prolif\u00e9ration d\u2019algues vertes). Geonat reccomande toutefois de maintenir une surveillance r\u00e9guli\u00e8re, avec des analyses au moins hebdomadaires en p\u00e9riode s\u00e8che, afin de suivre l\u2019\u00e9volution des taux. <\/p>\n<p><img loading=\"lazy\" decoding=\"async\" width=\"514\" height=\"360\" src=\"https:\/\/www.europesays.com\/fr\/wp-content\/uploads\/2025\/07\/Herrenwasser-514x360.jpg\" alt=\"\" class=\"wp-image-84636\"  \/> Baignade du Herrenwasser (\u00e0 droite) dans les ann\u00e9es 1930 (CAS \/ Archi-Strasbourg)Photo\u00a0: CAS \/ Archi-Strasbourg<\/p>\n<p>La principale inqui\u00e9tude concerne les \u00e9pisodes pluvieux, lors desquels le risque de pollution bact\u00e9riologique augmente, explique Pierre Ozenne\u00a0:<\/p>\n<blockquote class=\"wp-block-quote is-layout-flow wp-block-quote-is-layout-flow\">\n<p>\u00ab\u00a0Il \u00e9tait n\u00e9cessaire de recenser tous les points de rejet d\u2019eaux us\u00e9es et d\u2019eaux pluviales dans le milieu naturel en amont des lieux de baignade, comme les canalisations principales et les d\u00e9versoirs, qui renvoient les eaux \u00e0 traiter dans l\u2019Ill en cas d\u2019orage ou de pluies abondantes.\u00a0\u00bb<\/p>\n<\/blockquote>\n<p>Il suffira donc de 5 mm de pluie pour suspendre la baignade. Par pr\u00e9caution, l\u2019acc\u00e8s sera interdit pendant au moins 48 heures, le temps de v\u00e9rifier la qualit\u00e9 de l\u2019eau avec des analyses compl\u00e9mentaires r\u00e9alis\u00e9es chaque jour. <a href=\"https:\/\/www.france24.com\/fr\/info-en-continu\/20250710-la-baignade-dans-la-seine-rouvre-apr%C3%A8s-quatre-jours-de-fermeture\" target=\"_blank\" rel=\"noopener\">Comme \u00e0 Paris<\/a>, la mesure vise \u00e0 limiter les risques de pollution li\u00e9s aux d\u00e9bordements d\u2019\u00e9gouts.<\/p>\n<p>La reprise de la baignade ne pourra \u00eatre accord\u00e9e qu\u2019apr\u00e8s l\u2019accord de l\u2019Agence R\u00e9gionale de la Sant\u00e9 (ARS) en charge de l\u2019analyse et de l\u2019Eurom\u00e9tropole.<\/p>\n<p>Pr\u00e9venir la prolif\u00e9ration des rongeurs<\/p>\n<p>La pr\u00e9sence de faune sauvage \u00e0 proximit\u00e9 directe des deux sites, notamment de rats et de ragondins, n\u2019est pas consid\u00e9r\u00e9e comme un probl\u00e8me pour la baignade, mais devra faire l\u2019objet d\u2019une surveillance particuli\u00e8re, pr\u00e9cise la collectivit\u00e9 par \u00e9crit: <\/p>\n<blockquote class=\"wp-block-quote is-layout-flow wp-block-quote-is-layout-flow\">\n<p>\u00ab\u00a0La propret\u00e9 du site doit \u00eatre assur\u00e9e. Pour ne pas attirer la faune sauvage et domestique, il y aura des actions de sensibilisation des promeneurs et baigneurs sur l\u2019interdiction du nourrissage des animaux, mais aussi sur le ramassage des d\u00e9chets, afin de ne pas favoriser le d\u00e9veloppement des rongeurs, notamment, qui posent des risques sanitaires tels que la leptospirose.\u00a0\u00bb<\/p>\n<\/blockquote>\n<p>Quant \u00e0 la pollution potentielle li\u00e9e \u00e0 la navigation, elle ne constitue pas une inqui\u00e9tude. \u00ab\u00a0\u00c0 moins d\u2019un rejet volontaire depuis un bateau, il n\u2019y a pas de risque, assure Pierre Ozenne, une fois les secteurs et les lignes d\u2019eau d\u00e9limit\u00e9es, l\u2019organisation devrait permettre une bonne cohabitation entre les diff\u00e9rents usages.\u00a0\u00bb<\/p>\n<p>Des animations sur la rive pour compl\u00e9ter la baignade<\/p>\n<p>\u00ab\u00a0Pour nous, le principe est et restera que la baignade urbaine soit gratuite. Ce n\u2019est pas un sujet financier. En revanche, d\u2019autres activit\u00e9s commerciales pourront s\u2019installer au bord de l\u2019eau\u00a0\u00bb, explique Pierre Ozenne. Pour cela, la Ville de Strasbourg pr\u00e9voit de lancer des appels \u00e0 manifestation d\u2019int\u00e9r\u00eats aupr\u00e8s de prestataires susceptibles de proposer des animations, mais aussi d\u2019assurer la surveillance du site.<\/p>\n<p>Pour l\u2019heure, difficile d\u2019en savoir plus, l\u2019\u00e9lu ne s\u2019\u00e9tale pas sur le sujet : \u00ab\u00a0La phase op\u00e9rationnelle n\u2019est pas \u00e0 l\u2019ordre du jour avant le prochain mandat\u00ab\u00a0.<\/p>\n","protected":false},"excerpt":{"rendered":"\u00c0 Strasbourg, les baignades urbaines se pr\u00e9parent mais il faudra attendre au moins 2026. Le Herrenwasser et la&hellip;\n","protected":false},"author":2,"featured_media":276881,"comment_status":"","ping_status":"","sticky":false,"template":"","format":"standard","meta":{"footnotes":""},"categories":[2820],"tags":[1111,11,15109,1777,674,1011,27,775,31521,28129,12,25,104,640],"class_list":{"0":"post-276880","1":"post","2":"type-post","3":"status-publish","4":"format-standard","5":"has-post-thumbnail","7":"category-strasbourg","8":"tag-actu","9":"tag-actualites","10":"tag-baignade","11":"tag-eu","12":"tag-europe","13":"tag-fr","14":"tag-france","15":"tag-grand-est","16":"tag-ill","17":"tag-montagne-verte","18":"tag-news","19":"tag-republique-francaise","20":"tag-societe","21":"tag-strasbourg"},"share_on_mastodon":{"url":"https:\/\/pubeurope.com\/@fr\/114923943005455538","error":""},"_links":{"self":[{"href":"https:\/\/www.europesays.com\/fr\/wp-json\/wp\/v2\/posts\/276880","targetHints":{"allow":["GET"]}}],"collection":[{"href":"https:\/\/www.europesays.com\/fr\/wp-json\/wp\/v2\/posts"}],"about":[{"href":"https:\/\/www.europesays.com\/fr\/wp-json\/wp\/v2\/types\/post"}],"author":[{"embeddable":true,"href":"https:\/\/www.europesays.com\/fr\/wp-json\/wp\/v2\/users\/2"}],"replies":[{"embeddable":true,"href":"https:\/\/www.europesays.com\/fr\/wp-json\/wp\/v2\/comments?post=276880"}],"version-history":[{"count":0,"href":"https:\/\/www.europesays.com\/fr\/wp-json\/wp\/v2\/posts\/276880\/revisions"}],"wp:featuredmedia":[{"embeddable":true,"href":"https:\/\/www.europesays.com\/fr\/wp-json\/wp\/v2\/media\/276881"}],"wp:attachment":[{"href":"https:\/\/www.europesays.com\/fr\/wp-json\/wp\/v2\/media?parent=276880"}],"wp:term":[{"taxonomy":"category","embeddable":true,"href":"https:\/\/www.europesays.com\/fr\/wp-json\/wp\/v2\/categories?post=276880"},{"taxonomy":"post_tag","embeddable":true,"href":"https:\/\/www.europesays.com\/fr\/wp-json\/wp\/v2\/tags?post=276880"}],"curies":[{"name":"wp","href":"https:\/\/api.w.org\/{rel}","templated":true}]}}