{"id":276906,"date":"2025-07-27T07:25:11","date_gmt":"2025-07-27T07:25:11","guid":{"rendered":"https:\/\/www.europesays.com\/fr\/276906\/"},"modified":"2025-07-27T07:25:11","modified_gmt":"2025-07-27T07:25:11","slug":"il-y-a-un-an-dupont-et-les-bleus-du-rugby-a-7-decrochaient-la-premiere-medaille-dor-video","status":"publish","type":"post","link":"https:\/\/www.europesays.com\/fr\/276906\/","title":{"rendered":"il y a un an, Dupont et les Bleus du rugby \u00e0 7 d\u00e9crochaient la premi\u00e8re m\u00e9daille d\u2019or (vid\u00e9o)"},"content":{"rendered":"<p>Il y a un an tout juste, l\u2019\u00e9quipe de France de rugby \u00e0 7 d\u00e9crochait la premi\u00e8re m\u00e9daille olympique des JO de Paris 2024. La premi\u00e8re d\u2019une longue s\u00e9rie et surtout, un moment inoubliable.<\/p>\n<p class=\"fig-paragraph\">Le 27 juillet 2024, il y a un an maintenant, l\u2019<a href=\"http:\/\/www.lefigaro.fr\/sports\/jeux-olympiques\/jo-rugby-a-7-premiere-medaille-d-or-pour-la-france-dupont-et-les-bleus-champions-olympiques-20240727\" data-fig-type=\"NewsFlash\" data-gtm-custom-categorie=\"navigation\" data-gtm-custom-action=\"crossclick\" data-gtm-custom-label=\"Contextuel\" data-gtm-event=\"customEventSPE\" data-fig-domain=\"LEFIGARO\" target=\"_blank\" rel=\"noopener\">\u00e9quipe de France de rugby \u00e0 7<\/a>\u00a0\u00e9crivait la plus belle page de son histoire en d\u00e9crochant sa toute premi\u00e8re\u00a0<a href=\"http:\/\/www.lefigaro.fr\/sports\/jeux-olympiques\/jo-paris-2024-l-equipe-de-france-de-rugby-a-7-est-championne-olympique-decouvrez-en-video-tous-les-essais-des-bleus-20240727\" data-fig-type=\"NewsFlash\" data-gtm-custom-categorie=\"navigation\" data-gtm-custom-action=\"crossclick\" data-gtm-custom-label=\"Contextuel\" data-gtm-event=\"customEventSPE\" data-fig-domain=\"LEFIGARO\" target=\"_blank\" rel=\"noopener\">m\u00e9daille olympique<\/a>. Et de quelle mani\u00e8re. Port\u00e9s par un\u00a0<a href=\"http:\/\/www.lefigaro.fr\/sports\/rugby\/rugby-a-7-antoine-dupont-sacre-meilleur-joueur-du-monde-apres-son-titre-olympique-20241124\" data-fig-type=\"NewsFlash\" data-gtm-custom-categorie=\"navigation\" data-gtm-custom-action=\"crossclick\" data-gtm-custom-label=\"Contextuel\" data-gtm-event=\"customEventSPE\" data-fig-domain=\"LEFIGARO\" target=\"_blank\" rel=\"noopener\">Antoine Dupont<\/a>\u00a0stratosph\u00e9rique et auteur d\u2019un doubl\u00e9, les Bleus battaient les Fidji &#8211; pourtant ma\u00eetres de ce jeu &#8211; au terme d\u2019une finale ma\u00eetris\u00e9e.<\/p>\n<p class=\"fig-paragraph\">L\u2019\u00e9quipe de France, entra\u00een\u00e9e \u00e0 l\u2019\u00e9poque par\u00a0<a href=\"http:\/\/www.lefigaro.fr\/sports\/rugby\/rugby-jerome-daret-champion-olympique-avec-l-equipe-de-france-a-7-elu-entraineur-de-l-annee-20241124\" data-fig-type=\"NewsFlash\" data-gtm-custom-categorie=\"navigation\" data-gtm-custom-action=\"crossclick\" data-gtm-custom-label=\"Contextuel\" data-gtm-event=\"customEventSPE\" data-fig-domain=\"LEFIGARO\" target=\"_blank\" rel=\"noopener\">J\u00e9r\u00f4me Daret<\/a>, avait surtout \u00e9volu\u00e9 dans un stade de France en fusion. Avec cette m\u00e9daille en or, les Bleus du 7 avaient parfaitement lanc\u00e9 les JO et fait briller une discipline moins m\u00e9diatique que le rugby \u00e0 XV.<\/p>\n","protected":false},"excerpt":{"rendered":"Il y a un an tout juste, l\u2019\u00e9quipe de France de rugby \u00e0 7 d\u00e9crochait la premi\u00e8re m\u00e9daille&hellip;\n","protected":false},"author":2,"featured_media":276907,"comment_status":"","ping_status":"","sticky":false,"template":"","format":"standard","meta":{"footnotes":""},"categories":[1888],"tags":[1111,1928,11,1927,514,1777,674,1011,27,7941,12,1926,626,1925,25,13891],"class_list":{"0":"post-276906","1":"post","2":"type-post","3":"status-publish","4":"format-standard","5":"has-post-thumbnail","7":"category-paris","8":"tag-actu","9":"tag-actu-paris","10":"tag-actualites","11":"tag-actualites-paris","12":"tag-antoine-dupont","13":"tag-eu","14":"tag-europe","15":"tag-fr","16":"tag-france","17":"tag-jo-paris-2024","18":"tag-news","19":"tag-news-paris","20":"tag-paris","21":"tag-paris-news","22":"tag-republique-francaise","23":"tag-rugby-a-7"},"share_on_mastodon":{"url":"https:\/\/pubeurope.com\/@fr\/114924009970101804","error":""},"_links":{"self":[{"href":"https:\/\/www.europesays.com\/fr\/wp-json\/wp\/v2\/posts\/276906","targetHints":{"allow":["GET"]}}],"collection":[{"href":"https:\/\/www.europesays.com\/fr\/wp-json\/wp\/v2\/posts"}],"about":[{"href":"https:\/\/www.europesays.com\/fr\/wp-json\/wp\/v2\/types\/post"}],"author":[{"embeddable":true,"href":"https:\/\/www.europesays.com\/fr\/wp-json\/wp\/v2\/users\/2"}],"replies":[{"embeddable":true,"href":"https:\/\/www.europesays.com\/fr\/wp-json\/wp\/v2\/comments?post=276906"}],"version-history":[{"count":0,"href":"https:\/\/www.europesays.com\/fr\/wp-json\/wp\/v2\/posts\/276906\/revisions"}],"wp:featuredmedia":[{"embeddable":true,"href":"https:\/\/www.europesays.com\/fr\/wp-json\/wp\/v2\/media\/276907"}],"wp:attachment":[{"href":"https:\/\/www.europesays.com\/fr\/wp-json\/wp\/v2\/media?parent=276906"}],"wp:term":[{"taxonomy":"category","embeddable":true,"href":"https:\/\/www.europesays.com\/fr\/wp-json\/wp\/v2\/categories?post=276906"},{"taxonomy":"post_tag","embeddable":true,"href":"https:\/\/www.europesays.com\/fr\/wp-json\/wp\/v2\/tags?post=276906"}],"curies":[{"name":"wp","href":"https:\/\/api.w.org\/{rel}","templated":true}]}}