{"id":276908,"date":"2025-07-27T07:26:27","date_gmt":"2025-07-27T07:26:27","guid":{"rendered":"https:\/\/www.europesays.com\/fr\/276908\/"},"modified":"2025-07-27T07:26:27","modified_gmt":"2025-07-27T07:26:27","slug":"jo-de-paris-un-an-apres-la-parade-sur-la-seine-en-mode-ceremonie-douverture-ravive-des-souvenirs-de-dingue","status":"publish","type":"post","link":"https:\/\/www.europesays.com\/fr\/276908\/","title":{"rendered":"JO de Paris : un an apr\u00e8s, la parade sur la Seine en mode c\u00e9r\u00e9monie d\u2019ouverture ravive \u00ab des souvenirs de dingue \u00bb"},"content":{"rendered":"<p class=\"paragraph text_align_left lp-f-body-02\">Il y a un an, lui comme la plupart des 150 chanceux sur la Seine ce matin \u00e9tait devant sa t\u00e9l\u00e9vision pour regarder la c\u00e9r\u00e9monie des Jeux olympiques de Paris. \u00ab Cette fois, on est \u00e0 la place des athl\u00e8tes \u00bb, sourit Cassandre, l\u2019un des passag\u00e8res du Waqin, l\u2019un des trente bateaux \u00e0 naviguer de la Biblioth\u00e8que nationale de France <a href=\"https:\/\/www.leparisien.fr\/paris-75\/paris-75013\/\" target=\"_self\" rel=\"noopener\">(XIIIe)<\/a> au quartier de Beaugrenelle <a href=\"https:\/\/www.leparisien.fr\/paris-75\/paris-75015\/\" target=\"_self\" rel=\"noopener\">(XVe)<\/a>, sur les traces de la c\u00e9r\u00e9monie d\u2019ouverture des <a href=\"https:\/\/www.leparisien.fr\/jo-paris-2024\/\" target=\"_self\" rel=\"noopener\">Jeux de Paris<\/a>.<\/p>\n","protected":false},"excerpt":{"rendered":"Il y a un an, lui comme la plupart des 150 chanceux sur la Seine ce matin \u00e9tait&hellip;\n","protected":false},"author":2,"featured_media":276909,"comment_status":"","ping_status":"","sticky":false,"template":"","format":"standard","meta":{"footnotes":""},"categories":[1888],"tags":[1111,1928,11,1927,1777,674,1011,27,1944,12,1926,626,1925,5856,25],"class_list":{"0":"post-276908","1":"post","2":"type-post","3":"status-publish","4":"format-standard","5":"has-post-thumbnail","7":"category-paris","8":"tag-actu","9":"tag-actu-paris","10":"tag-actualites","11":"tag-actualites-paris","12":"tag-eu","13":"tag-europe","14":"tag-fr","15":"tag-france","16":"tag-ma-ville","17":"tag-news","18":"tag-news-paris","19":"tag-paris","20":"tag-paris-news","21":"tag-paris-2024","22":"tag-republique-francaise"},"share_on_mastodon":{"url":"https:\/\/pubeurope.com\/@fr\/114924013737273826","error":""},"_links":{"self":[{"href":"https:\/\/www.europesays.com\/fr\/wp-json\/wp\/v2\/posts\/276908","targetHints":{"allow":["GET"]}}],"collection":[{"href":"https:\/\/www.europesays.com\/fr\/wp-json\/wp\/v2\/posts"}],"about":[{"href":"https:\/\/www.europesays.com\/fr\/wp-json\/wp\/v2\/types\/post"}],"author":[{"embeddable":true,"href":"https:\/\/www.europesays.com\/fr\/wp-json\/wp\/v2\/users\/2"}],"replies":[{"embeddable":true,"href":"https:\/\/www.europesays.com\/fr\/wp-json\/wp\/v2\/comments?post=276908"}],"version-history":[{"count":0,"href":"https:\/\/www.europesays.com\/fr\/wp-json\/wp\/v2\/posts\/276908\/revisions"}],"wp:featuredmedia":[{"embeddable":true,"href":"https:\/\/www.europesays.com\/fr\/wp-json\/wp\/v2\/media\/276909"}],"wp:attachment":[{"href":"https:\/\/www.europesays.com\/fr\/wp-json\/wp\/v2\/media?parent=276908"}],"wp:term":[{"taxonomy":"category","embeddable":true,"href":"https:\/\/www.europesays.com\/fr\/wp-json\/wp\/v2\/categories?post=276908"},{"taxonomy":"post_tag","embeddable":true,"href":"https:\/\/www.europesays.com\/fr\/wp-json\/wp\/v2\/tags?post=276908"}],"curies":[{"name":"wp","href":"https:\/\/api.w.org\/{rel}","templated":true}]}}