{"id":276914,"date":"2025-07-27T07:29:10","date_gmt":"2025-07-27T07:29:10","guid":{"rendered":"https:\/\/www.europesays.com\/fr\/276914\/"},"modified":"2025-07-27T07:29:10","modified_gmt":"2025-07-27T07:29:10","slug":"direct-guerre-en-ukraine-un-colonel-russe-tue-a-kharkiv-des-attaques-nocturnes-signalees-a-soumy","status":"publish","type":"post","link":"https:\/\/www.europesays.com\/fr\/276914\/","title":{"rendered":"DIRECT. Guerre en Ukraine\u00a0: un colonel russe tu\u00e9 \u00e0 Kharkiv, des attaques nocturnes signal\u00e9es \u00e0 Soumy"},"content":{"rendered":"<p>09h08.Qui est le colonel russe dont les forces ukrainiennes signalent la mort ?<\/p>\n<p class=\"live-post__amorce\">Le groupe de forces ukrainien de Khortytsia a rapport\u00e9 le 26 juillet que le colonel russe Lebedev, commandant du 83e r\u00e9giment de fusiliers motoris\u00e9s de la 69e division de fusiliers motoris\u00e9s, avait \u00e9t\u00e9 tu\u00e9. <\/p>\n<p class=\"live-post__amorce\">D&rsquo;apr\u00e8s le  <a href=\"https:\/\/kyivindependent.com\/ukrainian-military-reports-russian-colonel-killed-in-kharkiv-oblast\/\" target=\"_blank\" rel=\"noopener noreferrer nofollow\" class=\"\">Kyiv Independant,<\/a>  l&rsquo;individu dirigeait des op\u00e9rations d&rsquo;assaut dans la r\u00e9gion de Velykyi Burluk, dans l&rsquo;oblast de Kharkiv.<\/p>\n<p>09h05.Le point sur le nuit<\/p>\n<p class=\"live-post__amorce\">Hier, le minist\u00e8re de la d\u00e9fense russe a revendiqu\u00e9 la conqu\u00eate du village de Mal\u00ef\u00efvka dans l\u2019oblast de Dnipropetrovsk, dans l\u2019est de l\u2019Ukraine. C\u2019est la deuxi\u00e8me fois que la Russie revendique la prise d\u2019un village dans cette zone administrative depuis le d\u00e9but de son offensive, en f\u00e9vrier\u00a02022.<\/p>\n<p class=\"live-post__amorce\">Une attaque perp\u00e9tr\u00e9e par les forces russes a eu lieu cette nuit \u00e0 Soumy, ciblant des infrastructures civiles sans faire de mort, rapportent les autorit\u00e9s locales. Trois personnes sont toutefois bless\u00e9es.<\/p>\n<p class=\"live-post__amorce\">L&rsquo;Ukraine rapporte la mort d&rsquo;un colonel russe menant des assauts dans la r\u00e9gion de Kharkiv.<\/p>\n<p>08h59.Bienvenue dans ce direct<\/p>\n<p class=\"live-post__amorce\">Bonjour et bienvenue dans ce direct consacr\u00e9 aux derni\u00e8res actualit\u00e9s de la guerre en Ukraine. Pour retrouver tous nos articles, cliquez  <a href=\"https:\/\/www.ladepeche.fr\/actu\/international\/crise-en-ukraine\/\" target=\"_blank\" rel=\"noopener noreferrer nofollow\" class=\"\">ici<\/a> .<\/p>\n","protected":false},"excerpt":{"rendered":"09h08.Qui est le colonel russe dont les forces ukrainiennes signalent la mort ? Le groupe de forces ukrainien&hellip;\n","protected":false},"author":2,"featured_media":276915,"comment_status":"","ping_status":"","sticky":false,"template":"","format":"standard","meta":{"footnotes":""},"categories":[1591],"tags":[11,1887,12,1885,1886,132],"class_list":{"0":"post-276914","1":"post","2":"type-post","3":"status-publish","4":"format-standard","5":"has-post-thumbnail","7":"category-russie","8":"tag-actualites","9":"tag-federation-de-russie","10":"tag-news","11":"tag-russia","12":"tag-russian-federation","13":"tag-russie"},"share_on_mastodon":{"url":"https:\/\/pubeurope.com\/@fr\/114924025542402987","error":""},"_links":{"self":[{"href":"https:\/\/www.europesays.com\/fr\/wp-json\/wp\/v2\/posts\/276914","targetHints":{"allow":["GET"]}}],"collection":[{"href":"https:\/\/www.europesays.com\/fr\/wp-json\/wp\/v2\/posts"}],"about":[{"href":"https:\/\/www.europesays.com\/fr\/wp-json\/wp\/v2\/types\/post"}],"author":[{"embeddable":true,"href":"https:\/\/www.europesays.com\/fr\/wp-json\/wp\/v2\/users\/2"}],"replies":[{"embeddable":true,"href":"https:\/\/www.europesays.com\/fr\/wp-json\/wp\/v2\/comments?post=276914"}],"version-history":[{"count":0,"href":"https:\/\/www.europesays.com\/fr\/wp-json\/wp\/v2\/posts\/276914\/revisions"}],"wp:featuredmedia":[{"embeddable":true,"href":"https:\/\/www.europesays.com\/fr\/wp-json\/wp\/v2\/media\/276915"}],"wp:attachment":[{"href":"https:\/\/www.europesays.com\/fr\/wp-json\/wp\/v2\/media?parent=276914"}],"wp:term":[{"taxonomy":"category","embeddable":true,"href":"https:\/\/www.europesays.com\/fr\/wp-json\/wp\/v2\/categories?post=276914"},{"taxonomy":"post_tag","embeddable":true,"href":"https:\/\/www.europesays.com\/fr\/wp-json\/wp\/v2\/tags?post=276914"}],"curies":[{"name":"wp","href":"https:\/\/api.w.org\/{rel}","templated":true}]}}