{"id":276918,"date":"2025-07-27T07:31:14","date_gmt":"2025-07-27T07:31:14","guid":{"rendered":"https:\/\/www.europesays.com\/fr\/276918\/"},"modified":"2025-07-27T07:31:14","modified_gmt":"2025-07-27T07:31:14","slug":"rencontre-von-der-leyen-trump-pour-avancer-vers-un-accord-commercial-ue-usa","status":"publish","type":"post","link":"https:\/\/www.europesays.com\/fr\/276918\/","title":{"rendered":"Rencontre Von der Leyen-Trump pour avancer vers un accord commercial UE-USA"},"content":{"rendered":"<p>D&rsquo;apr\u00e8s des sources diplomatiques, Washington et Bruxelles s&rsquo;orientent vers un accord qui pr\u00e9voirait des droits de douane de base de 15% sur les biens europ\u00e9ens import\u00e9s sur le territoire am\u00e9ricain, soit moiti\u00e9 moins que le taux de taxation que Donald Trump a menac\u00e9 d&rsquo;appliquer d\u00e8s le 1er ao\u00fbt.<\/p>\n<p>Un accord permettrait de mettre fin \u00e0 des mois d&rsquo;incertitude pour les entreprises europ\u00e9ennes, alors que Donald Trump, revenu au pouvoir en janvier dernier \u00e0 la Maison blanche, a entrepris une refonte de la politique commerciale des Etats-Unis, annon\u00e7ant en avril de vastes taxes douani\u00e8res dites \u00ab\u00a0r\u00e9ciproques\u00a0\u00bb &#8211; pour la plupart suspendues dans la foul\u00e9e &#8211; contre des dizaines de partenaires commerciaux.<\/p>\n<p>Par prudence, les pays membres de l&rsquo;UE ont approuv\u00e9 jeudi un &lsquo;plan B&rsquo;: un ensemble de mesures commerciales de r\u00e9torsion, \u00e0 hauteur de 93 milliards d&rsquo;euros, dans l&rsquo;hypoth\u00e8se o\u00f9 aucun accord ne serait trouv\u00e9 avec Washington, ont dit des sources diplomatiques.<\/p>\n<p>En d\u00e9placement en Ecosse pour quelques jours afin d&rsquo;y jouer au golf et d&rsquo;y effectuer des r\u00e9unions, Donald Trump a d\u00e9clar\u00e9 \u00e0 des journalistes \u00e0 son arriv\u00e9e vendredi soir qu&rsquo;Ursula von der Leyen \u00e9tait une dirigeante hautement respect\u00e9e et qu&rsquo;il avait h\u00e2te de la rencontrer.<\/p>\n<p>Le pr\u00e9sident am\u00e9ricain, qui poss\u00e8de un domaine de golf \u00e0 Turnberry, dans le sud-ouest de l&rsquo;Ecosse, a dit \u00e9galement qu&rsquo;il y avait une probabilit\u00e9 de 50% que Washington et l&rsquo;UE parviennent \u00e0 un accord-cadre sur le commerce, ajoutant que Bruxelles voulait \u00ab\u00a0ardemment\u00a0\u00bb conclure un accord.<\/p>\n<p>Pour l&rsquo;heure, plus de 70% des produits europ\u00e9ens export\u00e9s vers les Etats-Unis sont soumis \u00e0 des droits de douane, avec des taux diff\u00e9rents: 50% sur l&rsquo;acier et l&rsquo;aluminium, 25% sur l&rsquo;automobile et les pi\u00e8ces d\u00e9tach\u00e9es, ainsi que 10% &#8211; le seuil \u00ab\u00a0plancher\u00a0\u00bb fix\u00e9 par Donald Trump &#8211; sur la plupart des autres biens.<\/p>\n<p>Donald Trump a pr\u00e9venu qu&rsquo;il rel\u00e8verait ce seuil \u00e0 30% \u00e0 compter du 1er ao\u00fbt en l&rsquo;absence d&rsquo;accord avec Bruxelles, ce qui aurait pour effet, selon des repr\u00e9sentants europ\u00e9ens, de r\u00e9duire consid\u00e9rablement les \u00e9changes commerciaux transatlantiques.<\/p>\n<p>Le pr\u00e9sident am\u00e9ricain entend \u00e9galement imposer d&rsquo;importants droits de douane sur le cuivre et le secteur pharmaceutique.<\/p>\n<p>WASHINGTON \u00ab\u00a0PRUDEMMENT OPTIMISTE\u00a0\u00bb<\/p>\n<p>Un accord avec Washington sur des droits de douane am\u00e9ricains de 15% serait consid\u00e9r\u00e9 par nombre d&rsquo;Europ\u00e9ens comme une pi\u00e8tre issue aux n\u00e9gociations en comparaison de l&rsquo;objectif initial de Bruxelles &#8211; aucune taxe douani\u00e8re, d&rsquo;un c\u00f4t\u00e9 comme de l&rsquo;autre, sur tous les produits industriels.<\/p>\n<p>Reste qu&rsquo;un tel accord permettrait d&rsquo;\u00e9viter des droits de douane de 30% et mettrait fin \u00e0 l&rsquo;incertitude entourant des conditions \u00e9conomiques qui ont d\u00e9j\u00e0 nui aux profits d&rsquo;entreprises europ\u00e9ennes.<\/p>\n<p>Il constituerait par ailleurs, pour Donald Trump, le pacte commercial le plus important boucl\u00e9 jusqu&rsquo;alors, devant l&rsquo;accord-cadre de 550 milliards de dollars annonc\u00e9 en milieu de semaine avec le Japon.<\/p>\n<p>Si l&rsquo;administration Trump est d\u00e9j\u00e0 parvenue au pr\u00e9alable \u00e0 des accords avec la Grande-Bretagne, l&rsquo;Indon\u00e9sie et le Vietnam, elle n&rsquo;a pas r\u00e9alis\u00e9 sa promesse de \u00ab\u00a090 accords en 90 jours\u00a0\u00bb, comme annonc\u00e9 en avril lors de la suspension des taxes r\u00e9ciproques afin de permettre des n\u00e9gociations commerciales.<\/p>\n<p>Les n\u00e9gociations avec l&rsquo;UE sont proches d&rsquo;aboutir mais ne sont pas boucl\u00e9es. <\/p>\n<p>Ainsi le repr\u00e9sentant am\u00e9ricain au Commerce, Jamieson Greer, et le secr\u00e9taire am\u00e9ricain au Commerce, Howard Lutnick, ont quitt\u00e9 samedi Washington pour se rendre en Ecosse afin d&rsquo;y rencontrer le commissaire europ\u00e9en au Commerce, Maros Sefcovic, lui aussi en d\u00e9placement en Ecosse en amont de la r\u00e9union entre Donald Trump et Ursula von der Leyen.<\/p>\n<p>\u00ab\u00a0Nous sommes prudemment optimistes sur le fait qu&rsquo;un accord sera atteint\u00a0\u00bb, a d\u00e9clar\u00e9 un repr\u00e9sentant de l&rsquo;administration Trump, sous couvert d&rsquo;anonymat. \u00ab\u00a0Mais ce n&rsquo;est pas fini avant que ce soit fini\u00a0\u00bb.<\/p>\n<p>Un flou demeure sur la disposition de Washington \u00e0 accorder \u00e0 Bruxelles des exemptions concernant des droits de douane sectoriels, comme l&rsquo;automobile et les produits pharmaceutiques. Des repr\u00e9sentants europ\u00e9ens ont exprim\u00e9 leur optimisme \u00e0 propos de la perspective de voir les voitures europ\u00e9ennes et les produits pharmaceutiques \u00eatre tax\u00e9s \u00e9galement \u00e0 15%.<\/p>\n<p>S&rsquo;agissant de l&rsquo;acier et de l&rsquo;aluminium, dont toutes les importations aux Etats-Unis sont vis\u00e9es par des droits de douane de 50%, Donald Trump a d\u00e9clar\u00e9 qu&rsquo;il n&rsquo;y avait \u00ab\u00a0pas beaucoup\u00a0\u00bb de marge de manoeuvre. \u00ab\u00a0Si je le fais pour un, je dois le faire pour tous\u00a0\u00bb, a-t-il dit aux journalistes.<\/p>\n<p> (Andrew Gray \u00e0 Bruxelles, Andrea Shalal \u00e0 Edimbourg, avec la contribution Richard Lough \u00e0 Paris, Julia Payne \u00e0 Bruxelles; version fran\u00e7aise Jean Terzian)<\/p>\n","protected":false},"excerpt":{"rendered":"D&rsquo;apr\u00e8s des sources diplomatiques, Washington et Bruxelles s&rsquo;orientent vers un accord qui pr\u00e9voirait des droits de douane de&hellip;\n","protected":false},"author":2,"featured_media":276919,"comment_status":"","ping_status":"","sticky":false,"template":"","format":"standard","meta":{"footnotes":""},"categories":[1589],"tags":[11,2125,73,1866,2124,12,1864,1865,1863,308],"class_list":{"0":"post-276918","1":"post","2":"type-post","3":"status-publish","4":"format-standard","5":"has-post-thumbnail","7":"category-etats-unis","8":"tag-actualites","9":"tag-depeches-reuters","10":"tag-etats-unis","11":"tag-etats-unis-damerique","12":"tag-infos-reuters","13":"tag-news","14":"tag-united-states","15":"tag-united-states-of-america","16":"tag-us","17":"tag-usa"},"share_on_mastodon":{"url":"https:\/\/pubeurope.com\/@fr\/114924033384978163","error":""},"_links":{"self":[{"href":"https:\/\/www.europesays.com\/fr\/wp-json\/wp\/v2\/posts\/276918","targetHints":{"allow":["GET"]}}],"collection":[{"href":"https:\/\/www.europesays.com\/fr\/wp-json\/wp\/v2\/posts"}],"about":[{"href":"https:\/\/www.europesays.com\/fr\/wp-json\/wp\/v2\/types\/post"}],"author":[{"embeddable":true,"href":"https:\/\/www.europesays.com\/fr\/wp-json\/wp\/v2\/users\/2"}],"replies":[{"embeddable":true,"href":"https:\/\/www.europesays.com\/fr\/wp-json\/wp\/v2\/comments?post=276918"}],"version-history":[{"count":0,"href":"https:\/\/www.europesays.com\/fr\/wp-json\/wp\/v2\/posts\/276918\/revisions"}],"wp:featuredmedia":[{"embeddable":true,"href":"https:\/\/www.europesays.com\/fr\/wp-json\/wp\/v2\/media\/276919"}],"wp:attachment":[{"href":"https:\/\/www.europesays.com\/fr\/wp-json\/wp\/v2\/media?parent=276918"}],"wp:term":[{"taxonomy":"category","embeddable":true,"href":"https:\/\/www.europesays.com\/fr\/wp-json\/wp\/v2\/categories?post=276918"},{"taxonomy":"post_tag","embeddable":true,"href":"https:\/\/www.europesays.com\/fr\/wp-json\/wp\/v2\/tags?post=276918"}],"curies":[{"name":"wp","href":"https:\/\/api.w.org\/{rel}","templated":true}]}}