{"id":27692,"date":"2025-04-15T22:02:11","date_gmt":"2025-04-15T22:02:11","guid":{"rendered":"https:\/\/www.europesays.com\/fr\/27692\/"},"modified":"2025-04-15T22:02:11","modified_gmt":"2025-04-15T22:02:11","slug":"villeneuve-saint-georges-veut-rejoindre-le-syndicat-des-eaux-dile-de-france","status":"publish","type":"post","link":"https:\/\/www.europesays.com\/fr\/27692\/","title":{"rendered":"Villeneuve-Saint-Georges veut rejoindre le Syndicat des Eaux d&rsquo;Ile-de-France"},"content":{"rendered":"<p><a href=\"https:\/\/www.echoidf.fr\/kristell-niasme-lr-lemporte-sur-louis-boyard-lfi\/\" target=\"_blank\" rel=\"noopener\">Deux mois apr\u00e8s son \u00e9lection \u00e0 la t\u00eate de Villeneuve-Saint-Georges<\/a>, la maire (LR) Kristell Niasme renverse la position de la commune en mati\u00e8re d\u2019eau potable. La ville qui, apr\u00e8s plus de 30 ans de d\u00e9l\u00e9gation de service public avec Suez, a rejoint <a href=\"https:\/\/www.echoidf.fr\/douze-communes-sont-passees-en-regie-publique\/\" target=\"_blank\" rel=\"noopener\">la r\u00e9gie publique RESO<\/a> (R\u00e9gie des Eaux Seine et Orge qui g\u00e8re la distribution d\u2019eau potable \u00e0 Villeneuve-Saint-Georges mais aussi \u00e0 Morangis et Paray-Vieille-Poste depuis le 1er janvier 2024 et \u00e0 Savigny-sur-Orge depuis le 1er janvier dernier) souhaite d\u00e9sormais rallier le puissant Syndicat des Eaux d\u2019Ile-de-France (Sedif) qui d\u00e9l\u00e9gue depuis plus d\u2019un si\u00e8cle \u00e0 Veolia la gestion du service public de l\u2019eau potable en Ile-de-France. Lors du conseil municipal du 11 avril, la municipalit\u00e9 de Villeneuve-Saint-Georges a en effet demand\u00e9 au territoire Grand-Orly Seine Bi\u00e8vre (comp\u00e9tent en la mati\u00e8re) le lancement d\u2019un processus d\u2019adh\u00e9sion au Sedif pour une entr\u00e9e effective au 1er janvier 2026. Une demande accueillie favorablement par le bureau syndical du Syndicat des Eaux d\u2019Ile-de-France.<\/p>\n<p>\u00ab Cette d\u00e9cision s\u2019inscrit pleinement dans une double exigence : prot\u00e9ger le pouvoir d\u2019achat des Villeneuvois et pr\u00e9server leur sant\u00e9 \u00bb, justifie Kristell Niasme. \u00ab Dans un contexte \u00e9conomique marqu\u00e9 par une inflation persistante, chaque euro compte pour les familles de notre commune \u00bb, souligne l\u2019\u00e9lue et \u00ab le Sedif propose une tarification plus avantageuse que celle actuellement en vigueur \u00bb, compare Kristell Niasme qui voit l\u00e0 \u00ab une r\u00e9elle opportunit\u00e9 pour all\u00e9ger la charge financi\u00e8re qui p\u00e8se sur nos concitoyens \u00bb. A Villeneuve-Saint-Georges, bien qu\u2019il ait diminu\u00e9 en 2024 et cette ann\u00e9e, le prix de l\u2019eau <a href=\"https:\/\/www.echoidf.fr\/les-regies-eau-seine-bievre-et-reso-defendent-toujours-une-maitrise-du-prix-de-leau\/\" target=\"_blank\" rel=\"noopener\">(que la r\u00e9gie RESO a pour objectif d\u2019harmoniser progressivement sur l\u2019ensemble de ses communes d\u2019ici 2029)<\/a> s\u2019\u00e9l\u00e8ve actuellement \u00e0 2,14 euros HT\/m\u00b3 (abonnement compris), sur la base d\u2019une consommation annuelle standard de 120 m\u00b3. Sur cette m\u00eame base, une adh\u00e9sion au Sedif ferait, selon ce dernier, baisser ce prix \u00e0 1,47 euros HT\/m\u00b3 (abonnement compris) gr\u00e2ce \u00e0 \u00ab un tarif unique mutualis\u00e9 selon un principe de solidarit\u00e9 entre les territoires \u00bb, explique le syndicat faisant \u00e9galement valoir que \u00ab l\u2019\u00e9volution du prix de l\u2019eau du Sedif s\u2019est toujours maintenue sous l\u2019inflation ces vingt derni\u00e8res ann\u00e9es \u00bb en d\u00e9pit des variations du co\u00fbt des mati\u00e8res premi\u00e8res, de l\u2019\u00e9nergie, des charges du service\u2026<\/p>\n<p>Mais l\u2019argument financier n\u2019est pas le seul \u00e0 avoir orienter la d\u00e9cision de Kristell Niasme. \u00ab La question de la sant\u00e9 publique est aussi au c\u0153ur de notre d\u00e9marche \u00bb, pr\u00e9cise l\u2019\u00e9lue sensible aux technologies mises en \u0153uvre par le Sedif pour \u00e9liminer les nouveaux polluants pr\u00e9sents dans l\u2019eau, comme les r\u00e9sidus de m\u00e9dicaments, les perturbateurs endocriniens, les microplastiques\u2026 A savoir, la construction de nouvelles unit\u00e9s de traitement membranaire haute performance (technologie m\u00ealant nanofiltration et osmose inverse basse pression) dans ses usines de production d\u2019eau potable comme celle de Choisy-le-Roi, en 2030-2032. \u00ab Ce niveau d\u2019exigence est, pour moi, un crit\u00e8re d\u00e9terminant pour garantir une eau plus saine \u00e0 tous les habitants \u00bb, d\u00e9clare la maire de Villeneuve-Saint-Georges.\u00a0<\/p>\n<p>Enfin, \u00ab le Sedif dispose de moyens importants en mati\u00e8re de solidarit\u00e9, ajoute Kristell Niasme. Il accompagne les foyers en difficult\u00e9 dans le paiement de leurs factures [comme le dispositif \u00ab S\u2019Eaulidaire \u00bb de la r\u00e9gie RESO, ndlr], tout en investissant massivement dans l\u2019entretien et la modernisation des r\u00e9seaux d\u2019eau potable \u00bb. \u00ab Cela est d\u2019autant plus crucial \u00e0 Villeneuve-Saint-Georges, o\u00f9 nos infrastructures sont v\u00e9tustes et n\u00e9cessitent des interventions urgentes et durables \u00bb, souligne la maire pour qui l\u2019adh\u00e9sion de la commune au Sedif est \u00ab un choix responsable, \u00e0 la fois \u00e9conomique, social et sanitaire, pour mieux servir l\u2019int\u00e9r\u00eat g\u00e9n\u00e9ral et r\u00e9pondre aux besoins essentiels des Villeneuvois \u00bb.<\/p>\n","protected":false},"excerpt":{"rendered":"Deux mois apr\u00e8s son \u00e9lection \u00e0 la t\u00eate de Villeneuve-Saint-Georges, la maire (LR) Kristell Niasme renverse la position&hellip;\n","protected":false},"author":2,"featured_media":27693,"comment_status":"","ping_status":"","sticky":false,"template":"","format":"standard","meta":{"footnotes":""},"categories":[1592],"tags":[1111,11,9745,9746,1777,674,1011,27,9747,662,9748,5107,12,626,25,9751,9749,9750,9752,9753,1125,9754],"class_list":{"0":"post-27692","1":"post","2":"type-post","3":"status-publish","4":"format-standard","5":"has-post-thumbnail","7":"category-ile-de-france","8":"tag-actu","9":"tag-actualites","10":"tag-adhu00e9sion","11":"tag-eau-potable","12":"tag-eu","13":"tag-europe","14":"tag-fr","15":"tag-france","16":"tag-grand-orly-seine-biu00e8vre","17":"tag-ile-de-france","18":"tag-kristell-niasme","19":"tag-maire","20":"tag-news","21":"tag-paris","22":"tag-republique-francaise","23":"tag-reso","24":"tag-ru00e9gie-des-eaux-seine-et-orge","25":"tag-ru00e9gie-publique","26":"tag-sedif","27":"tag-syndicat-des-eaux-dile-de-france","28":"tag-val-de-marne","29":"tag-villeneuve-saint-georges"},"share_on_mastodon":{"url":"https:\/\/pubeurope.com\/@fr\/114344240331791463","error":""},"_links":{"self":[{"href":"https:\/\/www.europesays.com\/fr\/wp-json\/wp\/v2\/posts\/27692","targetHints":{"allow":["GET"]}}],"collection":[{"href":"https:\/\/www.europesays.com\/fr\/wp-json\/wp\/v2\/posts"}],"about":[{"href":"https:\/\/www.europesays.com\/fr\/wp-json\/wp\/v2\/types\/post"}],"author":[{"embeddable":true,"href":"https:\/\/www.europesays.com\/fr\/wp-json\/wp\/v2\/users\/2"}],"replies":[{"embeddable":true,"href":"https:\/\/www.europesays.com\/fr\/wp-json\/wp\/v2\/comments?post=27692"}],"version-history":[{"count":0,"href":"https:\/\/www.europesays.com\/fr\/wp-json\/wp\/v2\/posts\/27692\/revisions"}],"wp:featuredmedia":[{"embeddable":true,"href":"https:\/\/www.europesays.com\/fr\/wp-json\/wp\/v2\/media\/27693"}],"wp:attachment":[{"href":"https:\/\/www.europesays.com\/fr\/wp-json\/wp\/v2\/media?parent=27692"}],"wp:term":[{"taxonomy":"category","embeddable":true,"href":"https:\/\/www.europesays.com\/fr\/wp-json\/wp\/v2\/categories?post=27692"},{"taxonomy":"post_tag","embeddable":true,"href":"https:\/\/www.europesays.com\/fr\/wp-json\/wp\/v2\/tags?post=27692"}],"curies":[{"name":"wp","href":"https:\/\/api.w.org\/{rel}","templated":true}]}}