{"id":276922,"date":"2025-07-27T07:33:24","date_gmt":"2025-07-27T07:33:24","guid":{"rendered":"https:\/\/www.europesays.com\/fr\/276922\/"},"modified":"2025-07-27T07:33:24","modified_gmt":"2025-07-27T07:33:24","slug":"le-chancelier-allemand-repond-a-trump","status":"publish","type":"post","link":"https:\/\/www.europesays.com\/fr\/276922\/","title":{"rendered":"Le chancelier allemand r\u00e9pond \u00e0 Trump"},"content":{"rendered":"<p><strong>Le chancelier allemand Olaf Scholz a de nouveau appel\u00e9, samedi, \u00abtous les pays, qu\u2019ils se trouvent \u00e0 l\u2019est ou \u00e0 l\u2019ouest\u00bb, au respect des fronti\u00e8res internationales, soulignant qu\u2019\u00abaucun pays n\u2019est l\u2019arri\u00e8re-cour d\u2019un autre\u00bb.<\/strong><\/p>\n<p class=\"toreadalso-fromEMP\"><strong>\u2022 \u00c0 lire aussi: <\/strong><a href=\"https:\/\/www.journaldequebec.com\/2025\/01\/11\/des-entrepreneurs-fragilises-face-aux-menaces-de-donald-trump\" target=\"_self\" rel=\"nofollow noopener\"><strong>Des entrepreneurs fragilis\u00e9s face aux menaces de Donald Trump<\/strong><\/a><\/p>\n<p class=\"toreadalso-fromEMP\"><strong>\u2022 \u00c0 lire aussi: <\/strong><a href=\"https:\/\/www.journaldemontreal.com\/2025\/01\/11\/un-emissaire-de-trump-au-qatar-pour-discuter-dune-treve-a-gaza\" target=\"_self\" rel=\"nofollow noopener\"><strong>Un \u00e9missaire de Trump au Qatar pour discuter d\u2019une tr\u00eave \u00e0 Gaza<\/strong><\/a><\/p>\n<p>\u00abLe principe de l\u2019inviolabilit\u00e9 des fronti\u00e8res s\u2019applique \u00e0 tous les pays, qu\u2019ils se trouvent \u00e0 l\u2019est ou \u00e0 l\u2019ouest [&#8230;] qu\u2019il s\u2019agisse d\u2019un petit pays ou d\u2019un pays tr\u00e8s grand et tr\u00e8s puissant\u00bb, a d\u00e9clar\u00e9 le chancelier devant son parti social-d\u00e9mocrate (SPD) \u00e0 Berlin, quelques jours avant l\u2019investiture de Donald Trump.<\/p>\n<p>Le chancelier allemand Olaf Scholz avait directement mis en garde cette semaine le milliardaire r\u00e9publicain apr\u00e8s ses d\u00e9clarations mena\u00e7antes sur le Groenland, le Panama ou le Canada.<\/p>\n<p>La r\u00e9f\u00e9rence aux vis\u00e9es expansionnistes de Donald Trump \u00e9tait transparente, samedi, m\u00eame s\u2019il n\u2019a pas cit\u00e9 le nom du futur pr\u00e9sident am\u00e9ricain. Il a \u00e9galement d\u00e9nonc\u00e9 \u00abla guerre d\u2019agression impitoyable de la Russie\u00bb contre l\u2019Ukraine.<\/p>\n<p>\u00abL\u2019inviolabilit\u00e9 des fronti\u00e8res est un principe central du droit international. Aucun pays n\u2019est l\u2019arri\u00e8re-cour d\u2019un autre. Aucun petit pays ne doit avoir \u00e0 craindre ses grands voisins. C\u2019est au c\u0153ur de ce que nous appelons les valeurs occidentales\u00bb, a dit le dirigeant allemand, qui s\u2019exprimait lors d\u2019un congr\u00e8s du SPD \u00e0 Berlin organis\u00e9 en vue des \u00e9lections l\u00e9gislatives du 23 f\u00e9vrier en Allemagne.<\/p>\n","protected":false},"excerpt":{"rendered":"Le chancelier allemand Olaf Scholz a de nouveau appel\u00e9, samedi, \u00abtous les pays, qu\u2019ils se trouvent \u00e0 l\u2019est&hellip;\n","protected":false},"author":2,"featured_media":276923,"comment_status":"","ping_status":"","sticky":false,"template":"","format":"standard","meta":{"footnotes":""},"categories":[1587],"tags":[11,672,1804,1805,1803,1777,674,1801,12,1802],"class_list":{"0":"post-276922","1":"post","2":"type-post","3":"status-publish","4":"format-standard","5":"has-post-thumbnail","7":"category-allemagne","8":"tag-actualites","9":"tag-allemagne","10":"tag-bundesrepublik-deutschland","11":"tag-de","12":"tag-deutschland","13":"tag-eu","14":"tag-europe","15":"tag-germany","16":"tag-news","17":"tag-republique-federale-dallemagne"},"share_on_mastodon":{"url":"https:\/\/pubeurope.com\/@fr\/114924041298053297","error":""},"_links":{"self":[{"href":"https:\/\/www.europesays.com\/fr\/wp-json\/wp\/v2\/posts\/276922","targetHints":{"allow":["GET"]}}],"collection":[{"href":"https:\/\/www.europesays.com\/fr\/wp-json\/wp\/v2\/posts"}],"about":[{"href":"https:\/\/www.europesays.com\/fr\/wp-json\/wp\/v2\/types\/post"}],"author":[{"embeddable":true,"href":"https:\/\/www.europesays.com\/fr\/wp-json\/wp\/v2\/users\/2"}],"replies":[{"embeddable":true,"href":"https:\/\/www.europesays.com\/fr\/wp-json\/wp\/v2\/comments?post=276922"}],"version-history":[{"count":0,"href":"https:\/\/www.europesays.com\/fr\/wp-json\/wp\/v2\/posts\/276922\/revisions"}],"wp:featuredmedia":[{"embeddable":true,"href":"https:\/\/www.europesays.com\/fr\/wp-json\/wp\/v2\/media\/276923"}],"wp:attachment":[{"href":"https:\/\/www.europesays.com\/fr\/wp-json\/wp\/v2\/media?parent=276922"}],"wp:term":[{"taxonomy":"category","embeddable":true,"href":"https:\/\/www.europesays.com\/fr\/wp-json\/wp\/v2\/categories?post=276922"},{"taxonomy":"post_tag","embeddable":true,"href":"https:\/\/www.europesays.com\/fr\/wp-json\/wp\/v2\/tags?post=276922"}],"curies":[{"name":"wp","href":"https:\/\/api.w.org\/{rel}","templated":true}]}}