{"id":276924,"date":"2025-07-27T07:34:10","date_gmt":"2025-07-27T07:34:10","guid":{"rendered":"https:\/\/www.europesays.com\/fr\/276924\/"},"modified":"2025-07-27T07:34:10","modified_gmt":"2025-07-27T07:34:10","slug":"pourquoi-les-etats-unis-se-detournent-de-leurope","status":"publish","type":"post","link":"https:\/\/www.europesays.com\/fr\/276924\/","title":{"rendered":"Pourquoi les \u00c9tats-Unis se d\u00e9tournent de l\u2019Europe"},"content":{"rendered":"\n<p>[Cet article est issu <a href=\"https:\/\/www.courrierinternational.com\/magazine\/2025\/1812-13-14-supplement\" target=\"_blank\" rel=\"noopener\">du suppl\u00e9ment Courrier ados<\/a>, propos\u00e9 avec <a href=\"https:\/\/www.courrierinternational.com\/magazine\/2025\/1812-13-14-magazine\" target=\"_blank\" rel=\"noopener\">le num\u00e9ro 1812-13-14\u00a0de\u00a0Courrier international<\/a>,\u00a0en vente du 24\u00a0juillet au 13\u00a0ao\u00fbt 2025]<\/p>\n<p>Si on compare le monde \u00e0 une cour d\u2019\u00e9cole, les \u00c9tats-Unis ont longtemps \u00e9t\u00e9 une personne avec qui on voulait \u00eatre ami\u00a0: un alli\u00e9 grand et fort, qu\u2019on voulait avoir de son c\u00f4t\u00e9 parce qu\u2019il pouvait nous prot\u00e9ger en cas de besoin. Voil\u00e0 les \u00c9tats-Unis\u00a0: une superpuissance militaire et \u00e9conomique.<\/p>\n<p>L\u2019\u00e9troite amiti\u00e9 entre les \u00c9tats-Unis et les pays europ\u00e9ens tient \u00e0 des raisons historiques. Les \u00c9tats-Unis ont jou\u00e9 un r\u00f4le tr\u00e8s important dans la victoire contre l\u2019Allemagne nazie pendant la Seconde Guerre mondiale. Depuis, ils contribuent largement \u00e0 la protection militaire de l\u2019Europe. En\u00a01949, une alliance a \u00e9t\u00e9 cr\u00e9\u00e9e\u00a0: <a href=\"https:\/\/www.courrierinternational.com\/sujet\/otan\" target=\"_blank\" rel=\"noopener\">l\u2019Otan<\/a>. Elle rassemble aujourd\u2019hui les \u00c9tats-Unis et [31] autres pays [dont la France]. Ses membres se sont engag\u00e9s \u00e0 s\u2019aider mutuellement en cas d\u2019attaque.<\/p>\n<p>Sur le plan \u00e9conomique, la collaboration entre les \u00c9tats-Unis et l\u2019Europe a longtemps \u00e9t\u00e9 fructueuse. De nombreuses entreprises am\u00e9ricaines vendent leurs produits dans l\u2019Union europ\u00e9enne (UE), par exemple Coca-Cola, Apple ou Google. Et bon nombre d\u2019entreprises europ\u00e9ennes fournissent des produits aux \u00c9tats-Unis, notamment des voitures et des m\u00e9dicaments. Les \u00c9tats-U<\/p>\n","protected":false},"excerpt":{"rendered":"[Cet article est issu du suppl\u00e9ment Courrier ados, propos\u00e9 avec le num\u00e9ro 1812-13-14\u00a0de\u00a0Courrier international,\u00a0en vente du 24\u00a0juillet au&hellip;\n","protected":false},"author":2,"featured_media":276925,"comment_status":"","ping_status":"","sticky":false,"template":"","format":"standard","meta":{"footnotes":""},"categories":[1586],"tags":[11,672,3822,41622,75,1777,674,1011,27,1892,12,25,770],"class_list":{"0":"post-276924","1":"post","2":"type-post","3":"status-publish","4":"format-standard","5":"has-post-thumbnail","7":"category-europe","8":"tag-actualites","9":"tag-allemagne","10":"tag-amu00e9riques","11":"tag-courrier-ados","12":"tag-donald-trump","13":"tag-eu","14":"tag-europe","15":"tag-fr","16":"tag-france","17":"tag-gu00e9opolitique","18":"tag-news","19":"tag-republique-francaise","20":"tag-u00e9tats-unis"},"share_on_mastodon":{"url":"https:\/\/pubeurope.com\/@fr\/114924045186697979","error":""},"_links":{"self":[{"href":"https:\/\/www.europesays.com\/fr\/wp-json\/wp\/v2\/posts\/276924","targetHints":{"allow":["GET"]}}],"collection":[{"href":"https:\/\/www.europesays.com\/fr\/wp-json\/wp\/v2\/posts"}],"about":[{"href":"https:\/\/www.europesays.com\/fr\/wp-json\/wp\/v2\/types\/post"}],"author":[{"embeddable":true,"href":"https:\/\/www.europesays.com\/fr\/wp-json\/wp\/v2\/users\/2"}],"replies":[{"embeddable":true,"href":"https:\/\/www.europesays.com\/fr\/wp-json\/wp\/v2\/comments?post=276924"}],"version-history":[{"count":0,"href":"https:\/\/www.europesays.com\/fr\/wp-json\/wp\/v2\/posts\/276924\/revisions"}],"wp:featuredmedia":[{"embeddable":true,"href":"https:\/\/www.europesays.com\/fr\/wp-json\/wp\/v2\/media\/276925"}],"wp:attachment":[{"href":"https:\/\/www.europesays.com\/fr\/wp-json\/wp\/v2\/media?parent=276924"}],"wp:term":[{"taxonomy":"category","embeddable":true,"href":"https:\/\/www.europesays.com\/fr\/wp-json\/wp\/v2\/categories?post=276924"},{"taxonomy":"post_tag","embeddable":true,"href":"https:\/\/www.europesays.com\/fr\/wp-json\/wp\/v2\/tags?post=276924"}],"curies":[{"name":"wp","href":"https:\/\/api.w.org\/{rel}","templated":true}]}}