{"id":276926,"date":"2025-07-27T07:35:14","date_gmt":"2025-07-27T07:35:14","guid":{"rendered":"https:\/\/www.europesays.com\/fr\/276926\/"},"modified":"2025-07-27T07:35:14","modified_gmt":"2025-07-27T07:35:14","slug":"ferrari-a-eu-raison-de-lancer-sa-suspension-arriere-a-spa-malgre-le-week-end-sprint","status":"publish","type":"post","link":"https:\/\/www.europesays.com\/fr\/276926\/","title":{"rendered":"Ferrari a eu raison de lancer sa suspension arri\u00e8re \u00e0 Spa malgr\u00e9 le week-end Sprint"},"content":{"rendered":"<p class=\"mt-5\">Fr\u00e9d\u00e9ric Vasseur, directeur de l\u2019\u00e9quipe Ferrari, affirme que l\u2019\u00e9quipe a pris la bonne d\u00e9cision en introduisant sa nouvelle suspension arri\u00e8re ce week-end, malgr\u00e9 une seule s\u00e9ance d\u2019essais libres pour l\u2019\u00e9valuer.<\/p>\n<p class=\"mt-5\">Il a toutefois reconnu que le temps d\u2019essais limit\u00e9 lors d\u2019un week-end de course sprint a compliqu\u00e9 les tests de cette \u00e9volution.<\/p>\n<p class=\"mt-5\">\u00ab\u00a0C\u2019est certes un peu plus difficile\u00a0mais d\u2019un autre c\u00f4t\u00e9, c\u2019est aussi une bonne pr\u00e9paration pour le week-end prochain. Si vous repoussez, vous repoussez toute votre vie.\u00a0\u00bb<\/p>\n<p class=\"mt-5\">Outre le temps limit\u00e9 pour les essais, les \u00e9quipes effectuent des relais plus courts.<\/p>\n<p class=\"mt-5\">\u00ab\u00a0L\u2019absence de longs relais en essais libres, etc., complique l\u2019adaptation.\u00a0\u00bb<\/p>\n<p class=\"mt-5\">\u00ab\u00a0Mais d\u2019un autre c\u00f4t\u00e9, nous devions le faire et nous avons fait de bons progr\u00e8s jusqu\u2019\u00e0 pr\u00e9sent. Cela signifie que si nous parvenons \u00e0 tout mettre en \u0153uvre en course et \u00e0 obtenir un bon r\u00e9sultat, ce sera une belle r\u00e9compense pour l\u2019\u00e9quipe, pour tout le monde \u00e0 l\u2019usine, et la meilleure fa\u00e7on de se pr\u00e9parer pour la semaine prochaine avec la Hongrie.\u00a0\u00bb<\/p>\n<p class=\"mt-5\">Charles Leclerc a pris la troisi\u00e8me place sur la grille du Grand Prix gr\u00e2ce \u00e0 cette \u00e9volution, devan\u00e7ant la Red Bull de Max Verstappen lors de son dernier run. Lewis Hamilton n\u2019a pu terminer que 16e apr\u00e8s avoir vu son temps au tour supprim\u00e9 suite \u00e0 une infraction aux limites de la piste.<\/p>\n<p class=\"mt-5\">Vasseur a d\u00e9clar\u00e9 que la performance de Leclerc d\u00e9montrait une am\u00e9lioration gr\u00e2ce \u00e0 cette \u00e9volution.<\/p>\n<p class=\"mt-5\">\u00ab\u00a0Nous am\u00e9liorons l\u00e9g\u00e8rement les r\u00e9glages de la voiture et je pense que c\u2019\u00e9tait aussi un tr\u00e8s bon tour de sa part. Mais McLaren a encore une longueur d\u2019avance. Avec la nouvelle suspension, nous avons une voiture un peu diff\u00e9rente. M\u00eame si on souffre un peu au d\u00e9but, c\u2019est finalement b\u00e9n\u00e9fique pour le reste de la saison.\u00a0\u00bb<\/p>\n<p class=\"mt-5\">Hamilton a connu un week-end frustrant, ayant \u00e9galement \u00e9t\u00e9 \u00e9limin\u00e9 d\u00e8s le premier round des qualifications pour le sprint (SQ1). Mais Vasseur l\u2019a vu \u00e9galer la performance de son \u00e9quipier hier.<\/p>\n<p class=\"mt-5\">\u00ab\u00a0Il a r\u00e9ussi \u00e0 avoir le m\u00eame rythme que Charles en Q1. Les limites de la piste sont d\u2019environ quelques millim\u00e8tres, mais la r\u00e8gle est la r\u00e8gle et le temps au tour a \u00e9t\u00e9 supprim\u00e9. Mais ce n\u2019est pas une question de rythme ou d\u2019adaptation. Je pense qu\u2019il a \u00e9t\u00e9 capable de faire le travail.\u00a0\u00bb<\/p>\n<p class=\"mt-5\">\u00ab\u00a0Hamilton doit juste rester calme et tout ma\u00eetriser. La vitesse est l\u00e0, on l\u2019a vu dans les secteurs interm\u00e9diaires. Je pense qu\u2019Hamilton manque simplement de confiance en ce moment.\u00a0\u00bb<\/p>\n","protected":false},"excerpt":{"rendered":"Fr\u00e9d\u00e9ric Vasseur, directeur de l\u2019\u00e9quipe Ferrari, affirme que l\u2019\u00e9quipe a pris la bonne d\u00e9cision en introduisant sa nouvelle&hellip;\n","protected":false},"author":2,"featured_media":276927,"comment_status":"","ping_status":"","sticky":false,"template":"","format":"standard","meta":{"footnotes":""},"categories":[1586],"tags":[11,1777,674,1779,1011,27,12,25,1778,364],"class_list":{"0":"post-276926","1":"post","2":"type-post","3":"status-publish","4":"format-standard","5":"has-post-thumbnail","7":"category-europe","8":"tag-actualites","9":"tag-eu","10":"tag-europe","11":"tag-european-union","12":"tag-fr","13":"tag-france","14":"tag-news","15":"tag-republique-francaise","16":"tag-ue","17":"tag-union-europeenne"},"share_on_mastodon":{"url":"https:\/\/pubeurope.com\/@fr\/114924049162799801","error":""},"_links":{"self":[{"href":"https:\/\/www.europesays.com\/fr\/wp-json\/wp\/v2\/posts\/276926","targetHints":{"allow":["GET"]}}],"collection":[{"href":"https:\/\/www.europesays.com\/fr\/wp-json\/wp\/v2\/posts"}],"about":[{"href":"https:\/\/www.europesays.com\/fr\/wp-json\/wp\/v2\/types\/post"}],"author":[{"embeddable":true,"href":"https:\/\/www.europesays.com\/fr\/wp-json\/wp\/v2\/users\/2"}],"replies":[{"embeddable":true,"href":"https:\/\/www.europesays.com\/fr\/wp-json\/wp\/v2\/comments?post=276926"}],"version-history":[{"count":0,"href":"https:\/\/www.europesays.com\/fr\/wp-json\/wp\/v2\/posts\/276926\/revisions"}],"wp:featuredmedia":[{"embeddable":true,"href":"https:\/\/www.europesays.com\/fr\/wp-json\/wp\/v2\/media\/276927"}],"wp:attachment":[{"href":"https:\/\/www.europesays.com\/fr\/wp-json\/wp\/v2\/media?parent=276926"}],"wp:term":[{"taxonomy":"category","embeddable":true,"href":"https:\/\/www.europesays.com\/fr\/wp-json\/wp\/v2\/categories?post=276926"},{"taxonomy":"post_tag","embeddable":true,"href":"https:\/\/www.europesays.com\/fr\/wp-json\/wp\/v2\/tags?post=276926"}],"curies":[{"name":"wp","href":"https:\/\/api.w.org\/{rel}","templated":true}]}}