{"id":276932,"date":"2025-07-27T07:38:20","date_gmt":"2025-07-27T07:38:20","guid":{"rendered":"https:\/\/www.europesays.com\/fr\/276932\/"},"modified":"2025-07-27T07:38:20","modified_gmt":"2025-07-27T07:38:20","slug":"apres-le-tour-de-france-ou-en-est-la-releve-provencale","status":"publish","type":"post","link":"https:\/\/www.europesays.com\/fr\/276932\/","title":{"rendered":"apr\u00e8s le Tour de France, o\u00f9 en est la rel\u00e8ve proven\u00e7ale\u00a0?"},"content":{"rendered":"<p>Aucun coureur proven\u00e7al ne participait \u00e0 ce 112e Tour de France, sauf \u00e0 consid\u00e9rer que le Ni\u00e7ois Cl\u00e9ment Champoussin l\u2019est pour avoir \u00e9t\u00e9 champion de France junior en\u00a02016 avec Beaumes-de-Venise. <a href=\"https:\/\/www.laprovence.com\/article\/sports\/52211039216858\/tour-de-france-decroche-ce-jeudi-martinez-perd-gros-pour-le-maillot-a-pois\" target=\"_blank\" rel=\"nofollow noopener\">Quant \u00e0 Lenny Martinez<\/a>, il est vrai qu\u2019il a grandi \u00e0 Montauroux (Var), dans le pays de Fayence, avant de rejoindre la Ni\u00e8vre.<\/p>\n<p>Mais il n\u2019est pas exclu que le cyclisme proven\u00e7al retrouve une petite place sur le Tour de France dans les prochaines ann\u00e9es.<\/p>\n<p>Cl\u00e9ment Izquierdo prend son temps<\/p>\n<p>Il est le seul \u00e0 \u00e9voluer en World Tour, depuis cette ann\u00e9e. Natif de la cit\u00e9 phoc\u00e9enne, il a grandi \u00e0 Aubagne et a fait ses gammes sur VTT \u00e0 Plan-de-Cuques, Marseille ou Venelles, avant de s\u2019affirmer sur route \u00e0 La Pomme Marseille (2022) <a href=\"https:\/\/www.laprovence.com\/article\/sports\/46380414732099\/cyclisme-dn1-clement-izquierdo-avc-aix-vainqueur-a-domicile-au-grand-prix-de-puyricard\" target=\"_blank\" rel=\"nofollow noopener\">et l\u2019AVC Aix (2023-2024)<\/a>. En janvier, il a franchi un cap important en signant chez Cofidis pour deux saisons. Plut\u00f4t polyvalent (bon en chrono ou sur routes accident\u00e9es), il a d\u00e9but\u00e9 sur le GP de Marseille &#8211; La Marseillaise et a particip\u00e9 \u00e0 Paris-Nice (80e), prenant notamment l\u2019\u00e9chapp\u00e9e lors de l\u2019avant-derni\u00e8re \u00e9tape. Pour l\u2019instant, c\u2019est plut\u00f4t sur les courses de classe 1 qu\u2019on le voit, comme sur les Boucles de la Mayenne en mai (9e du g\u00e9n\u00e9ral). \u00c0 23\u00a0ans, il prend le temps de d\u00e9couvrir le tr\u00e8s haut niveau.<\/p>\n","protected":false},"excerpt":{"rendered":"Aucun coureur proven\u00e7al ne participait \u00e0 ce 112e Tour de France, sauf \u00e0 consid\u00e9rer que le Ni\u00e7ois Cl\u00e9ment&hellip;\n","protected":false},"author":2,"featured_media":276933,"comment_status":"","ping_status":"","sticky":false,"template":"","format":"standard","meta":{"footnotes":""},"categories":[4],"tags":[17,11,150,207,932,1011,27,12,41624,14558,25,60,3584],"class_list":{"0":"post-276932","1":"post","2":"type-post","3":"status-publish","4":"format-standard","5":"has-post-thumbnail","7":"category-france","8":"tag-17","9":"tag-actualites","10":"tag-apres","11":"tag-cyclisme","12":"tag-est","13":"tag-fr","14":"tag-france","15":"tag-news","16":"tag-provencale","17":"tag-releve","18":"tag-republique-francaise","19":"tag-sports","20":"tag-tour"},"share_on_mastodon":{"url":"https:\/\/pubeurope.com\/@fr\/114924060825592627","error":""},"_links":{"self":[{"href":"https:\/\/www.europesays.com\/fr\/wp-json\/wp\/v2\/posts\/276932","targetHints":{"allow":["GET"]}}],"collection":[{"href":"https:\/\/www.europesays.com\/fr\/wp-json\/wp\/v2\/posts"}],"about":[{"href":"https:\/\/www.europesays.com\/fr\/wp-json\/wp\/v2\/types\/post"}],"author":[{"embeddable":true,"href":"https:\/\/www.europesays.com\/fr\/wp-json\/wp\/v2\/users\/2"}],"replies":[{"embeddable":true,"href":"https:\/\/www.europesays.com\/fr\/wp-json\/wp\/v2\/comments?post=276932"}],"version-history":[{"count":0,"href":"https:\/\/www.europesays.com\/fr\/wp-json\/wp\/v2\/posts\/276932\/revisions"}],"wp:featuredmedia":[{"embeddable":true,"href":"https:\/\/www.europesays.com\/fr\/wp-json\/wp\/v2\/media\/276933"}],"wp:attachment":[{"href":"https:\/\/www.europesays.com\/fr\/wp-json\/wp\/v2\/media?parent=276932"}],"wp:term":[{"taxonomy":"category","embeddable":true,"href":"https:\/\/www.europesays.com\/fr\/wp-json\/wp\/v2\/categories?post=276932"},{"taxonomy":"post_tag","embeddable":true,"href":"https:\/\/www.europesays.com\/fr\/wp-json\/wp\/v2\/tags?post=276932"}],"curies":[{"name":"wp","href":"https:\/\/api.w.org\/{rel}","templated":true}]}}