{"id":276936,"date":"2025-07-27T07:42:14","date_gmt":"2025-07-27T07:42:14","guid":{"rendered":"https:\/\/www.europesays.com\/fr\/276936\/"},"modified":"2025-07-27T07:42:14","modified_gmt":"2025-07-27T07:42:14","slug":"us-open-peu-avant-sa-retraite-caroline-garcia-obtient-une-invitation-pour-disputer-le-tableau-principal-tout-comme-valentin-royer","status":"publish","type":"post","link":"https:\/\/www.europesays.com\/fr\/276936\/","title":{"rendered":"US Open\u00a0: peu avant sa retraite, Caroline Garcia obtient une invitation pour disputer le tableau principal, tout comme Valentin Royer"},"content":{"rendered":"<p>\n                                                                    l&rsquo;essentiel<br \/>\n                                                                Caroline Garcia, qui vit ses derni\u00e8res semaines de joueuse professionnelle, a re\u00e7u l\u2019une des invitations pour le tableau principal de l\u2019US Open r\u00e9serv\u00e9es \u00e0 la F\u00e9d\u00e9ration fran\u00e7aise de tennis, Valentin Royer obtenant la seconde, a annonc\u00e9 la FFT ce samedi.\n                            <\/p>\n<p>\u00ab\u00a0La F\u00e9d\u00e9ration Fran\u00e7aise de Tennis a d\u00e9cid\u00e9 d\u2019attribuer les invitations (wild-card) pour l\u2019US Open 2025 (24\u00a0ao\u00fbt-7\u00a0septembre) \u00e0 Caroline Garcia, actuellement 197e au classement WTA, et \u00e0 Valentin Royer, 113e au classement ATP\u00a0\u00bb, annonce l\u2019instance dans un communiqu\u00e9.<\/p>\n<p class=\"std-elt__inline\">\n        <strong>\u00c0 lire aussi :<\/strong><br \/>\n        <a href=\"https:\/\/www.ladepeche.fr\/2025\/07\/25\/video-venus-williams-cetait-gros-comme-une-orange-les-confidences-de-la-superstar-du-tennis-a-propos-de-sa-grave-maladie-a-luterus-12844356.php\" rel=\"nofollow noopener\" target=\"_blank\">VIDEO. Venus Williams\u00a0: \u00ab\u00a0C\u2019\u00e9tait gros comme une orange\u00a0!\u00a0\u00bb Les confidences de la superstar du tennis \u00e0 propos de sa grave maladie \u00e0 l\u2019ut\u00e9rus<\/a>\n    <\/p>\n<p>Garcia, 31 ans, ex-4e mondiale et longtemps N.1 fran\u00e7aise, a annonc\u00e9 le 23\u00a0mai qu\u2019elle mettrait un terme \u00e0 sa carri\u00e8re cette saison, esp\u00e9rant jouer notamment l\u2019US Open pour la 13e fois. Elle n\u2019apparait plus que sporadiquement sur le circuit depuis un an. Cette saison, elle a perdu au premier tour \u00e0 l\u2019Open d\u2019Australie et \u00e0 Roland Garros avant de renoncer \u00e0 Wimbledon o\u00f9 elle n\u2019avait pas re\u00e7u de wild card. Garcia n\u2019a plus jou\u00e9 en tournoi depuis son \u00e9limination \u00e0 Roland-Garros.<\/p>\n<p class=\"std-elt__inline\">\n        <strong>\u00c0 lire aussi :<\/strong><br \/>\n        <a href=\"https:\/\/www.ladepeche.fr\/2025\/07\/26\/video-tennis-un-francais-elimine-daniil-medvedev-et-se-qualifie-pour-en-demi-finale-apres-une-balle-de-match-completement-folle-12845823.php\" rel=\"nofollow noopener\" target=\"_blank\">VIDEO. Tennis\u00a0: un Fran\u00e7ais \u00e9limine Daniil Medvedev et se qualifie pour en demi-finale apr\u00e8s une balle de match compl\u00e8tement folle<\/a>\n    <\/p>\n<p>Elle s\u2019est mari\u00e9e le 19\u00a0juillet et n\u2019est pour l\u2019instant inscrite \u00e0 aucun tournoi pr\u00e9paratoire \u00e0 l\u2019US Open dont les WTA 1000 de Montr\u00e9al (27\u00a0juillet-7\u00a0ao\u00fbt) et de Cincinnati (7-18 ao\u00fbt). Elle avait atteint \u00e0 New York son meilleur r\u00e9sultat en Grand Chelem lorsqu\u2019elle avait jou\u00e9 la demi-finale en 2022, ann\u00e9e de son titre au Masters de fin d\u2019ann\u00e9e.<\/p>\n<p class=\"std-elt__inline\">\n        <strong>\u00c0 lire aussi :<\/strong><br \/>\n        <a href=\"https:\/\/www.ladepeche.fr\/2025\/07\/24\/tennis-quest-ce-que-je-fous-la-la-nouvelle-mise-au-point-de-gael-monfils-victime-de-nouvelles-insultes-de-parieurs-12842543.php\" rel=\"nofollow noopener\" target=\"_blank\">Tennis\u00a0: \u00ab\u00a0Qu\u2019est-ce que je fous l\u00e0\u2026\u00a0\u00bb La mise au point de Ga\u00ebl Monfils, victime de nouvelles insultes de parieurs<\/a>\n    <\/p>\n<p>Pour sa part, \u00e0 24 ans Valentin Royer acc\u00e8dera au tableau principal de l\u2019US Open pour la premi\u00e8re fois de sa carri\u00e8re. Il s\u2019est illustr\u00e9 cette saison en se hissant au deuxi\u00e8me tour de Wimbledon apr\u00e8s \u00eatre sorti des qualifications. Aux termes d\u2019un accord de r\u00e9ciprocit\u00e9 entre les f\u00e9d\u00e9rations fran\u00e7aise (FFT) et am\u00e9ricaine (USTA), l\u2019US Open r\u00e9serve deux wild cards pour des joueurs fran\u00e7ais (une dans le tableau hommes et une dans le tableau dames) et Roland-Garros en fait de m\u00eame pour des joueurs am\u00e9ricains.<\/p>\n","protected":false},"excerpt":{"rendered":"l&rsquo;essentiel Caroline Garcia, qui vit ses derni\u00e8res semaines de joueuse professionnelle, a re\u00e7u l\u2019une des invitations pour le&hellip;\n","protected":false},"author":2,"featured_media":276937,"comment_status":"","ping_status":"","sticky":false,"template":"","format":"standard","meta":{"footnotes":""},"categories":[1415],"tags":[1011,27,60,1467],"class_list":{"0":"post-276936","1":"post","2":"type-post","3":"status-publish","4":"format-standard","5":"has-post-thumbnail","7":"category-tennis","8":"tag-fr","9":"tag-france","10":"tag-sports","11":"tag-tennis"},"share_on_mastodon":{"url":"https:\/\/pubeurope.com\/@fr\/114924076615338781","error":""},"_links":{"self":[{"href":"https:\/\/www.europesays.com\/fr\/wp-json\/wp\/v2\/posts\/276936","targetHints":{"allow":["GET"]}}],"collection":[{"href":"https:\/\/www.europesays.com\/fr\/wp-json\/wp\/v2\/posts"}],"about":[{"href":"https:\/\/www.europesays.com\/fr\/wp-json\/wp\/v2\/types\/post"}],"author":[{"embeddable":true,"href":"https:\/\/www.europesays.com\/fr\/wp-json\/wp\/v2\/users\/2"}],"replies":[{"embeddable":true,"href":"https:\/\/www.europesays.com\/fr\/wp-json\/wp\/v2\/comments?post=276936"}],"version-history":[{"count":0,"href":"https:\/\/www.europesays.com\/fr\/wp-json\/wp\/v2\/posts\/276936\/revisions"}],"wp:featuredmedia":[{"embeddable":true,"href":"https:\/\/www.europesays.com\/fr\/wp-json\/wp\/v2\/media\/276937"}],"wp:attachment":[{"href":"https:\/\/www.europesays.com\/fr\/wp-json\/wp\/v2\/media?parent=276936"}],"wp:term":[{"taxonomy":"category","embeddable":true,"href":"https:\/\/www.europesays.com\/fr\/wp-json\/wp\/v2\/categories?post=276936"},{"taxonomy":"post_tag","embeddable":true,"href":"https:\/\/www.europesays.com\/fr\/wp-json\/wp\/v2\/tags?post=276936"}],"curies":[{"name":"wp","href":"https:\/\/api.w.org\/{rel}","templated":true}]}}