{"id":276938,"date":"2025-07-27T07:44:12","date_gmt":"2025-07-27T07:44:12","guid":{"rendered":"https:\/\/www.europesays.com\/fr\/276938\/"},"modified":"2025-07-27T07:44:12","modified_gmt":"2025-07-27T07:44:12","slug":"juniorgp-aragon-qualifications-le-team-seventytwo-artbox-dirige-par-emilio-alzamora-accumule-les-pole-positions","status":"publish","type":"post","link":"https:\/\/www.europesays.com\/fr\/276938\/","title":{"rendered":"JuniorGP Aragon Qualifications : Le team SeventyTwo Artbox dirig\u00e9 par Emilio Alzamora accumule les pole positions"},"content":{"rendered":"<p><strong>La quatri\u00e8me manche du Championnat du Monde <a href=\"https:\/\/www.fimjuniorgp.com\/\" target=\"_blank\" rel=\"noopener nofollow\">JuniorGP<\/a> \u2122 2025 se d\u00e9roule au MotorLand d\u2019Aragon, o\u00f9<br \/>\nse sont d\u00e9roul\u00e9es samedi les qualifications des quatre cat\u00e9gories.<br \/>\ndeux d\u2019entre elles ont \u00e9t\u00e9 d\u00e9croch\u00e9es pour la troisi\u00e8me fois par<br \/>\nl\u2019\u00e9quipe SeventyTwo Artbox dirig\u00e9e par un nom connu du monde du<br \/>\nMotoGP, Emilio Alzamora\u2026<\/strong><\/p>\n<p>En <strong>JuniorGP<\/strong>, <strong>Brian Uriarte<\/strong><br \/>\n(UAX SeventyTwo Artbox) a ainsi d\u00e9croch\u00e9 sa troisi\u00e8me pole position<br \/>\nde la saison, en roulant en 1\u201956\u00a0\u00bb886, devan\u00e7ant <strong>Jesus Rios<\/strong><br \/>\n(Finetwork Mir Racing Team) et <strong>Rico Salmela<\/strong><br \/>\n(Estrella Galicia 0,0) pour prendre la t\u00eate de la<br \/>\ngrille.<\/p>\n<p>La deuxi\u00e8me ligne est men\u00e9e par<br \/>\n<strong>Leonardo Zanni<\/strong> (Finetwork Mir Racing Team), suivi<br \/>\nde <strong>Casey O\u2019Gorman<\/strong> (Estrella Galicia 0,0) et Marco<br \/>\nMorelli (Gryd \u2013 Mlav Racing).<\/p>\n<p><strong>C\u00f4t\u00e9 fran\u00e7ais,<\/strong>\u00a0<a href=\"https:\/\/www.paddock-gp.com\/?s=bellon\" target=\"_blank\" rel=\"noopener nofollow\"><strong>Enzo Bellon<\/strong><\/a> (CIP Green Power Junior<br \/>\nTeam), membre de l\u2019<strong>\u00c9quipe de France Vitesse -Fili\u00e8re<br \/>\nGP<\/strong>, a r\u00e9alis\u00e9 le 14e temps et est pass\u00e9 directement en Q2,<br \/>\nce qui vu son peu de roulage est plut\u00f4t prometteur.<br \/>\nMalheureusement, il a \u00e9cop\u00e9 d\u2019une p\u00e9nalit\u00e9 pour avoir roul\u00e9<br \/>\nlentement \u00e0 un moment de la s\u00e9ance et partira 30e \u00e0 la premi\u00e8re<br \/>\ncourse.<\/p>\n<p>Aragon accueillera deux courses<br \/>\nde la cat\u00e9gorie JuniorGP\u2122 dimanche, la premi\u00e8re d\u00e9butant \u00e0 11h00<br \/>\n(UTC +2).<\/p>\n<p><img loading=\"lazy\" decoding=\"async\" class=\"aligncenter size-full wp-image-1314603\" src=\"https:\/\/www.europesays.com\/fr\/wp-content\/uploads\/2025\/07\/Brian-Uriarte-1.jpg\" alt=\"\" width=\"800\" height=\"534\"  \/><img loading=\"lazy\" decoding=\"async\" class=\"aligncenter size-full wp-image-1314589\" src=\"https:\/\/www.europesays.com\/fr\/wp-content\/uploads\/2025\/07\/m3grid1.jpg\" alt=\"\" width=\"800\" height=\"761\"  \/><\/p>\n<p>En <strong>Moto2<\/strong>\u2122<br \/>\nECh, <strong>Alberto Surra<\/strong> (Andifer American<br \/>\nRacing) a sign\u00e9 sa premi\u00e8re pole position de la saison en<br \/>\n1\u201951\u00a0\u00bb324, devan\u00e7ant de peu son co\u00e9quipier <strong>Xabi<br \/>\nZurutuza<\/strong> de seulement 0\u00a0\u00bb035. <strong>Milan<br \/>\nPawelec<\/strong> (AGR Team) appara\u00eet troisi\u00e8me, compl\u00e9tant la<br \/>\npremi\u00e8re ligne. Ce r\u00e9sultat confirme la dynamique de Surra apr\u00e8s sa<br \/>\nr\u00e9cente victoire. Il cherchera \u00e0 r\u00e9duire l\u2019\u00e9cart avec les<br \/>\npr\u00e9tendants au titre, <strong>Unai Orradre<\/strong> (Team Ciatti<br \/>\nBoscoscuro) et <strong>Alberto Ferrandez<\/strong> (GV Racing<br \/>\nMoto2), tous deux s\u2019\u00e9lan\u00e7ant de la deuxi\u00e8me ligne aux c\u00f4t\u00e9s<br \/>\nd\u2019<strong>Alessandro Morosi<\/strong> (Eagle-1).<\/p>\n<p><strong>C\u00f4t\u00e9 fran\u00e7ais<\/strong>, nos deux<br \/>\nrepr\u00e9sentants,\u00a0<a href=\"https:\/\/www.paddock-gp.com\/?s=fellon\" target=\"_blank\" rel=\"noopener nofollow\"><strong>Lorenzo<br \/>\nFellon<\/strong><\/a>\u00a0(SF Racing) et<br \/>\n<a href=\"https:\/\/www.paddock-gp.com\/?s=gimbert\" target=\"_blank\" rel=\"noopener nofollow\"><strong>Johan Gimbert<\/strong><\/a> (Promoracing)<br \/>\npartiront 12e et 15e.<\/p>\n<p>Comme en JuniorGP\u2122, le<br \/>\nChampionnat d\u2019Europe Moto2\u2122 proposera deux courses dimanche \u00e0<br \/>\nMotorLand.<\/p>\n<p><img loading=\"lazy\" decoding=\"async\" class=\"aligncenter size-full wp-image-1314606\" src=\"https:\/\/www.europesays.com\/fr\/wp-content\/uploads\/2025\/07\/Alberto-Surra-1.jpg\" alt=\"\" width=\"800\" height=\"534\"  \/><img loading=\"lazy\" decoding=\"async\" class=\"aligncenter size-full wp-image-1314586\" src=\"https:\/\/www.europesays.com\/fr\/wp-content\/uploads\/2025\/07\/m2grid-1.jpg\" alt=\"\" width=\"800\" height=\"696\"  \/><\/p>\n<p>Le tenant du titre <strong>Carlos Cano<\/strong> (UAX SeventyTwo<br \/>\nArtbox) a sign\u00e9 sa troisi\u00e8me pole position en <strong>European<br \/>\nTalent Cup<\/strong>, le champion en<br \/>\ntitre r\u00e9alisant un temps de 2\u201901.080 en qualifications. Le jeune<br \/>\nEspagnol a domin\u00e9 son groupe de qualification devant<br \/>\n<strong>Fernando Bujosa<\/strong> (AC Racing Team). <strong>\u00c1lvaro<br \/>\nLucas<\/strong> (CFMoto Aspar Junior Team) partira deuxi\u00e8me, lui qui<br \/>\na domin\u00e9 son groupe de qualification, m\u00eame s\u2019il n\u2019a pas \u00e9gal\u00e9 le<br \/>\ntemps de Cano.<\/p>\n<p><strong>Kiandra<br \/>\nRamadhipa<\/strong> (Honda Asia Dream Racing Junior Team) s\u2019\u00e9lancera<br \/>\nde la t\u00eate de la deuxi\u00e8me ligne, rejointe par <strong>Eneko<br \/>\nOsorio<\/strong> (Frando Racing VHC Team) et le Fran\u00e7ais <a href=\"https:\/\/www.paddock-gp.com\/?s=nativi\" target=\"_blank\" rel=\"noopener nofollow\"><strong>Antoine Nativi<\/strong><\/a>\u00a0(JEG Take Off<br \/>\nGP) en cinqui\u00e8me et sixi\u00e8me positions. Le leader du championnat,<br \/>\n<strong>Alex Longarela<\/strong> (Snipers IGAXTeam), partira de la<br \/>\nsepti\u00e8me place.<\/p>\n<p data-start=\"2379\" data-end=\"2891\"><strong>C\u00f4t\u00e9<br \/>\nfran\u00e7ais<\/strong>, outre la tr\u00e8s belle qualification d\u2019<a href=\"https:\/\/www.paddock-gp.com\/?s=nativi\" target=\"_blank\" rel=\"noopener nofollow\"><strong>Antoine<br \/>\nNativi<\/strong><\/a>,\u00a0<strong>Matthias Rostagni<\/strong> (BRS \u2013<br \/>\nBrechon Racing School) a termin\u00e9 4e de son groupe, <strong>Evan<br \/>\nBoxberger<\/strong>\u00a0(JEG TAKE OFF GP) 8e et\u00a0<a href=\"https:\/\/www.paddock-gp.com\/?s=sanjuan\" target=\"_blank\" rel=\"noopener nofollow\"><strong>R\u00e9my Sanjuan<\/strong><\/a>\u00a0(Larresport)<br \/>\n9e.<br \/>Conjointement \u00e0 <strong><a href=\"https:\/\/www.paddock-gp.com\/?s=pio\" target=\"_blank\" rel=\"noopener nofollow\">Gabriel Pio<\/a><\/strong>\u00a0(BRS \u2013<br \/>\nBrechon Racing School), membre de l\u2019<strong>\u00c9quipe de France<br \/>\nVitesse -Fili\u00e8re GP,<\/strong> 13e, il est ind\u00e9niable que le niveau<br \/>\nprogresse rapidement et ne peut qu\u2019entra\u00eener ceux et celle qui sont<br \/>\nencore en Last Chance Race, <strong>Henri Mignot<\/strong> (JEG<br \/>\nRacing), <strong>Carla Mulot<\/strong> (JEG Racing), et<br \/>\n<strong>Randy Truchot<\/strong> (Ilusion Racing).<\/p>\n<p data-start=\"2379\" data-end=\"2891\">Malheureusement,<br \/>\n<strong>Matthias Rostagni<\/strong> s\u2019est bless\u00e9 et, d\u2019apr\u00e8s nos<br \/>\ninformations, ne devrait pas particip\u00e9 \u00e0 la course.<\/p>\n<p>Des points d\u00e9cisifs sont \u00e0 gagner<br \/>\nen ETC, avec une seule course dimanche.<\/p>\n<p><img loading=\"lazy\" decoding=\"async\" class=\"aligncenter size-full wp-image-1314600\" src=\"https:\/\/www.europesays.com\/fr\/wp-content\/uploads\/2025\/07\/Carlos-Cano.jpg\" alt=\"\" width=\"800\" height=\"533\"  \/><\/p>\n<p>JuniorGP Aragon qualifications<br \/>\nJuniorGP Aragon qualifications<\/p>\n","protected":false},"excerpt":{"rendered":"La quatri\u00e8me manche du Championnat du Monde JuniorGP \u2122 2025 se d\u00e9roule au MotorLand d\u2019Aragon, o\u00f9 se sont&hellip;\n","protected":false},"author":2,"featured_media":276939,"comment_status":"","ping_status":"","sticky":false,"template":"","format":"standard","meta":{"footnotes":""},"categories":[1413],"tags":[1011,27,1457,1456,60],"class_list":{"0":"post-276938","1":"post","2":"type-post","3":"status-publish","4":"format-standard","5":"has-post-thumbnail","7":"category-moto","8":"tag-fr","9":"tag-france","10":"tag-moto","11":"tag-motocycle","12":"tag-sports"},"share_on_mastodon":{"url":"https:\/\/pubeurope.com\/@fr\/114924084544937044","error":""},"_links":{"self":[{"href":"https:\/\/www.europesays.com\/fr\/wp-json\/wp\/v2\/posts\/276938","targetHints":{"allow":["GET"]}}],"collection":[{"href":"https:\/\/www.europesays.com\/fr\/wp-json\/wp\/v2\/posts"}],"about":[{"href":"https:\/\/www.europesays.com\/fr\/wp-json\/wp\/v2\/types\/post"}],"author":[{"embeddable":true,"href":"https:\/\/www.europesays.com\/fr\/wp-json\/wp\/v2\/users\/2"}],"replies":[{"embeddable":true,"href":"https:\/\/www.europesays.com\/fr\/wp-json\/wp\/v2\/comments?post=276938"}],"version-history":[{"count":0,"href":"https:\/\/www.europesays.com\/fr\/wp-json\/wp\/v2\/posts\/276938\/revisions"}],"wp:featuredmedia":[{"embeddable":true,"href":"https:\/\/www.europesays.com\/fr\/wp-json\/wp\/v2\/media\/276939"}],"wp:attachment":[{"href":"https:\/\/www.europesays.com\/fr\/wp-json\/wp\/v2\/media?parent=276938"}],"wp:term":[{"taxonomy":"category","embeddable":true,"href":"https:\/\/www.europesays.com\/fr\/wp-json\/wp\/v2\/categories?post=276938"},{"taxonomy":"post_tag","embeddable":true,"href":"https:\/\/www.europesays.com\/fr\/wp-json\/wp\/v2\/tags?post=276938"}],"curies":[{"name":"wp","href":"https:\/\/api.w.org\/{rel}","templated":true}]}}