{"id":276940,"date":"2025-07-27T07:45:14","date_gmt":"2025-07-27T07:45:14","guid":{"rendered":"https:\/\/www.europesays.com\/fr\/276940\/"},"modified":"2025-07-27T07:45:14","modified_gmt":"2025-07-27T07:45:14","slug":"kimi-antonelli-en-crise-de-confiance-chez-mercedes","status":"publish","type":"post","link":"https:\/\/www.europesays.com\/fr\/276940\/","title":{"rendered":"Kimi Antonelli en crise de confiance chez Mercedes"},"content":{"rendered":"<p>Andrea <a href=\"https:\/\/fr.motorsport.com\/driver\/kimi-antonelli\/947765\/\" target=\"_blank\" rel=\"noopener\">Kimi Antonelli<\/a> ne traverse pas une bonne p\u00e9riode en Formule 1. Le jeune prodige de <a href=\"https:\/\/fr.motorsport.com\/team\/mercedes\/611\/\" target=\"_blank\" rel=\"noopener\">Mercedes<\/a>, \u00e2g\u00e9 de 18 ans, avait pourtant bien commenc\u00e9 sa premi\u00e8re saison en d\u00e9crochant la pole position lors du sprint \u00e0 Miami et en terminant r\u00e9guli\u00e8rement dans le top 6 lors des six premiers Grands Prix.<\/p>\n<p>Mais au cours des six derni\u00e8res \u00e9preuves, Antonelli n&rsquo;a marqu\u00e9 qu&rsquo;une seule fois des points \u2013 son podium \u00e0 Montr\u00e9al \u2013 et a \u00e9t\u00e9 devanc\u00e9 \u00e0 chaque fois par son co\u00e9quipier <a href=\"https:\/\/fr.motorsport.com\/driver\/george-russell\/96626\/\" target=\"_blank\" rel=\"noopener\">George Russell<\/a>.<\/p>\n<p>C&rsquo;est encore le cas ce week-end lors du Grand Prix de Belgique, o\u00f9 Antonelli a fait un t\u00eate-\u00e0-queue dans la premi\u00e8re partie des qualifications sprint, dont il a termin\u00e9 20e, dans ce qui constituait l&rsquo;un des pires r\u00e9sultats d&rsquo;ensemble de Mercedes en F1 dans l&rsquo;exercice.<\/p>\n<p>L&rsquo;Italien a r\u00e9ussi \u00e0 maintenir sa Fl\u00e8che d&rsquo;argent sur la piste lors des qualifications de ce samedi, mais il n&rsquo;a pas r\u00e9ussi \u00e0 faire mieux que la 18e place, \u00e0 0&Prime;355 de Russell et \u00e0 0&Prime;231 du temps de <a href=\"https:\/\/fr.motorsport.com\/driver\/gabriel-bortoleto\/947555\/\" target=\"_blank\" rel=\"noopener\">Gabriel Bortoleto<\/a>, 15e, et ce malgr\u00e9 une voiture \u00ab\u00a0dans une meilleure situation qu&rsquo;hier\u00a0\u00bb apr\u00e8s un changement de r\u00e9glages.<\/p>\n<p>\u00ab\u00a0Depuis le d\u00e9but de la saison europ\u00e9enne, j&rsquo;ai du mal \u00e0 trouver de la confiance avec la voiture et j&rsquo;ai l&rsquo;impression d&rsquo;avoir fait un pas en arri\u00e8re\u00a0\u00bb, a d\u00e9clar\u00e9 aux m\u00e9dias Antonelli, visiblement d\u00e9sempar\u00e9, environ 90 minutes apr\u00e8s son \u00e9limination en Q1.<\/p>\n<p>   <img decoding=\"async\" draggable=\"false\" src=\"https:\/\/www.europesays.com\/fr\/wp-content\/uploads\/2025\/07\/1753602313_658_andrea-kimi-antonelli-mercedes.jpg\" alt=\"Kimi Antonelli (Mercedes)\" width=\"1200\" height=\"800\" loading=\"lazy\"\/> <\/p>\n<p class=\"title\">Kimi Antonelli (Mercedes)<\/p>\n<p class=\"photographer\">Photo de: Erik Junius<\/p>\n<p>\u00ab\u00a0C&rsquo;est un moment difficile pour moi, car je manque de confiance pour attaquer. Hier, j&rsquo;ai essay\u00e9 d&rsquo;attaquer un peu trop et j&rsquo;ai fait un t\u00eate-\u00e0-queue, ce qui a encore plus entam\u00e9 ma confiance. Je ne fais qu&rsquo;aggraver le probl\u00e8me avec ma fa\u00e7on de piloter. Et cela me donne encore moins confiance en la voiture.\u00a0\u00bb<\/p>\n<p>La meilleure fa\u00e7on de piloter une F1 est de ne pas trop r\u00e9fl\u00e9chir \u00e0 chaque mouvement du volant, et c&rsquo;est justement ce qu&rsquo;Antonelli ne parvient pas \u00e0 faire ces derniers temps. \u00ab\u00a0De mon c\u00f4t\u00e9, j&rsquo;essaie probablement de trop modifier ma fa\u00e7on de piloter\u00a0\u00bb, a-t-il admis. \u00ab\u00a0J&rsquo;ai l&rsquo;impression de ne pas piloter naturellement. Mon pilotage est tr\u00e8s forc\u00e9, et c&rsquo;est tout simplement difficile.\u00a0\u00bb<\/p>\n<p>Interrog\u00e9 sur ce dont il avait besoin de la part de la voiture pour retrouver sa confiance, Antonelli a mis l&rsquo;accent sur la \u00ab\u00a0stabilit\u00e9\u00a0\u00bb. \u00ab\u00a0Avec mon style de pilotage, je suis un peu plus agressif dans mes r\u00e9actions que George.\u00a0Je suis globalement un peu plus agressif. J&rsquo;ai tendance \u00e0 essayer d&#8217;emmener beaucoup de vitesse dans les virages. Et avec les limites que j&rsquo;ai, cela ne fait qu&rsquo;aggraver le probl\u00e8me.\u00a0\u00bb<\/p>\n<p>   <img decoding=\"async\" draggable=\"false\" src=\"https:\/\/www.europesays.com\/fr\/wp-content\/uploads\/2025\/07\/1753602314_899_andrea-kimi-antonelli-mercedes.jpg\" alt=\"Kimi Antonelli (Mercedes)\" width=\"1200\" height=\"800\" loading=\"lazy\"\/> <\/p>\n<p class=\"title\">Kimi Antonelli (Mercedes)<\/p>\n<p class=\"photographer\">Photo de: Steven Tee \/ LAT Images via Getty Images<\/p>\n<p>\u00ab\u00a0Je m&rsquo;efforce donc de modifier l\u00e9g\u00e8rement mon style de pilotage afin de trouver le bon \u00e9quilibre. Car, bien s\u00fbr, il est impossible d&rsquo;atteindre la perfection. J&rsquo;essaie simplement de travailler sur cet aspect, mais ce n&rsquo;est pas facile.\u00a0\u00bb<\/p>\n<p>Antonelli prendra a priori le d\u00e9part du Grand Prix depuis la voie des stands, n&rsquo;ayant pas grand-chose \u00e0 perdre compte tenu de sa 18e place sur la grille. Cela permettra \u00e9galement \u00e0 Mercedes d&rsquo;adapter ses r\u00e9glages en fonction de la m\u00e9t\u00e9o, des averses \u00e9tant pr\u00e9vues dans l&rsquo;apr\u00e8s-midi.<\/p>\n<p>Le jeune pilote esp\u00e8re sinc\u00e8rement que les modifications \u00e0 venir lui redonneront confiance, mais il est conscient qu&rsquo;il lui faudra un v\u00e9ritable d\u00e9clic pour sortir de la p\u00e9riode difficile qu&rsquo;il traverse : \u00ab\u00a0Je vais essayer de trouver la lumi\u00e8re au bout de la tunnel le plus rapidement possible.\u00a0\u00bb<\/p>\n<p>Lire aussi :<\/p>\n<p>Dans cet article<\/p>\n<p>Soyez le premier inform\u00e9 et souscrivez aux alertes mails pour recevoir les infos en temps r\u00e9el<\/p>\n<p>    S&rsquo;abonner aux alertes de news<\/p>\n","protected":false},"excerpt":{"rendered":"Andrea Kimi Antonelli ne traverse pas une bonne p\u00e9riode en Formule 1. Le jeune prodige de Mercedes, \u00e2g\u00e9&hellip;\n","protected":false},"author":2,"featured_media":276941,"comment_status":"","ping_status":"","sticky":false,"template":"","format":"standard","meta":{"footnotes":""},"categories":[1412],"tags":[1451,1452,1453,1454,1455,1011,27,38196,2237,4320,19528,60],"class_list":{"0":"post-276940","1":"post","2":"type-post","3":"status-publish","4":"format-standard","5":"has-post-thumbnail","7":"category-f1","8":"tag-f1","9":"tag-formula-1","10":"tag-formula1","11":"tag-formule-1","12":"tag-formule1","13":"tag-fr","14":"tag-france","15":"tag-gp-de-belgique","16":"tag-kimi-antonelli","17":"tag-mercedes","18":"tag-spa-francorchamps","19":"tag-sports"},"share_on_mastodon":{"url":"","error":""},"_links":{"self":[{"href":"https:\/\/www.europesays.com\/fr\/wp-json\/wp\/v2\/posts\/276940","targetHints":{"allow":["GET"]}}],"collection":[{"href":"https:\/\/www.europesays.com\/fr\/wp-json\/wp\/v2\/posts"}],"about":[{"href":"https:\/\/www.europesays.com\/fr\/wp-json\/wp\/v2\/types\/post"}],"author":[{"embeddable":true,"href":"https:\/\/www.europesays.com\/fr\/wp-json\/wp\/v2\/users\/2"}],"replies":[{"embeddable":true,"href":"https:\/\/www.europesays.com\/fr\/wp-json\/wp\/v2\/comments?post=276940"}],"version-history":[{"count":0,"href":"https:\/\/www.europesays.com\/fr\/wp-json\/wp\/v2\/posts\/276940\/revisions"}],"wp:featuredmedia":[{"embeddable":true,"href":"https:\/\/www.europesays.com\/fr\/wp-json\/wp\/v2\/media\/276941"}],"wp:attachment":[{"href":"https:\/\/www.europesays.com\/fr\/wp-json\/wp\/v2\/media?parent=276940"}],"wp:term":[{"taxonomy":"category","embeddable":true,"href":"https:\/\/www.europesays.com\/fr\/wp-json\/wp\/v2\/categories?post=276940"},{"taxonomy":"post_tag","embeddable":true,"href":"https:\/\/www.europesays.com\/fr\/wp-json\/wp\/v2\/tags?post=276940"}],"curies":[{"name":"wp","href":"https:\/\/api.w.org\/{rel}","templated":true}]}}