{"id":276944,"date":"2025-07-27T07:47:10","date_gmt":"2025-07-27T07:47:10","guid":{"rendered":"https:\/\/www.europesays.com\/fr\/276944\/"},"modified":"2025-07-27T07:47:10","modified_gmt":"2025-07-27T07:47:10","slug":"om-les-olympiens-simposent-logiquement-contre-gerone-grace-a-deux-penalties","status":"publish","type":"post","link":"https:\/\/www.europesays.com\/fr\/276944\/","title":{"rendered":"OM. Les Olympiens s&rsquo;imposent logiquement contre G\u00e9rone gr\u00e2ce \u00e0 deux penalties"},"content":{"rendered":"<p>G\u00e9rone a beau \u00eatre situ\u00e9e \u00e0 quelque 200 bornes d\u2019Encamp, le stade de la F\u00e9d\u00e9ration andorrane \u00e9tait habill\u00e9 de blanc et bleu, samedi, les chants des aficionados de l\u2019OM r\u00e9sonant tout au long de <a href=\"https:\/\/www.laprovence.com\/article\/om\/2960687026246314\/om-apres-un-stage-aux-pays-bas-les-olympiens-passent-aux-choses-serieuses-en-espagne\" target=\"_blank\" rel=\"noopener\">cette soir\u00e9e frisquette dans les Pyr\u00e9n\u00e9es<\/a>. Apr\u00e8s les huis clos du KNVB Campus, aux Pays-Bas, les Olympiens ont retrouv\u00e9 un soup\u00e7on de la chaleur qui consume leurs supporters. Ils piaffent d\u2019impatience de les revoir \u00e0 l\u2019\u0153uvre et ont eu un l\u00e9ger aper\u00e7u du visage qu\u2019ils vont arborer, cette saison.<\/p>\n<p>Celui-ci est tr\u00e8s proche de celui qu\u2019ils ont affich\u00e9 lors du pr\u00e9c\u00e9dent exercice, mais les automatismes sont d\u00e9j\u00e0 huil\u00e9s, ce qui permet de gagner du temps, avec un effectif ayant connu peu de retouches, jusqu\u2019ici. Seuls Angel Gomes, CJ Egan-Riley et Facundo Medina sont venus renforcer les rangs marseillais et Roberto De Zerbi attend d\u2019autres recrues. <a href=\"https:\/\/www.laprovence.com\/article\/om\/6650591812832\/mercato-om-les-derniers-obstacles-sont-enfin-leves-pour-la-venue-de-pierre-emerick-aubameyang\" target=\"_blank\" rel=\"noopener\">Pierre-Emerick Aubameyang doit arriver dans les prochaines heures<\/a>, alors que, comme l\u2019\u00e9tat-major le redoutait, le dossier Igor Paixao (Feyenoord) se complexifie, avec la concurrence de Leeds.<\/p>\n<p>Greenwood dans tous les bons coups<\/p>\n<p>Cela n\u2019a pas emp\u00each\u00e9 l\u2019OM de remporter son troisi\u00e8me match de pr\u00e9paration, le premier face \u00e0 un adversaire digne de ce nom apr\u00e8s les mises en jambes contre <a href=\"https:\/\/www.laprovence.com\/article\/om\/1413363963505815\/om-un-festival-offensif-pour-le-premier-match-amical-des-olympiens\" target=\"_blank\" rel=\"noopener\">les N\u00e9erlandais de l\u2019Excelsior Maassluis (5-0)<\/a> et <a href=\"https:\/\/www.laprovence.com\/article\/om\/1500619846258915\/om-face-a-charleroi-les-olympiens-concedent-le-nul-pour-leur-second-match-amical-en-deux-jours\" target=\"_blank\" rel=\"noopener\">les Belges de l\u2019Olympic Charleroi<\/a>. Samedi se dressait sur sa route G\u00e9rone qui a particip\u00e9 \u00e0 la derni\u00e8re Ligue des champions mais a rat\u00e9 sa saison en Liga (16e). Les Catalans n\u2019en restent pas moins un adversaire redoutable et le premier acte l\u2019a confirm\u00e9. Les Olympiens ont souffert pour d\u00e9velopper leur jeu face au pressing tout terrain de leurs adversaires qui n\u2019ont pas h\u00e9sit\u00e9 \u00e0 l\u00e2cher quelques coups assez inhabituels pour ce type de rendez-vous. Mais quand ils ont r\u00e9ussi le bon d\u00e9calage ou la bonne d\u00e9viation, ils ont imm\u00e9diatement \u00e9t\u00e9 dangereux.<\/p>\n<p>Port\u00e9s par un Mason Greenwood tout feu tout flamme et dans tous les bons coups, ils l\u2019ont logiquement emport\u00e9 gr\u00e2ce \u00e0 deux penalties, obtenus par l\u2019ailier anglais et Amine Harit, entr\u00e9 \u00e0 la pause. L\u2019ancien de Manchester United ne s\u2019est pas fait prier pour transformer le premier (35) avant de laisser le second \u00e0 Amine Gouiri (62), qui a aussi fait mouche. Logique tant les Olympiens ont domin\u00e9 les d\u00e9bats.<\/p>\n<p>Le rythme est retomb\u00e9 apr\u00e8s la pause, les entra\u00eeneurs des deux camps proc\u00e9dant \u00e0 de nombreux changements. L\u2019OM a termin\u00e9 avec un onze chamboul\u00e9 de fond en comble. Ce qui n\u2019a pas emp\u00each\u00e9 Amine Harit, sur le d\u00e9part, de distiller de bons ballons, Egan-Riley de se montrer intraitable ou le jeune Keyliane Abdallah d\u2019\u00e9taler son culot et sa fougue.<\/p>\n<p>Rendez-vous mardi pour un nouveau galop contre Valence.<\/p>\n<p>OM &#8211; G\u00e9rone : 2-0<\/p>\n<p>Estadi de la FAF. 2000 spectateurs environ.<br \/>Mi-temps : 1-0.<br \/>Buts &#8211; OM : Greenwood (35 s.p.), Gouiri (62, s.p.).<br \/>Avertissements &#8211; OM : Rowe (45+2). G\u00e9rone : Lopez (34), Stuani (42), Herrera (60).<br \/>OM : Rulli (De Lange, 46) &#8211; Murillo (Lirola, 46), Balerdi (cap, Cornelius, 72), Medina (Nadir, 63), Garcia (Egan-Riley, 46) &#8211; Hojbjerg (Bakola, 72), Gomes (Kondogbia, 63) &#8211; Greenwood (Abdallah, 63), Rabiot (Vaz, 72), Rowe (Harit, 46) &#8211; Gouiri (Maupay, 63).<br \/>Entra\u00eeneur :\u00a0Roberto De Zerbi.<\/p>\n","protected":false},"excerpt":{"rendered":"G\u00e9rone a beau \u00eatre situ\u00e9e \u00e0 quelque 200 bornes d\u2019Encamp, le stade de la F\u00e9d\u00e9ration andorrane \u00e9tait habill\u00e9&hellip;\n","protected":false},"author":2,"featured_media":276945,"comment_status":"","ping_status":"","sticky":false,"template":"","format":"standard","meta":{"footnotes":""},"categories":[1410],"tags":[17,1444,63,1011,27,41625,151,39221,12072,149,32377,60],"class_list":{"0":"post-276944","1":"post","2":"type-post","3":"status-publish","4":"format-standard","5":"has-post-thumbnail","7":"category-football","8":"tag-17","9":"tag-contre","10":"tag-football","11":"tag-fr","12":"tag-france","13":"tag-gerone","14":"tag-les","15":"tag-logiquement","16":"tag-olympiens","17":"tag-om","18":"tag-simposent","19":"tag-sports"},"share_on_mastodon":{"url":"https:\/\/pubeurope.com\/@fr\/114924096346471368","error":""},"_links":{"self":[{"href":"https:\/\/www.europesays.com\/fr\/wp-json\/wp\/v2\/posts\/276944","targetHints":{"allow":["GET"]}}],"collection":[{"href":"https:\/\/www.europesays.com\/fr\/wp-json\/wp\/v2\/posts"}],"about":[{"href":"https:\/\/www.europesays.com\/fr\/wp-json\/wp\/v2\/types\/post"}],"author":[{"embeddable":true,"href":"https:\/\/www.europesays.com\/fr\/wp-json\/wp\/v2\/users\/2"}],"replies":[{"embeddable":true,"href":"https:\/\/www.europesays.com\/fr\/wp-json\/wp\/v2\/comments?post=276944"}],"version-history":[{"count":0,"href":"https:\/\/www.europesays.com\/fr\/wp-json\/wp\/v2\/posts\/276944\/revisions"}],"wp:featuredmedia":[{"embeddable":true,"href":"https:\/\/www.europesays.com\/fr\/wp-json\/wp\/v2\/media\/276945"}],"wp:attachment":[{"href":"https:\/\/www.europesays.com\/fr\/wp-json\/wp\/v2\/media?parent=276944"}],"wp:term":[{"taxonomy":"category","embeddable":true,"href":"https:\/\/www.europesays.com\/fr\/wp-json\/wp\/v2\/categories?post=276944"},{"taxonomy":"post_tag","embeddable":true,"href":"https:\/\/www.europesays.com\/fr\/wp-json\/wp\/v2\/tags?post=276944"}],"curies":[{"name":"wp","href":"https:\/\/api.w.org\/{rel}","templated":true}]}}