{"id":276946,"date":"2025-07-27T07:48:16","date_gmt":"2025-07-27T07:48:16","guid":{"rendered":"https:\/\/www.europesays.com\/fr\/276946\/"},"modified":"2025-07-27T07:48:16","modified_gmt":"2025-07-27T07:48:16","slug":"nicole-kidman-et-sa-fille-faith-14-ans-reunies-pour-la-premiere-fois-dans-une-campagne-pour-une-marque-de-cosmetiques","status":"publish","type":"post","link":"https:\/\/www.europesays.com\/fr\/276946\/","title":{"rendered":"Nicole Kidman et sa fille Faith, 14 ans, r\u00e9unies pour la premi\u00e8re fois dans une campagne pour une marque de cosm\u00e9tiques"},"content":{"rendered":"<p>                                        <img decoding=\"async\" src=\"https:\/\/www.europesays.com\/fr\/wp-content\/uploads\/2025\/07\/0beed9b64f1c691a9a0691f3eaef7afc5a244a15ea828932ebcd01894e8f63b3.jpg\" alt=\"Nicole Kidman boit un verre de lait lors de son discours au gala du National Board of Review\" class=\"a11y-hidden\"\/><\/p>\n<p>Nouveau visage de la marque japonaise Cl\u00e9 de Peau Beaut\u00e9, l\u2019actrice Nicole Kidman appara\u00eet avec sa plus jeune fille dans une vid\u00e9o pour la campagne publicitaire.<\/p>\n<p class=\"fig-paragraph\"><a href=\"https:\/\/madame.lefigaro.fr\/tag\/nicole-kidman\" target=\"_blank\" data-fig-type=\"Keyword\" rel=\"sponsored noopener\" data-gtm-custom-categorie=\"navigation\" data-gtm-custom-action=\"crossclick\" data-gtm-custom-label=\"Contextuel\" data-gtm-event=\"customEventSPE\" data-fig-domain=\"MADAME\">Nicole Kidman<\/a>\u00a0voit le monde en noir et blanc dans la nouvelle campagne publicitaire pour les cosm\u00e9tiques japonais, Cl\u00e9 de Peau Beaut\u00e9. L\u2019actrice est le nouveau visage de la marque qui a partag\u00e9 plusieurs\u00a0<a href=\"https:\/\/www.instagram.com\/reel\/DMgooNdSOp8\/?utm_source=ig_web_copy_link&amp;igsh=MzRlODBiNWFlZA==\" target=\"_blank\" rel=\"sponsored noopener\" data-gtm-custom-categorie=\"navigation\" data-gtm-custom-action=\"crossclick\" data-gtm-custom-label=\"Contextuel\" data-gtm-event=\"customEventSPE\">vid\u00e9os sur Instagram<\/a>\u00a0mettant en avant leur \u00e9g\u00e9rie. Apr\u00e8s avoir publi\u00e9 plusieurs extraits annon\u00e7ant avoir choisi une nouvelle ambassadrice, vendredi 25 juillet le visage de Nicole Kidman est apparu dans la vid\u00e9o finale. Mais l\u2019actrice de Eyes Wide Shut n\u2019\u00e9tait pas seule sur les images en noir et blanc. En effet, elle \u00e9tait accompagn\u00e9e de\u00a0<a href=\"http:\/\/madame.lefigaro.fr\/celebrites\/actu-people\/complicite-et-regards-tendres-nicole-kidman-s-offre-une-rare-apparition-mondaine-avec-sa-fille-faith-20241205\" data-fig-type=\"Article\" data-gtm-custom-categorie=\"navigation\" data-gtm-custom-action=\"crossclick\" data-gtm-custom-label=\"Contextuel\" data-gtm-event=\"customEventSPE\" data-fig-domain=\"MADAME\" target=\"_blank\" rel=\"noopener\">sa fille Faith<\/a>\u00a0(14 ans), issue de\u00a0<a href=\"http:\/\/madame.lefigaro.fr\/celebrites\/actu-people\/pour-toujours-et-en-serenade-nicole-kidman-celebre-son-anniversaire-de-mariage-avec-keith-urban-sur-instagram-20240626\" data-fig-type=\"Article\" data-gtm-custom-categorie=\"navigation\" data-gtm-custom-action=\"crossclick\" data-gtm-custom-label=\"Contextuel\" data-gtm-event=\"customEventSPE\" data-fig-domain=\"MADAME\" target=\"_blank\" rel=\"noopener\">son mariage avec Keith Urban.<\/a>\u00a0Sur la vid\u00e9o, m\u00e8re et fille se prennent dans les bras et d\u00e9voilent leur touchante complicit\u00e9. \u00abDans \u201cLa cl\u00e9 de l\u2019\u00e9clat, c\u2019est vous\u201d, notre nouvelle ambassadrice mondiale, Nicole Kidman, exprime de mani\u00e8re cr\u00e9ative la d\u00e9finition en constante \u00e9volution de l\u2019\u00e9clat\u00bb, \u00e9crit Cl\u00e9 de Peau Beaut\u00e9 en l\u00e9gende de la vid\u00e9o.<\/p>\n<p class=\"fig-body-link&#10;    \">\n            \u00c0 lire aussi<br \/>\n        <a class=\"fig-body-link__link\" href=\"http:\/\/madame.lefigaro.fr\/celebrites\/actu-people\/en-vieillissant-je-pense-qu-on-commence-vraiment-a-s-epanouir-nicole-kidman-evoque-son-rapport-a-l-age-et-au-temps-qui-passe-20250523\" data-fig-type=\"Article\" data-gtm-custom-categorie=\"navigation\" data-gtm-custom-action=\"crossclick\" data-gtm-custom-label=\"Contextuel\" data-gtm-event=\"customEventSPE\" data-fig-domain=\"MADAME\" target=\"_blank\" rel=\"noopener\">\u00abEn vieillissant, je pense qu\u2019on commence vraiment \u00e0 s\u2019\u00e9panouir\u00bb\u00a0: Nicole Kidman \u00e9voque son rapport \u00e0 l\u2019\u00e2ge et au temps qui passe<\/a>\n<\/p>\n<p>\u00abC\u2019est mon b\u00e9b\u00e9\u00bb<\/p>\n<p class=\"fig-paragraph\">Collaborer avec sa plus jeune fille sur cette campagne publicitaire \u00e9tait un v\u00e9ritable instant de bonheur pour Nicole Kidman. C\u2019est ce qu\u2019elle a notamment confi\u00e9 \u00e0\u00a0<a href=\"https:\/\/people.com\/nicole-kidman-cle-de-peau-beaute-campaign-exclusive-interview-11778631\" target=\"_blank\" rel=\"sponsored noopener\" data-gtm-custom-categorie=\"navigation\" data-gtm-custom-action=\"crossclick\" data-gtm-custom-label=\"Contextuel\" data-gtm-event=\"customEventSPE\">People.<\/a>\u00a0\u00abMon autre fille (Sunday Rose, 17 ans) est mannequin maintenant, alors quand ils m\u2019ont dit\u00a0: \u201cFaith serait-elle partante pour participer avec toi\u00a0?\u201d, je lui ai propos\u00e9\u00a0: \u201cFaith, tu veux participer\u00a0?\u201d. Et elle m\u2019a r\u00e9pondu\u00a0: \u201cOui\u201d\u00bb, a racont\u00e9\u00a0<a href=\"http:\/\/madame.lefigaro.fr\/celebrites\/actu-people\/nicole-kidman-s-accroche-a-l-espoir-de-voir-ses-enfants-avec-tom-cruise-assister-a-une-remise-de-prix-en-son-honneur-20230606\" data-fig-type=\"Article\" data-gtm-custom-categorie=\"navigation\" data-gtm-custom-action=\"crossclick\" data-gtm-custom-label=\"Contextuel\" data-gtm-event=\"customEventSPE\" data-fig-domain=\"MADAME\" target=\"_blank\" rel=\"noopener\">l\u2019ex-femme de Tom Cruise<\/a>. M\u00e8re et fille ont donc travaill\u00e9 sur ce projet main dans la main. \u00abNous avons donc pris l\u2019avion ensemble et nous avons pu nous amuser sur le plateau. C\u2019\u00e9tait une exp\u00e9rience magique, comme un r\u00eave, et j\u2019esp\u00e8re que les gens le ressentiront lorsqu\u2019ils verront la campagne\u00bb, a expliqu\u00e9 Nicole Kidman. \u00abC\u2019est mon b\u00e9b\u00e9, et c\u2019\u00e9tait une fa\u00e7on adorable de l\u2019immortaliser \u00e0 14 ans. C\u2019\u00e9tait l\u2019un de ces moments o\u00f9 l\u2019on se dit\u00a0: \u201cCe n\u2019est pas un travail. C\u2019est en fait un cadeau\u201d.\u00bb La jeune Faith serait-elle pr\u00eate \u00e0 suivre les traces de sa grande s\u0153ur\u00a0? Il est encore un peu t\u00f4t pour le dire.<\/p>\n<p>                                        <script async src=\"\/\/www.instagram.com\/embed.js\"><\/script><\/p>\n","protected":false},"excerpt":{"rendered":"Nouveau visage de la marque japonaise Cl\u00e9 de Peau Beaut\u00e9, l\u2019actrice Nicole Kidman appara\u00eet avec sa plus jeune&hellip;\n","protected":false},"author":2,"featured_media":276947,"comment_status":"","ping_status":"","sticky":false,"template":"","format":"standard","meta":{"footnotes":""},"categories":[1359],"tags":[58,1719,59,1011,27,41626,973],"class_list":{"0":"post-276946","1":"post","2":"type-post","3":"status-publish","4":"format-standard","5":"has-post-thumbnail","7":"category-people","8":"tag-divertissement","9":"tag-enfants","10":"tag-entertainment","11":"tag-fr","12":"tag-france","13":"tag-nicole-kidman","14":"tag-people"},"share_on_mastodon":{"url":"https:\/\/pubeurope.com\/@fr\/114924100487421623","error":""},"_links":{"self":[{"href":"https:\/\/www.europesays.com\/fr\/wp-json\/wp\/v2\/posts\/276946","targetHints":{"allow":["GET"]}}],"collection":[{"href":"https:\/\/www.europesays.com\/fr\/wp-json\/wp\/v2\/posts"}],"about":[{"href":"https:\/\/www.europesays.com\/fr\/wp-json\/wp\/v2\/types\/post"}],"author":[{"embeddable":true,"href":"https:\/\/www.europesays.com\/fr\/wp-json\/wp\/v2\/users\/2"}],"replies":[{"embeddable":true,"href":"https:\/\/www.europesays.com\/fr\/wp-json\/wp\/v2\/comments?post=276946"}],"version-history":[{"count":0,"href":"https:\/\/www.europesays.com\/fr\/wp-json\/wp\/v2\/posts\/276946\/revisions"}],"wp:featuredmedia":[{"embeddable":true,"href":"https:\/\/www.europesays.com\/fr\/wp-json\/wp\/v2\/media\/276947"}],"wp:attachment":[{"href":"https:\/\/www.europesays.com\/fr\/wp-json\/wp\/v2\/media?parent=276946"}],"wp:term":[{"taxonomy":"category","embeddable":true,"href":"https:\/\/www.europesays.com\/fr\/wp-json\/wp\/v2\/categories?post=276946"},{"taxonomy":"post_tag","embeddable":true,"href":"https:\/\/www.europesays.com\/fr\/wp-json\/wp\/v2\/tags?post=276946"}],"curies":[{"name":"wp","href":"https:\/\/api.w.org\/{rel}","templated":true}]}}