{"id":276948,"date":"2025-07-27T07:49:10","date_gmt":"2025-07-27T07:49:10","guid":{"rendered":"https:\/\/www.europesays.com\/fr\/276948\/"},"modified":"2025-07-27T07:49:10","modified_gmt":"2025-07-27T07:49:10","slug":"visite-guidee-au-coeur-de-la-maison-de-monet","status":"publish","type":"post","link":"https:\/\/www.europesays.com\/fr\/276948\/","title":{"rendered":"visite guid\u00e9e au c\u0153ur de la maison de Monet"},"content":{"rendered":"<p>Giverny: visite guid\u00e9e au c\u0153ur de la maison de MonetSur le m\u00eame sujet<a href=\"https:\/\/www.bfmtv.com\/culture\/video-giverny-visite-guidee-au-c-ur-de-la-maison-de-monet_VN-202507270059.html\" title=\"Giverny: visite guid\u00e9e au c\u0153ur de la maison de Monet\" rel=\"nofollow noopener\" target=\"_blank\"><img width=\"16\" height=\"9\" class=\"lozad\"  alt=\"Giverny: visite guid\u00e9e au c\u0153ur de la maison de Monet\"\/>en lectureGiverny: visite guid\u00e9e au c\u0153ur de la maison de Monet<\/a><a href=\"https:\/\/www.bfmtv.com\/international\/video-la-maison-blanche-vexee-par-un-episode-de-south-park-se-moquant-ouvertement-de-donald-trump_VN-202507260180.html\" title=\" La Maison Blanche vex\u00e9e par un \u00e9pisode de &quot;South Park&quot; se moquant ouvertement de Donald Trump  \" rel=\"nofollow noopener\" target=\"_blank\"><img width=\"16\" height=\"9\" class=\"lozad\"  alt=\" La Maison Blanche vex\u00e9e par un \u00e9pisode de &quot;South Park&quot; se moquant ouvertement de Donald Trump  \"\/>0:59La Maison Blanche vex\u00e9e par un \u00e9pisode de \u00ab\u00a0South Park\u00a0\u00bb se moquant ouvertement de Donald Trump<\/a><a href=\"https:\/\/www.bfmtv.com\/replay-emissions\/culture-et-vous\/video-tina-arena-nous-raconte-le-secret-de-son-tube-aller-plus-haut_VN-202507260075.html\" title=\"Tina Arena nous raconte le secret de son tube &quot;Aller plus haut&quot;\" rel=\"nofollow noopener\" target=\"_blank\"><img width=\"16\" height=\"9\" class=\"lozad\"  alt=\"Tina Arena nous raconte le secret de son tube &quot;Aller plus haut&quot;\"\/>2:53Tina Arena nous raconte le secret de son tube \u00ab\u00a0Aller plus haut\u00a0\u00bb<\/a><a href=\"https:\/\/www.bfmtv.com\/culture\/video-des-randonneurs-ont-eu-la-bonne-surprise-de-tomber-sur-le-decor-du-prochain-hunger-games-en-pleine-promenade-au-nord-de-l-espagne_VN-202507250437.html\" title=\"Des randonneurs ont eu la bonne surprise de tomber sur le d\u00e9cor du prochain \u201cHunger Games\u201d, en pleine promenade au nord de l&#039;Espagne\" rel=\"nofollow noopener\" target=\"_blank\"><img width=\"16\" height=\"9\" class=\"lozad\"  alt=\"Des randonneurs ont eu la bonne surprise de tomber sur le d\u00e9cor du prochain \u201cHunger Games\u201d, en pleine promenade au nord de l'Espagne\"\/>1:30Des randonneurs ont eu la bonne surprise de tomber sur le d\u00e9cor du prochain \u201cHunger Games\u201d, en pleine promenade au nord de l&rsquo;Espagne<\/a><a href=\"https:\/\/www.bfmtv.com\/culture\/video-bulles-structures-gonflables-et-jeux-de-lumieres-l-exposition-euphoria-investit-le-grand-palais_VN-202507250094.html\" title=\"Bulles, structures gonflables et jeux de lumi\u00e8res, l&#039;exposition &quot;Euphoria&quot; investit le Grand Palais\" rel=\"nofollow noopener\" target=\"_blank\"><img width=\"16\" height=\"9\" class=\"lozad\"  alt=\"Bulles, structures gonflables et jeux de lumi\u00e8res, l'exposition &quot;Euphoria&quot; investit le Grand Palais\"\/>1:31Bulles, structures gonflables et jeux de lumi\u00e8res, l&rsquo;exposition \u00ab\u00a0Euphoria\u00a0\u00bb investit le Grand Palais<\/a><a href=\"https:\/\/www.bfmtv.com\/replay-emissions\/premiere-edition-6h-8h30\/video-les-cinemas-en-plein-air-ont-le-vent-en-poupe_VN-202507240087.html\" title=\"Les cin\u00e9mas en plein air ont le vent en poupe\" rel=\"nofollow noopener\" target=\"_blank\"><img width=\"16\" height=\"9\" class=\"lozad\"  alt=\"Les cin\u00e9mas en plein air ont le vent en poupe\"\/>1:24Les cin\u00e9mas en plein air ont le vent en poupe<\/a><a href=\"https:\/\/www.bfmtv.com\/replay-emissions\/premiere-edition-6h-8h30\/video-la-ministre-de-la-culture-rachida-dati-attendue-au-festival-d-avignon_VN-202507240079.html\" title=\"La ministre de la Culture Rachida Dati attendue au Festival d\u2019Avignon\" rel=\"nofollow noopener\" target=\"_blank\"><img width=\"16\" height=\"9\" class=\"lozad\"  alt=\"La ministre de la Culture Rachida Dati attendue au Festival d\u2019Avignon\"\/>1:00La ministre de la Culture Rachida Dati attendue au Festival d\u2019Avignon<\/a><a href=\"https:\/\/www.bfmtv.com\/culture\/video-omnipresent-sur-le-grand-ecran-comment-l-acteur-pedro-pascal-a-conquis-le-monde_VN-202507230534.html\" title=\" Omnipr\u00e9sent sur le grand \u00e9cran, comment l&#039;acteur Pedro Pascal a conquis le monde \" rel=\"nofollow noopener\" target=\"_blank\"><img width=\"16\" height=\"9\" class=\"lozad\"  alt=\" Omnipr\u00e9sent sur le grand \u00e9cran, comment l'acteur Pedro Pascal a conquis le monde \"\/>1:05Omnipr\u00e9sent sur le grand \u00e9cran, comment l&rsquo;acteur Pedro Pascal a conquis le monde<\/a><a href=\"https:\/\/www.bfmtv.com\/international\/video-affaire-epstein-pour-tristan-cabello-politologue-specialiste-des-etats-unis-c-est-le-trumpisme-qui-se-cannibalise-lui-meme_VN-202507230225.html\" title=\"Affaire Epstein: pour Tristan Cabello, politologue sp\u00e9cialiste des \u00c9tats-Unis, &quot;c&#039;est le trumpisme qui se cannibalise lui-m\u00eame&quot;\" rel=\"nofollow noopener\" target=\"_blank\"><img width=\"16\" height=\"9\" class=\"lozad\"  alt=\"Affaire Epstein: pour Tristan Cabello, politologue sp\u00e9cialiste des \u00c9tats-Unis, &quot;c'est le trumpisme qui se cannibalise lui-m\u00eame&quot;\"\/>1:45Affaire Epstein: pour Tristan Cabello, politologue sp\u00e9cialiste des \u00c9tats-Unis, \u00ab\u00a0c&rsquo;est le trumpisme qui se cannibalise lui-m\u00eame\u00a0\u00bb<\/a><a href=\"https:\/\/www.bfmtv.com\/international\/video-affaire-epstein-le-narratif-n-est-plus-du-tout-maitrise-par-la-maison-blanche-explique-cecile-coquet-mokoko-professeure-de-civilisation-americaine_VN-202507230182.html\" title=\"Affaire Epstein: &quot;Le narratif n&#039;est plus du tout ma\u00eetris\u00e9 par la Maison Blanche&quot; explique C\u00e9cile Coquet-Mokoko, professeure de civilisation am\u00e9ricaine  \" rel=\"nofollow noopener\" target=\"_blank\"><img width=\"16\" height=\"9\" class=\"lozad\"  alt=\"Affaire Epstein: &quot;Le narratif n'est plus du tout ma\u00eetris\u00e9 par la Maison Blanche&quot; explique C\u00e9cile Coquet-Mokoko, professeure de civilisation am\u00e9ricaine  \"\/>0:46Affaire Epstein: \u00ab\u00a0Le narratif n&rsquo;est plus du tout ma\u00eetris\u00e9 par la Maison Blanche\u00a0\u00bb explique C\u00e9cile Coquet-Mokoko, professeure de civilisation am\u00e9ricaine<\/a><a href=\"https:\/\/www.bfmtv.com\/culture\/video-marvel-signe-le-retour-des-4-fantastiques-avec-pedro-pascal-et-vanessa-kirby-notamment_VN-202507230098.html\" title=\"Marvel signe le retour des 4 Fantastiques, avec Pedro Pascal et Vanessa Kirby notamment\" rel=\"nofollow noopener\" target=\"_blank\"><img width=\"16\" height=\"9\" class=\"lozad\"  alt=\"Marvel signe le retour des 4 Fantastiques, avec Pedro Pascal et Vanessa Kirby notamment\"\/>1:39Marvel signe le retour des 4 Fantastiques, avec Pedro Pascal et Vanessa Kirby notamment<\/a><a href=\"https:\/\/www.bfmtv.com\/culture\/video-ozzy-osbourne-monstre-sacre-du-heavy-metal-est-mort-a-l-age-de-76-ans_VN-202507230054.html\" title=\"Ozzy Osbourne, monstre sacr\u00e9 du heavy metal, est mort \u00e0 l&#039;\u00e2ge de 76 ans\" rel=\"nofollow noopener\" target=\"_blank\"><img width=\"16\" height=\"9\" class=\"lozad\"  alt=\"Ozzy Osbourne, monstre sacr\u00e9 du heavy metal, est mort \u00e0 l'\u00e2ge de 76 ans\"\/>1:24Ozzy Osbourne, monstre sacr\u00e9 du heavy metal, est mort \u00e0 l&rsquo;\u00e2ge de 76 ans<\/a><a href=\"https:\/\/www.bfmtv.com\/replay-emissions\/premiere-edition-6h-8h30\/video-vacances-d-ete-un-moment-propice-pour-la-lecture_VN-202507220091.html\" title=\"Vacances d&#039;\u00e9t\u00e9: un moment propice pour la lecture\" rel=\"nofollow noopener\" target=\"_blank\"><img width=\"16\" height=\"9\" class=\"lozad\"  alt=\"Vacances d'\u00e9t\u00e9: un moment propice pour la lecture\"\/>1:34Vacances d&rsquo;\u00e9t\u00e9: un moment propice pour la lecture<\/a><a href=\"https:\/\/www.bfmtv.com\/culture\/video-le-youtubeur-inoxtag-ovationne-a-son-arrivee-en-martinique-apres-11-jours-de-traversee-de-l-atlantique_VN-202507210339.html\" title=\" Le youtubeur Inoxtag ovationn\u00e9 \u00e0 son arriv\u00e9e en Martinique apr\u00e8s 11 jours de travers\u00e9e de l\u2019Atlantique \" rel=\"nofollow noopener\" target=\"_blank\"><img width=\"16\" height=\"9\" class=\"lozad\"  alt=\" Le youtubeur Inoxtag ovationn\u00e9 \u00e0 son arriv\u00e9e en Martinique apr\u00e8s 11 jours de travers\u00e9e de l\u2019Atlantique \"\/>0:56Le youtubeur Inoxtag ovationn\u00e9 \u00e0 son arriv\u00e9e en Martinique apr\u00e8s 11 jours de travers\u00e9e de l\u2019Atlantique<\/a><a class=\"jumpToVideo\" target=\"_blank\"><img class=\"thumbnailPreview\"\/><\/a><\/p>\n","protected":false},"excerpt":{"rendered":"Giverny: visite guid\u00e9e au c\u0153ur de la maison de MonetSur le m\u00eame sujeten lectureGiverny: visite guid\u00e9e au c\u0153ur&hellip;\n","protected":false},"author":2,"featured_media":276949,"comment_status":"","ping_status":"","sticky":false,"template":"","format":"standard","meta":{"footnotes":""},"categories":[1358],"tags":[1348,1384,1385,1386,58,59,1011,27],"class_list":{"0":"post-276948","1":"post","2":"type-post","3":"status-publish","4":"format-standard","5":"has-post-thumbnail","7":"category-arts-et-design","8":"tag-arts","9":"tag-arts-and-design","10":"tag-arts-et-design","11":"tag-design","12":"tag-divertissement","13":"tag-entertainment","14":"tag-fr","15":"tag-france"},"share_on_mastodon":{"url":"https:\/\/pubeurope.com\/@fr\/114924104177532280","error":""},"_links":{"self":[{"href":"https:\/\/www.europesays.com\/fr\/wp-json\/wp\/v2\/posts\/276948","targetHints":{"allow":["GET"]}}],"collection":[{"href":"https:\/\/www.europesays.com\/fr\/wp-json\/wp\/v2\/posts"}],"about":[{"href":"https:\/\/www.europesays.com\/fr\/wp-json\/wp\/v2\/types\/post"}],"author":[{"embeddable":true,"href":"https:\/\/www.europesays.com\/fr\/wp-json\/wp\/v2\/users\/2"}],"replies":[{"embeddable":true,"href":"https:\/\/www.europesays.com\/fr\/wp-json\/wp\/v2\/comments?post=276948"}],"version-history":[{"count":0,"href":"https:\/\/www.europesays.com\/fr\/wp-json\/wp\/v2\/posts\/276948\/revisions"}],"wp:featuredmedia":[{"embeddable":true,"href":"https:\/\/www.europesays.com\/fr\/wp-json\/wp\/v2\/media\/276949"}],"wp:attachment":[{"href":"https:\/\/www.europesays.com\/fr\/wp-json\/wp\/v2\/media?parent=276948"}],"wp:term":[{"taxonomy":"category","embeddable":true,"href":"https:\/\/www.europesays.com\/fr\/wp-json\/wp\/v2\/categories?post=276948"},{"taxonomy":"post_tag","embeddable":true,"href":"https:\/\/www.europesays.com\/fr\/wp-json\/wp\/v2\/tags?post=276948"}],"curies":[{"name":"wp","href":"https:\/\/api.w.org\/{rel}","templated":true}]}}